{"id":10021,"date":"2024-11-02T19:11:36","date_gmt":"2024-11-02T18:11:36","guid":{"rendered":"https:\/\/serbenidorm.daliisolutions.com\/index.php\/2024\/11\/02\/pepe-mendoza-en-el-primer-vino-que-probe-habia-cosas-que-tocaban-el-corazon\/"},"modified":"2024-11-02T19:11:36","modified_gmt":"2024-11-02T18:11:36","slug":"pepe-mendoza-en-el-primer-vino-que-probe-habia-cosas-que-tocaban-el-corazon","status":"publish","type":"post","link":"https:\/\/serbenidorm.daliisolutions.com\/index.php\/2024\/11\/02\/pepe-mendoza-en-el-primer-vino-que-probe-habia-cosas-que-tocaban-el-corazon\/","title":{"rendered":"Pepe Mendoza: \u00abEn el primer vino que prob\u00e9 hab\u00eda cosas que tocaban el coraz\u00f3n\u00bb"},"content":{"rendered":"  <p><\/p>   <p>Benidorm<\/p>   <p>Alg\u00fan d\u00eda, cuando se analice el tr\u00e1nsito hist\u00f3rico de los vinos alicantinos y valencianos hacia el nivel de excelencia que han alcanzado hoy en d\u00eda, el apellido Mendoza aparecer\u00e1 con letras de oro en esa historia. Desde <a href=\"https:\/\/cadenaser.com\/tag\/lalfas_del_pi\/a\/\" target=\"_blank\" rel=\"noopener\">l\u2019Alf\u00e0s del Pi<\/a>, Enrique Mendoza puso, junto a otros muchos bodegueros de su generaci\u00f3n, los pilares de un crecimiento que sus hijos (y, en algunos casos, nietos) han continuado en las \u00faltimas d\u00e9cadas.<\/p>   <p>Pepe Mendoza es uno de los responsables de ese enorme salto de calidad que han experimentado los caldos locales en las \u00faltimas d\u00e9cadas. Primero, al frente del proyecto familiar y ahora, desde hace casi una d\u00e9cada, comandando \u2018<a href=\"https:\/\/casaagricola.es\/\" rel=\"nofollow noopener\" target=\"_blank\">Casa Agr\u00edcola<\/a>\u2019, una aventura mucho m\u00e1s personal con la que, entre otras muchas cosas, ha querido poner en valor la manera m\u00e1s tradicional de la viticultura alicantina y las uvas m\u00e1s arraigadas al terru\u00f1o.<\/p>   <p>Pepe Mendoza es, adem\u00e1s, un apasionado de su oficio y eso se nota en cada una de sus palabras. Cuando habla de sus vides y de sus vinos lo hace con el mismo amor con el que lo hace un padre orgulloso de los logros de sus hijos.<\/p>   <p>\u201cA los valencianos y a los espa\u00f1oles nos pasa mucho: parece que el jard\u00edn del vecino siempre sea mucho m\u00e1s verde que el tuyo\u201d, analiza Pepe Mendoza en \u2018<a href=\"https:\/\/cadenaser.com\/radio-benidorm\/a-vivir-benidorm\/\" target=\"_blank\" rel=\"noopener\">A Vivir Benidorm<\/a>\u2019 cuando rememora sus propios inicios \u201cen los 90\u201d en el mundo del vino. Fue entonces cuando \u201cbusc\u00e1bamos las soluciones fuera, pero las soluciones al vino mediterr\u00e1neo est\u00e1n en el Mediterr\u00e1neo\u201d.<\/p>   <p>Y uno de los motivos que llevan a Mendoza a esa convicci\u00f3n est\u00e1 en la propia historia del vino, que \u201cnace en Georgia 7.000 a\u00f1os antes de Cristo y lo que muy poca gente sabe es que uno de los yacimientos de vino m\u00e1s antiguo que existen lo tenemos en Alicante, en D\u00e9nia. Es impresionante c\u00f3mo el inicio del cultivo en Europa se inicia en Alicante\u201d.<\/p>   <p>     .c-w{         max-width:444px;         width:100%;         margin:32px auto;      background:#00755E;         border-radius:4px;         display:flex;         align-items:center;         justify-content:center;     }     .c-w a{         display:flex;         align-items:center;         justify-content:center;         padding:4px 24px;     }     .c-w img{         width:24px;         margin-right:12px;     }     .c-w p{         font:18px\/25px Poppins;         text-align:center;         color:#fff;         margin:0;     }     @media (max-width:444px){         .c-w a{             padding:4px 12px;         }         .c-w img{             width:24px;             margin-right:8px;         }         .c-w p{             font:14px\/25px Poppins;         }     }     @media (max-width:335px){         .c-w p{             font:13px\/25px Poppins;         }     }  <div class=\"c-w\">     <a href=\"https:\/\/www.whatsapp.com\/channel\/0029Va633PF9WtC4l7XUzh1e\" target=\"_blank\" rel=\"noopener\">         <img decoding=\"async\" src=\"https:\/\/cadenaser.com\/estaticos\/recursosgraficos\/responsive\/img\/ico-whatsapp.svg\" alt=\"Whatsapp\">         <p>\u00danete al <b>canal de WhatsApp<\/b> de la SER<\/p>     <\/a> <\/div><\/p> ","protected":false},"excerpt":{"rendered":"<p>El viticultor alfasino ha conseguido colocar su proyecto \u2018Casa Agr\u00edcola\u2019 en la \u00e9lite enol\u00f3gica<\/p>\n","protected":false},"author":0,"featured_media":10022,"comment_status":"open","ping_status":"open","sticky":false,"template":"","format":"standard","meta":{"_acf_changed":false,"footnotes":""},"categories":[1],"tags":[],"class_list":["post-10021","post","type-post","status-publish","format-standard","has-post-thumbnail","hentry","category-sin-categoria"],"acf":{"ser_id":"BD3L6GZHAVHMPGKQ3N42S66R6Y","ser_url":"https:\/\/cadenaser.com\/comunitat-valenciana\/2024\/11\/02\/pepe-mendoza-en-el-primer-vino-que-probe-habia-cosas-que-tocaban-el-corazon-radio-benidorm\/"},"_links":{"self":[{"href":"https:\/\/serbenidorm.daliisolutions.com\/index.php\/wp-json\/wp\/v2\/posts\/10021","targetHints":{"allow":["GET"]}}],"collection":[{"href":"https:\/\/serbenidorm.daliisolutions.com\/index.php\/wp-json\/wp\/v2\/posts"}],"about":[{"href":"https:\/\/serbenidorm.daliisolutions.com\/index.php\/wp-json\/wp\/v2\/types\/post"}],"replies":[{"embeddable":true,"href":"https:\/\/serbenidorm.daliisolutions.com\/index.php\/wp-json\/wp\/v2\/comments?post=10021"}],"version-history":[{"count":0,"href":"https:\/\/serbenidorm.daliisolutions.com\/index.php\/wp-json\/wp\/v2\/posts\/10021\/revisions"}],"wp:featuredmedia":[{"embeddable":true,"href":"https:\/\/serbenidorm.daliisolutions.com\/index.php\/wp-json\/wp\/v2\/media\/10022"}],"wp:attachment":[{"href":"https:\/\/serbenidorm.daliisolutions.com\/index.php\/wp-json\/wp\/v2\/media?parent=10021"}],"wp:term":[{"taxonomy":"category","embeddable":true,"href":"https:\/\/serbenidorm.daliisolutions.com\/index.php\/wp-json\/wp\/v2\/categories?post=10021"},{"taxonomy":"post_tag","embeddable":true,"href":"https:\/\/serbenidorm.daliisolutions.com\/index.php\/wp-json\/wp\/v2\/tags?post=10021"}],"curies":[{"name":"wp","href":"https:\/\/api.w.org\/{rel}","templated":true}]}}