{"id":10023,"date":"2024-11-02T19:11:37","date_gmt":"2024-11-02T18:11:37","guid":{"rendered":"https:\/\/serbenidorm.daliisolutions.com\/index.php\/2024\/11\/02\/joan-carles-guillen-las-asociaciones-musicales-somos-importantes-en-la-vida-y-cultura-de-un-pueblo\/"},"modified":"2024-11-02T19:11:37","modified_gmt":"2024-11-02T18:11:37","slug":"joan-carles-guillen-las-asociaciones-musicales-somos-importantes-en-la-vida-y-cultura-de-un-pueblo","status":"publish","type":"post","link":"https:\/\/serbenidorm.daliisolutions.com\/index.php\/2024\/11\/02\/joan-carles-guillen-las-asociaciones-musicales-somos-importantes-en-la-vida-y-cultura-de-un-pueblo\/","title":{"rendered":"Joan Carles Guill\u00e9n: \u00abLas asociaciones musicales somos importantes en la vida y cultura de un pueblo\u00bb"},"content":{"rendered":"  <p><\/p>   <p>Benidorm<\/p>   <p>Este s\u00e1bado deber\u00eda de haber arrancado el ciclo de conciertos y actividades con el que la Societat Filarm\u00f2nica d\u2019Altea va a celebrar la festividad de Santa Cecilia y que culminar\u00e1 el pr\u00f3ximo d\u00eda 7 de diciembre con la celebraci\u00f3n de la 50\u00aa edici\u00f3n del Certamen Internacional de Bandas Villa de Altea. Sin embargo, esa primera representaci\u00f3n ha quedado suspendida en se\u00f1al de luto y respeto por las v\u00edctimas de la DANA que el pasado martes arras\u00f3 buena parte de la provincia de Valencia.<\/p>   <p>Joan Carles Guill\u00e9n, presidente de la Societat Filarm\u00f2nica d\u2019Altea ha pasado por los micr\u00f3fonos de \u2018<a href=\"https:\/\/cadenaser.com\/radio-benidorm\/a-vivir-benidorm\/\">A Vivir Benidorm<\/a>\u2019 para explicar, m\u00e1s all\u00e1 del evento cancelado, el extenso programa de actos previsto as\u00ed como ensalzar el hecho de que once educandos de su entidad vayan a dar el salto este a\u00f1o pasando a formar parte de la banda como m\u00fasicos de pleno derecho.<\/p>   <p><b>Programa de actos completo<\/b><\/p>   <p><li><b>2 de noviembre, 19:30 horas (SUSPENDIDO):<\/b> En el Auditorio del Centro Social de Altea, Concierto de la \u2018Orquestra de Pols i Pua\u2019 de la Societat Filarm\u00f2nica d\u2019Altea.<\/li><li><b>7 de noviembre, a las 17:30horas: <\/b>Inauguraci\u00f3n de la exposici\u00f3n de trompetas Yamaha y charla sobre el mantenimiento y limpieza de los instrumentos en el Conservatorio Profesional de Altea.<\/li><li><b>15 de noviembre, 20:30 horas:<\/b> Concierto en honor a Santa Cecilia a cargo de la \u2018Banda Simf\u00f2nica de la Societat Filarm\u00f2nica d\u2019Altea\u2019 en Palau Altea. Imposici\u00f3n de insignias a los nuevos m\u00fasicos.<\/li><li><b>16 de noviembre, 16:15 horas<\/b>: Desfile y recogida de los nuevos m\u00fasicos para asistir a las 18:30 horas a la Misa en honor a Santa Cecilia, cantada por la Coral de la Societat Filarm\u00f2nica d\u2019Altea, en la Iglesia Parroquial.<\/li><li><b>22 de noviembre, a las 20:00 horas:<\/b> Audici\u00f3n de Trompeta en el sal\u00f3n de Actos de la Societat Filarm\u00f2nica d\u2019Altea.<\/li><li><b>5 de diciembre, 21:00 horas:<\/b> Concierto de la Banda Sinf\u00f3nica Nacional de Colombia, en Palau Altea.<\/li><li><b>6 de diciembre<\/b> (en la sede de la Societat Filarm\u00f2nica d\u2019Altea):<\/li><li><ol><li>De 11:00 a 12:00 horas, actividades y talleres para ni\u00f1os y ni\u00f1as.<\/li><li>De 12:00 a 12:45 horas, taller de percusi\u00f3n corporal con Enric Piiz\u00e0.<\/li><li>A las 12:00 horas, hinchables y zona de juegos.<\/li><\/ol><\/li><\/p> ","protected":false},"excerpt":{"rendered":"<p>La Societat Filarm\u00f2nica d\u2019Altea celebra un ciclo de conciertos en honor a Santa Cecilia que culminar\u00e1n con el Certamen Internacional de Bandas<\/p>\n","protected":false},"author":0,"featured_media":10024,"comment_status":"open","ping_status":"open","sticky":false,"template":"","format":"standard","meta":{"_acf_changed":false,"footnotes":""},"categories":[1],"tags":[],"class_list":["post-10023","post","type-post","status-publish","format-standard","has-post-thumbnail","hentry","category-sin-categoria"],"acf":{"ser_id":"HTGBZ3J46VB53PL7YNGNYQBMAA","ser_url":"https:\/\/cadenaser.com\/comunitat-valenciana\/2024\/11\/02\/joan-carles-guillen-las-asociaciones-musicales-somos-importantes-en-la-vida-y-cultura-de-un-pueblo-radio-benidorm\/"},"_links":{"self":[{"href":"https:\/\/serbenidorm.daliisolutions.com\/index.php\/wp-json\/wp\/v2\/posts\/10023","targetHints":{"allow":["GET"]}}],"collection":[{"href":"https:\/\/serbenidorm.daliisolutions.com\/index.php\/wp-json\/wp\/v2\/posts"}],"about":[{"href":"https:\/\/serbenidorm.daliisolutions.com\/index.php\/wp-json\/wp\/v2\/types\/post"}],"replies":[{"embeddable":true,"href":"https:\/\/serbenidorm.daliisolutions.com\/index.php\/wp-json\/wp\/v2\/comments?post=10023"}],"version-history":[{"count":0,"href":"https:\/\/serbenidorm.daliisolutions.com\/index.php\/wp-json\/wp\/v2\/posts\/10023\/revisions"}],"wp:featuredmedia":[{"embeddable":true,"href":"https:\/\/serbenidorm.daliisolutions.com\/index.php\/wp-json\/wp\/v2\/media\/10024"}],"wp:attachment":[{"href":"https:\/\/serbenidorm.daliisolutions.com\/index.php\/wp-json\/wp\/v2\/media?parent=10023"}],"wp:term":[{"taxonomy":"category","embeddable":true,"href":"https:\/\/serbenidorm.daliisolutions.com\/index.php\/wp-json\/wp\/v2\/categories?post=10023"},{"taxonomy":"post_tag","embeddable":true,"href":"https:\/\/serbenidorm.daliisolutions.com\/index.php\/wp-json\/wp\/v2\/tags?post=10023"}],"curies":[{"name":"wp","href":"https:\/\/api.w.org\/{rel}","templated":true}]}}