{"id":10027,"date":"2024-11-03T17:18:58","date_gmt":"2024-11-03T16:18:58","guid":{"rendered":"https:\/\/serbenidorm.daliisolutions.com\/index.php\/2024\/11\/03\/felipe-orts-subcampeon-de-europa\/"},"modified":"2024-11-03T17:18:58","modified_gmt":"2024-11-03T16:18:58","slug":"felipe-orts-subcampeon-de-europa","status":"publish","type":"post","link":"https:\/\/serbenidorm.daliisolutions.com\/index.php\/2024\/11\/03\/felipe-orts-subcampeon-de-europa\/","title":{"rendered":"Felipe Orts, subcampe\u00f3n de Europa"},"content":{"rendered":"  <p><\/p>   <p>Benidorm<\/p>   <p>Desde que hace tres semanas arrancara su temporada invernal con la octava plaza en el Be-Mine Cross belga, <a href=\"https:\/\/cadenaser.com\/tag\/felipe_orts_lloret\/a\/\">Felipe Orts<\/a> hab\u00eda venido avisando a todo aquel que quisiera escuchar, de su buen estado de forma. Unas palabras que, adem\u00e1s, quedaban luego refrendadas por las buenas actuaciones realizadas en <a href=\"https:\/\/cadenaser.com\/comunitat-valenciana\/2024\/10\/28\/felipe-orts-cierra-su-primera-gira-belga-pensando-en-el-europeo-radio-benidorm\/\">las seis carreras de este primer bloque competitivo que han culminado con una espectacular medalla de plata en el Campeonato de Europa celebrado este domingo en Pontevedra<\/a>.<\/p>   <p>Un subcampeonato cargado de significado y de emoci\u00f3n para el corredor valenciano. Y no s\u00f3lo, evidentemente, por el hecho de haber sido el mejor resultado de toda su carrera deportiva en el \u00e1mbito internacional; sino por el componente emocional que tiene para un deportista valenciano que durante todo el fin de semana luci\u00f3 en su maillot, junto al coraz\u00f3n, un lazo negro en homenaje y recuerdo de las v\u00edctimas de la DANA.<\/p>   <p>Fue en la quinta de las nueve vueltas que configuraron el rapid\u00edsimo Campeonato de Europa de Pontevedra cuando <a href=\"https:\/\/cadenaser.com\/tag\/felipe_orts_lloret\/a\/\">Felipe Orts<\/a>realiz\u00f3 el movimiento que acabar\u00eda desencadenando todo lo que vino despu\u00e9s. Despu\u00e9s de una primera mitad de carrera en la que el jefe de filas de la selecci\u00f3n espa\u00f1ola se dej\u00f3 ver como nunca lo hab\u00eda hecho antes, el de La Vila Joiosa lanz\u00f3 un duro, seco y prometedor cambio de ritmo que, al menos en primera instancia, s\u00f3lo fueron capaces de seguir los belgas Thibau Nys y Eli Iserbyt.<\/p>  <p><p>M\u00e1s informaci\u00f3n<\/p><figure><img loading=\"lazy\" decoding=\"async\" src=\"https:\/\/cadenaser.com\/resizer\/v2\/JG7JZDC7ZFDR3I4VLA2BFQBJ44.jpg?auth=4ae789210bb63555cb9534be18ba18e8501327a9624938a7ad55469376a0f573&amp;quality=70&amp;width=360&amp;height=202&amp;smart=true\" width=\"820\" height=\"621\" \/><\/figure><ul><li><a href=\"https:\/\/cadenaser.com\/tag\/felipe_orts_lloret\/a\/\"><span>Todas las noticias de Felipe Orts<\/span><\/a><\/li><\/ul><\/p>   <p>El tr\u00edo pudo, gracias a ese empuje del espa\u00f1ol, abrir un peque\u00f1\u00edsimo hueco que, por detr\u00e1s, intent\u00f3 cerrar el defensor del t\u00edtulo, Michael Vanthourenthout, hasta que el sentido com\u00fan o las indicaciones desde el box belga le hicieron ver que correr a la caza de dos compa\u00f1eros de equipo s\u00f3lo iba en beneficio del neerland\u00e9s Lars van der Haar (campe\u00f3n en 2015 y 2021), que desde entonces iba a tener que hacer todo el trabajo en solitario.<\/p>   <p>A tres giros para el final de la carrera, Orts y Nys se destaparon de manera definitiva como los m\u00e1s fuertes de la jornada dejando atr\u00e1s a un Iserbyt que, aunque lleg\u00f3 a contactar brevemente con el d\u00fao hispanobelga, no tard\u00f3 en volver a perder contacto y ser alcanzado por el grupo perseguidor, donde se dedic\u00f3 a guardar fuerzas para, al menos, asegurar el bronce final.<\/p>   <p>     .c-w{         max-width:444px;         width:100%;         margin:32px auto;      background:#00755E;         border-radius:4px;         display:flex;         align-items:center;         justify-content:center;     }     .c-w a{         display:flex;         align-items:center;         justify-content:center;         padding:4px 24px;     }     .c-w img{         width:24px;         margin-right:12px;     }     .c-w p{         font:18px\/25px Poppins;         text-align:center;         color:#fff;         margin:0;     }     @media (max-width:444px){         .c-w a{             padding:4px 12px;         }         .c-w img{             width:24px;             margin-right:8px;         }         .c-w p{             font:14px\/25px Poppins;         }     }     @media (max-width:335px){         .c-w p{             font:13px\/25px Poppins;         }     }  <div class=\"c-w\">     <a href=\"https:\/\/www.whatsapp.com\/channel\/0029Va633PF9WtC4l7XUzh1e\" target=\"_blank\" rel=\"noopener\">         <img decoding=\"async\" src=\"https:\/\/cadenaser.com\/estaticos\/recursosgraficos\/responsive\/img\/ico-whatsapp.svg\" alt=\"Whatsapp\">         <p>\u00danete al <b>canal de WhatsApp<\/b> de la SER<\/p>     <\/a> <\/div><\/p>   <p>Thibau Nys, hijo de Sven \u2018El Can\u00edbal\u2019 (hasta la llegada de los Van der Poel y Van Aert, el mejor crosser de la historia) llev\u00f3 a <a href=\"https:\/\/cadenaser.com\/tag\/felipe_orts_lloret\/a\/\">Felipe Orts<\/a>al l\u00edmite en cada secci\u00f3n del circuito gallego tratando de adivinar d\u00f3nde estaba la debilidad de un vilero que parec\u00eda correr sin cadena.<\/p>   <p>Orts, por su parte, evidenciaba que estaba sufriendo como nunca, pero llegados a estas alturas de la jornada, cuando s\u00f3lo restaba una vuelta para pelear por las medallas, nadie ten\u00eda dudas de que el vilero no se iba a bajar del caj\u00f3n del podio. La \u00fanica duda por despejar era la de saber si, pese al evidente sufrimiento que iba mostrando, ser\u00eda capaz de sacar todav\u00eda algo de fuerza para dejar atr\u00e1s a Nys.<\/p>   <p>En el paso por los tablones, uno de los obst\u00e1culos que mejor se le han dado a Orts hist\u00f3ricamente, qued\u00f3 claro que no. Que la plata iba a ser su justo y m\u00e1s que merecido premio. El belga los salt\u00f3 sin desmontar de la bicicleta mientras que el espa\u00f1ol, extra\u00f1\u00edsimo en \u00e9l, desmont\u00f3, signo evidente de verse con las fuerzas al l\u00edmite y de necesitar asegurar lo que ya y ten\u00eda.<\/p>   <p>Finalmente, Thibau Nys se colg\u00f3 el oro y Felipe Orts, que en el podio se se\u00f1al\u00f3 con emoci\u00f3n el lazo negro que le acompa\u00f1\u00f3 durante toda la prueba en recuerdo de los centenares de fallecidos por la DANA, celebr\u00f3 con esa medalla de plata su mejor d\u00eda sobre una bicicleta <a href=\"https:\/\/cadenaser.com\/tag\/ciclocross\/a\/\">desde aquella otra plata, entonces en Sub-23, del Campeonato del Mundo de Bieles<\/a>.<\/p> ","protected":false},"excerpt":{"rendered":"<p>El ciclista de La Vila Joiosa firma la carrera de su vida en Pontevedra<\/p>\n","protected":false},"author":0,"featured_media":10028,"comment_status":"open","ping_status":"open","sticky":false,"template":"","format":"standard","meta":{"_acf_changed":false,"footnotes":""},"categories":[16],"tags":[],"class_list":["post-10027","post","type-post","status-publish","format-standard","has-post-thumbnail","hentry","category-deportes"],"acf":{"ser_id":"XMSHK3H3N5ENLDCG6C6M6F4QRI","ser_url":"https:\/\/cadenaser.com\/comunitat-valenciana\/2024\/11\/03\/felipe-orts-subcampeon-de-europa-radio-benidorm\/"},"_links":{"self":[{"href":"https:\/\/serbenidorm.daliisolutions.com\/index.php\/wp-json\/wp\/v2\/posts\/10027","targetHints":{"allow":["GET"]}}],"collection":[{"href":"https:\/\/serbenidorm.daliisolutions.com\/index.php\/wp-json\/wp\/v2\/posts"}],"about":[{"href":"https:\/\/serbenidorm.daliisolutions.com\/index.php\/wp-json\/wp\/v2\/types\/post"}],"replies":[{"embeddable":true,"href":"https:\/\/serbenidorm.daliisolutions.com\/index.php\/wp-json\/wp\/v2\/comments?post=10027"}],"version-history":[{"count":0,"href":"https:\/\/serbenidorm.daliisolutions.com\/index.php\/wp-json\/wp\/v2\/posts\/10027\/revisions"}],"wp:featuredmedia":[{"embeddable":true,"href":"https:\/\/serbenidorm.daliisolutions.com\/index.php\/wp-json\/wp\/v2\/media\/10028"}],"wp:attachment":[{"href":"https:\/\/serbenidorm.daliisolutions.com\/index.php\/wp-json\/wp\/v2\/media?parent=10027"}],"wp:term":[{"taxonomy":"category","embeddable":true,"href":"https:\/\/serbenidorm.daliisolutions.com\/index.php\/wp-json\/wp\/v2\/categories?post=10027"},{"taxonomy":"post_tag","embeddable":true,"href":"https:\/\/serbenidorm.daliisolutions.com\/index.php\/wp-json\/wp\/v2\/tags?post=10027"}],"curies":[{"name":"wp","href":"https:\/\/api.w.org\/{rel}","templated":true}]}}