{"id":10036,"date":"2024-11-04T08:02:47","date_gmt":"2024-11-04T07:02:47","guid":{"rendered":"https:\/\/serbenidorm.daliisolutions.com\/index.php\/2024\/11\/04\/un-policia-local-rescata-en-altea-a-un-conductor-que-atravesaba-un-paso-inundado\/"},"modified":"2024-11-04T08:02:47","modified_gmt":"2024-11-04T07:02:47","slug":"un-policia-local-rescata-en-altea-a-un-conductor-que-atravesaba-un-paso-inundado","status":"publish","type":"post","link":"https:\/\/serbenidorm.daliisolutions.com\/index.php\/2024\/11\/04\/un-policia-local-rescata-en-altea-a-un-conductor-que-atravesaba-un-paso-inundado\/","title":{"rendered":"Un polic\u00eda local rescata en Altea a un conductor que atravesaba un paso inundado"},"content":{"rendered":"  <p><\/p>   <p>Altea<\/p>   <p>En mitad de la conmoci\u00f3n por la DANA que ha asolado distintos puntos de Espa\u00f1a y especialmente la provincia de Valencia las lluvias han llegado este domingo a primera hora de la tarde a la comarca alicantina de la Marina Baixa provocando la inundaci\u00f3n de algunas de las v\u00edas que suelen estar m\u00e1s afectadas por este tipo de situaciones.<\/p>   <p>Sin embargo, no ha habido que lamentar ning\u00fan incidente destacable m\u00e1s all\u00e1 del rescate de un conductor que atravesaba el paso bajo un puente inundado en Altea. Fuentes municipales han explicado a <a href=\"https:\/\/cadenaser.com\/tag\/benidorm\/a\/\" target=\"_blank\" rel=\"noopener\">Radio Benidorm<\/a> que ese paso, situado en la calle Garganes,<a href=\"https:\/\/cadenaser.com\/tag\/altea\/a\/\" target=\"_blank\" rel=\"noopener\"> estaba se\u00f1alizado y debidamente cortado al tr\u00e1fico<\/a>, lo que no ha evitado que el hombre lo cruzara quedando atrapado en su veh\u00edculo por la crecida del agua.<\/p>   <p><div class=\"oembed twitter\"><blockquote class=\"twitter-tweet\"><p lang=\"es\" dir=\"ltr\">De verdad que la GENTE NO APRENDE!! <br>Localidad: Altea, Alicante <a href=\"https:\/\/t.co\/kDYuqmHYfg\">pic.twitter.com\/kDYuqmHYfg<\/a><\/p>\u2014 Stormyalert (@Stormyalert) <a href=\"https:\/\/twitter.com\/Stormyalert\/status\/1853126606136484015?ref_src=twsrc%5Etfw\">November 3, 2024<\/a><\/blockquote>   <\/div><\/p>   <p>La r\u00e1pida intervenci\u00f3n de un agente de la Polic\u00eda Local, cuya central se encuentra a pocos metros, ha evitado un riesgo mayor. El polic\u00eda se ha lanzado enseguida al rescate y ha arrastrado fuera de la corriente al hombre que se encontraba dentro del coche.<\/p>  <p><p>M\u00e1s informaci\u00f3n<\/p><figure><img loading=\"lazy\" decoding=\"async\" src=\"https:\/\/cadenaser.com\/resizer\/v2\/5Y2AKGFK5ZECNLL4SX3DQTEBMI.jpg?auth=bc92c630d7acffce9a49f61ba6e0d4c1c37eea1f22bc3d3111ebde31acf5085b&amp;quality=70&amp;width=360&amp;height=202&amp;smart=true\" width=\"820\" height=\"621\" \/><\/figure><ul><li><a href=\"https:\/\/cadenaser.com\/comunitat-valenciana\/2024\/10\/31\/un-plan-y-una-advertencia-de-benidorm-frente-a-inundaciones-ningun-sitio-esta-preparado-para-lo-de-valencia-radio-benidorm\/\"><span>Un plan y una advertencia de Benidorm frente a inundaciones: \u00abNing\u00fan sitio est\u00e1 preparado para lo de Valencia\u00bb<\/span><\/a><\/li><\/ul><\/p>   <p>Las precipitaciones en Altea han alcanzado este d\u00eda, seg\u00fan la Agencia Valenciana de Meteorolog\u00eda (Avamet), un registro cercano a los 30 litros por metro cuadrado. Una lluvia concentrada en pocos minutos que tambi\u00e9n se ha dejado sentir a pocos kil\u00f3metros, en Benidorm, donde se han rozado los 28 litros por metro cuadrado.<\/p>   <p>Otra imprudencia en Benidorm<\/p>   <p>En la capital tur\u00edstica de la Comunitat Valenciana se ha dado otra imagen de la imprudencia, la de un hombre cerca del puerto que ha ido a la carrera desde un bar hasta una alcantarilla que rebosaba agua para saltarla por encima ante el aplauso de su escaso p\u00fablico.<\/p>   <p>     .c-w{         max-width:444px;         width:100%;         margin:32px auto;      background:#00755E;         border-radius:4px;         display:flex;         align-items:center;         justify-content:center;     }     .c-w a{         display:flex;         align-items:center;         justify-content:center;         padding:4px 24px;     }     .c-w img{         width:24px;         margin-right:12px;     }     .c-w p{         font:18px\/25px Poppins;         text-align:center;         color:#fff;         margin:0;     }     @media (max-width:444px){         .c-w a{             padding:4px 12px;         }         .c-w img{             width:24px;             margin-right:8px;         }         .c-w p{             font:14px\/25px Poppins;         }     }     @media (max-width:335px){         .c-w p{             font:13px\/25px Poppins;         }     }  <div class=\"c-w\">     <a href=\"https:\/\/www.whatsapp.com\/channel\/0029Va633PF9WtC4l7XUzh1e\" target=\"_blank\" rel=\"noopener\">         <img decoding=\"async\" src=\"https:\/\/cadenaser.com\/estaticos\/recursosgraficos\/responsive\/img\/ico-whatsapp.svg\" alt=\"Whatsapp\">         <p>\u00danete al <b>canal de WhatsApp<\/b> de la SER<\/p>     <\/a> <\/div><\/p>   <p><div class=\"oembed twitter\"><blockquote class=\"twitter-tweet\"><p lang=\"es\" dir=\"ltr\">\ud83d\udcf9 Imprudencia en mitad de la lluvia que ha ca\u00eddo este domingo en Benidorm <a href=\"https:\/\/t.co\/PGXUPjmo61\">pic.twitter.com\/PGXUPjmo61<\/a><\/p>\u2014 Radio Benidorm (@RadioBenidorm) <a href=\"https:\/\/twitter.com\/RadioBenidorm\/status\/1853150168062841128?ref_src=twsrc%5Etfw\">November 3, 2024<\/a><\/blockquote>   <\/div><\/p>   <p>Benidorm y Altea, como el resto de la Marina Baixa, permanecen este domingo en alerta naranja por lluvias y tormentas con posible granizo que podr\u00edan dejar acumulados de agua de consideraci\u00f3n y que han provocado la suspensi\u00f3n de actos como la Fiesta de Halloween de La Nuc\u00eda o la recomendaci\u00f3n de la Polic\u00eda Local de Benidorm para evitar desplazamientos innecesarios.<\/p>   <p>Solidaridad<\/p>   <p>Al margen de estos episodios puntuales, todos los municipios de la comarca se han volcando durante todo el fin de semana recogiendo art\u00edculos de primera necesidad para enviar a las zonas m\u00e1s afectadas por la cat\u00e1strofe de la gota fr\u00eda.<\/p>   <p><div class=\"oembed instagram\"><blockquote class=\"instagram-media\" data-instgrm-captioned data-instgrm-permalink=\"https:\/\/www.instagram.com\/p\/DB6Eyp2o-Uf\/?utm_source=ig_embed&amp;utm_campaign=loading\" data-instgrm-version=\"14\" style=\"background:#FFF;border:0;border-radius:3px;margin: 1px;max-width:658px;min-width:326px;padding:0;width:99.375%;width:-webkit-calc(100% - 2px);width:calc(100% - 2px)\"><div style=\"padding:16px\"> <a href=\"https:\/\/www.instagram.com\/p\/DB6Eyp2o-Uf\/?utm_source=ig_embed&amp;utm_campaign=loading\" style=\"background:#FFFFFF;line-height:0;padding:0 0;text-align:center;text-decoration:none;width:100%\" target=\"_blank\" rel=\"noopener\"> <div style=\"flex-direction: row;align-items: center\"> <div style=\"background-color: #F4F4F4;border-radius: 50%;flex-grow: 0;height: 40px;margin-right: 14px;width: 40px\"><\/div> <div style=\"flex-direction: column;flex-grow: 1;justify-content: center\"> <div style=\"background-color: #F4F4F4;border-radius: 4px;flex-grow: 0;height: 14px;margin-bottom: 6px;width: 100px\"><\/div> <div style=\"background-color: #F4F4F4;border-radius: 4px;flex-grow: 0;height: 14px;width: 60px\"><\/div><\/div><\/div><div style=\"padding: 19% 0\"><\/div> <div style=\"height:50px;margin:0 auto 12px;width:50px\"><\/div><div style=\"padding-top: 8px\"> <div style=\"color:#3897f0;font-family:Arial,sans-serif;font-size:14px;font-style:normal;font-weight:550;line-height:18px\">View this post on Instagram<\/div><\/div><div style=\"padding: 12.5% 0\"><\/div> <div style=\"flex-direction: row;margin-bottom: 14px;align-items: center\"><div> <div style=\"background-color: #F4F4F4;border-radius: 50%;height: 12.5px;width: 12.5px\"><\/div> <div style=\"background-color: #F4F4F4;height: 12.5px;width: 12.5px;flex-grow: 0;margin-right: 14px;margin-left: 2px\"><\/div> <div style=\"background-color: #F4F4F4;border-radius: 50%;height: 12.5px;width: 12.5px\"><\/div><\/div><div style=\"margin-left: 8px\"> <div style=\"background-color: #F4F4F4;border-radius: 50%;flex-grow: 0;height: 20px;width: 20px\"><\/div> <div style=\"width: 0;height: 0;border-top: 2px solid transparent;border-left: 6px solid #f4f4f4;border-bottom: 2px solid transparent\"><\/div><\/div><div style=\"margin-left: auto\"> <div style=\"width: 0px;border-top: 8px solid #F4F4F4;border-right: 8px solid transparent\"><\/div> <div style=\"background-color: #F4F4F4;flex-grow: 0;height: 12px;width: 16px\"><\/div> <div style=\"width: 0;height: 0;border-top: 8px solid #F4F4F4;border-left: 8px solid transparent\"><\/div><\/div><\/div> <div style=\"flex-direction: column;flex-grow: 1;justify-content: center;margin-bottom: 24px\"> <div style=\"background-color: #F4F4F4;border-radius: 4px;flex-grow: 0;height: 14px;margin-bottom: 6px;width: 224px\"><\/div> <div style=\"background-color: #F4F4F4;border-radius: 4px;flex-grow: 0;height: 14px;width: 144px\"><\/div><\/div><\/a><p style=\"color:#c9c8cd;font-family:Arial,sans-serif;font-size:14px;line-height:17px;margin-bottom:0;margin-top:8px;overflow:hidden;padding:8px 0 7px;text-align:center\"><a href=\"https:\/\/www.instagram.com\/p\/DB6Eyp2o-Uf\/?utm_source=ig_embed&amp;utm_campaign=loading\" style=\"color:#c9c8cd;font-family:Arial,sans-serif;font-size:14px;font-style:normal;font-weight:normal;line-height:17px;text-decoration:none\" target=\"_blank\" rel=\"noopener\">A post shared by Benidorm (@ayuntamientodebenidorm)<\/a><\/p><\/div><\/blockquote> <\/div><\/p>   <p>Solo en Benidorm, donde <a href=\"https:\/\/cadenaser.com\/tag\/benidorm\/a\/\" target=\"_blank\" rel=\"noopener\">el Palau d&#8217;Esports L&#8217;Illa ha hecho las veces de muelle de mercanc\u00edas<\/a>, los vecinos y turistas han cargado hasta cuarenta camiones con rumbo a Valencia. De hecho el Ayuntamiento ha llegado a detener puntualmente la recogida en espera de que llegasen nuevas necesidades.<\/p> ","protected":false},"excerpt":{"rendered":"<p>Ha sido el \u00fanico incidente destacable de una lluvia puntualmente fuerte<\/p>\n","protected":false},"author":0,"featured_media":10037,"comment_status":"open","ping_status":"open","sticky":false,"template":"","format":"standard","meta":{"_acf_changed":false,"footnotes":""},"categories":[1],"tags":[],"class_list":["post-10036","post","type-post","status-publish","format-standard","has-post-thumbnail","hentry","category-sin-categoria"],"acf":{"ser_id":"JXVR2ICVLZAJ7JURN3NMWA2EBI","ser_url":"https:\/\/cadenaser.com\/comunitat-valenciana\/2024\/11\/03\/un-policia-local-rescata-en-altea-a-un-conductor-que-atravesaba-un-paso-inundado-radio-benidorm\/"},"_links":{"self":[{"href":"https:\/\/serbenidorm.daliisolutions.com\/index.php\/wp-json\/wp\/v2\/posts\/10036","targetHints":{"allow":["GET"]}}],"collection":[{"href":"https:\/\/serbenidorm.daliisolutions.com\/index.php\/wp-json\/wp\/v2\/posts"}],"about":[{"href":"https:\/\/serbenidorm.daliisolutions.com\/index.php\/wp-json\/wp\/v2\/types\/post"}],"replies":[{"embeddable":true,"href":"https:\/\/serbenidorm.daliisolutions.com\/index.php\/wp-json\/wp\/v2\/comments?post=10036"}],"version-history":[{"count":0,"href":"https:\/\/serbenidorm.daliisolutions.com\/index.php\/wp-json\/wp\/v2\/posts\/10036\/revisions"}],"wp:featuredmedia":[{"embeddable":true,"href":"https:\/\/serbenidorm.daliisolutions.com\/index.php\/wp-json\/wp\/v2\/media\/10037"}],"wp:attachment":[{"href":"https:\/\/serbenidorm.daliisolutions.com\/index.php\/wp-json\/wp\/v2\/media?parent=10036"}],"wp:term":[{"taxonomy":"category","embeddable":true,"href":"https:\/\/serbenidorm.daliisolutions.com\/index.php\/wp-json\/wp\/v2\/categories?post=10036"},{"taxonomy":"post_tag","embeddable":true,"href":"https:\/\/serbenidorm.daliisolutions.com\/index.php\/wp-json\/wp\/v2\/tags?post=10036"}],"curies":[{"name":"wp","href":"https:\/\/api.w.org\/{rel}","templated":true}]}}