{"id":10045,"date":"2024-11-04T14:04:36","date_gmt":"2024-11-04T13:04:36","guid":{"rendered":"https:\/\/serbenidorm.daliisolutions.com\/index.php\/2024\/11\/04\/benidorm-y-la-marina-baixa-se-vuelcan-con-valencia\/"},"modified":"2024-11-04T14:04:36","modified_gmt":"2024-11-04T13:04:36","slug":"benidorm-y-la-marina-baixa-se-vuelcan-con-valencia","status":"publish","type":"post","link":"https:\/\/serbenidorm.daliisolutions.com\/index.php\/2024\/11\/04\/benidorm-y-la-marina-baixa-se-vuelcan-con-valencia\/","title":{"rendered":"Benidorm y la Marina Baixa se vuelcan con Valencia"},"content":{"rendered":"  <p><\/p>   <p>Benidorm<\/p>   <p>Benidorm y el conjunto de la Marina Baixa comienzan la semana como terminaron la anterior: conmocionados por la DANA que ha asolado la provincia de Valencia e intentando ayudar en la medida de lo posible.<\/p>   <p>Camiones con kilos y kilos de art\u00edculos de primera necesidad han partido este fin de semana desde todos los puntos de la comarca. Entre ellos ha estado el <a href=\"https:\/\/cadenaser.com\/tag\/benidorm\/a\/\" target=\"_blank\" rel=\"noopener\">Palau d&#8217;Esports l\u2019Illa de Benidorm<\/a>.<\/p>  <p><p>M\u00e1s informaci\u00f3n<\/p><figure><img loading=\"lazy\" decoding=\"async\" src=\"https:\/\/cadenaser.com\/resizer\/v2\/IQBT5BKUAVD7JINVX2ITGXVKBA.jpeg?auth=a92c3f35b4d0c7d330e0559003c9e15939442db045454fb2d924644e10842688&amp;quality=70&amp;width=360&amp;height=202&amp;smart=true\" width=\"820\" height=\"621\" \/><\/figure><ul><li><a href=\"https:\/\/cadenaser.com\/comunitat-valenciana\/2024\/10\/31\/los-policias-locales-de-benidorm-y-la-marina-baixa-trabajan-en-valencia-se-precisa-mucha-mas-ayuda-radio-benidorm\/\"><span>Hoy por Hoy Benidorm Hoy por Hoy Benidorm Sociedad Los polic\u00edas locales de Benidorm y la Marina Baixa trabajan en Valencia: \u00abSe precisa mucha m\u00e1s ayuda\u00bb<\/span><\/a><\/li><\/ul><\/p>   <p>Este escenario habitual de competiciones deportivas o del Benidorm Fest ha sido durante el s\u00e1bado y el domingo un muelle de mercanc\u00edas al que se acercaban centenares de vecinos y turistas de todas las edades con carros, coches o furgonetas repletos de ayuda que los voluntarios han organizado y cargado en hasta cincuenta camiones.<\/p>   <p>Esa respuesta masiva ha conseguido reunir, solo en Benidorm unos 85.000 litros de agua, m\u00e1s de 30.000 de leche y cientos de kilos de ropa y productos de alimentaci\u00f3n, higiene y limpieza.<\/p>   <p><a href=\"https:\/\/cadenaser.com\/tag\/comarca_la_marina_baixa\/a\/\" target=\"_blank\" rel=\"noopener\">De momento las recogidas se han parado en todos los municipios. Desde la coordinaci\u00f3n de la emergencia explican que ha sido tal la respuesta que lo primero es darle salida a lo que ya ha llegado<\/a>.<\/p>   <p>     .c-w{         max-width:444px;         width:100%;         margin:32px auto;      background:#00755E;         border-radius:4px;         display:flex;         align-items:center;         justify-content:center;     }     .c-w a{         display:flex;         align-items:center;         justify-content:center;         padding:4px 24px;     }     .c-w img{         width:24px;         margin-right:12px;     }     .c-w p{         font:18px\/25px Poppins;         text-align:center;         color:#fff;         margin:0;     }     @media (max-width:444px){         .c-w a{             padding:4px 12px;         }         .c-w img{             width:24px;             margin-right:8px;         }         .c-w p{             font:14px\/25px Poppins;         }     }     @media (max-width:335px){         .c-w p{             font:13px\/25px Poppins;         }     }  <div class=\"c-w\">     <a href=\"https:\/\/www.whatsapp.com\/channel\/0029Va633PF9WtC4l7XUzh1e\" target=\"_blank\" rel=\"noopener\">         <img decoding=\"async\" src=\"https:\/\/cadenaser.com\/estaticos\/recursosgraficos\/responsive\/img\/ico-whatsapp.svg\" alt=\"Whatsapp\">         <p>\u00danete al <b>canal de WhatsApp<\/b> de la SER<\/p>     <\/a> <\/div><\/p> ","protected":false},"excerpt":{"rendered":"<p>Recogidas de art\u00edculos de primera necesidad y env\u00edo de polic\u00edas locales protagonizan la ola de solidaridad<\/p>\n","protected":false},"author":0,"featured_media":10046,"comment_status":"open","ping_status":"open","sticky":false,"template":"","format":"standard","meta":{"_acf_changed":false,"footnotes":""},"categories":[1],"tags":[],"class_list":["post-10045","post","type-post","status-publish","format-standard","has-post-thumbnail","hentry","category-sin-categoria"],"acf":{"ser_id":"AMMVH2STDVH75EMJRC6OMMLKI4","ser_url":"https:\/\/cadenaser.com\/comunitat-valenciana\/2024\/11\/04\/benidorm-y-la-marina-baixa-se-vuelcan-con-valencia-radio-benidorm\/"},"_links":{"self":[{"href":"https:\/\/serbenidorm.daliisolutions.com\/index.php\/wp-json\/wp\/v2\/posts\/10045","targetHints":{"allow":["GET"]}}],"collection":[{"href":"https:\/\/serbenidorm.daliisolutions.com\/index.php\/wp-json\/wp\/v2\/posts"}],"about":[{"href":"https:\/\/serbenidorm.daliisolutions.com\/index.php\/wp-json\/wp\/v2\/types\/post"}],"replies":[{"embeddable":true,"href":"https:\/\/serbenidorm.daliisolutions.com\/index.php\/wp-json\/wp\/v2\/comments?post=10045"}],"version-history":[{"count":0,"href":"https:\/\/serbenidorm.daliisolutions.com\/index.php\/wp-json\/wp\/v2\/posts\/10045\/revisions"}],"wp:featuredmedia":[{"embeddable":true,"href":"https:\/\/serbenidorm.daliisolutions.com\/index.php\/wp-json\/wp\/v2\/media\/10046"}],"wp:attachment":[{"href":"https:\/\/serbenidorm.daliisolutions.com\/index.php\/wp-json\/wp\/v2\/media?parent=10045"}],"wp:term":[{"taxonomy":"category","embeddable":true,"href":"https:\/\/serbenidorm.daliisolutions.com\/index.php\/wp-json\/wp\/v2\/categories?post=10045"},{"taxonomy":"post_tag","embeddable":true,"href":"https:\/\/serbenidorm.daliisolutions.com\/index.php\/wp-json\/wp\/v2\/tags?post=10045"}],"curies":[{"name":"wp","href":"https:\/\/api.w.org\/{rel}","templated":true}]}}