{"id":10047,"date":"2024-11-04T14:04:37","date_gmt":"2024-11-04T13:04:37","guid":{"rendered":"https:\/\/serbenidorm.daliisolutions.com\/index.php\/2024\/11\/04\/la-justicia-perdona-una-deuda-de-68-000-euros-a-un-vecino-de-la-nucia-con-la-ley-de-segunda-oportunidad\/"},"modified":"2024-11-04T14:04:37","modified_gmt":"2024-11-04T13:04:37","slug":"la-justicia-perdona-una-deuda-de-68-000-euros-a-un-vecino-de-la-nucia-con-la-ley-de-segunda-oportunidad","status":"publish","type":"post","link":"https:\/\/serbenidorm.daliisolutions.com\/index.php\/2024\/11\/04\/la-justicia-perdona-una-deuda-de-68-000-euros-a-un-vecino-de-la-nucia-con-la-ley-de-segunda-oportunidad\/","title":{"rendered":"La Justicia perdona una deuda de 68.000 euros a un vecino de La Nucia con la Ley de Segunda Oportunidad"},"content":{"rendered":"  <p><\/p>   <p>La Nuc\u00eda<\/p>   <p>Un nuevo ejemplo de aplicaci\u00f3n de la Ley de Segunda Oportunidad. El Juzgado Mercantil de Alicante ha perdonado una deuda de 67.898 euros a un vecino de La Nucia cuya situaci\u00f3n de insolvencia se origin\u00f3 con una empresa que su padrastro puso a su nombre y quebr\u00f3 provocando deudas con la Seguridad Social.<\/p>   <p>La insolvencia del hombre, explican desde su despacho de abogados, fue el resultado de una serie de circunstancias econ\u00f3micas y personales que golpearon su estabilidad financiera de manera significativa. En el a\u00f1o 1991 trabajaba en el campo en C\u00f3rdoba y sufri\u00f3 una grave lesi\u00f3n en una pierna que le dej\u00f3 secuelas de por vida. <\/p>   <p><a href=\"https:\/\/cadenaser.com\/tag\/la_nucia\/a\/\" target=\"_blank\" rel=\"noopener\">En el 1996 su padrastro le puso como administrador social de una empresa de transportes, pero quebr\u00f3 y sin que \u00e9l lo supiera no hizo frente a las cuotas pendientes con la Seguridad Social, por lo que se le exigi\u00f3 la cuant\u00eda pendiente<\/a>.<\/p>   <p>Por ello, el hombre comenta que \u00abtoda esa situaci\u00f3n inicial se ha ido arrastrando a lo largo de los a\u00f1os e hizo que mi vida fuera un aut\u00e9ntico calvario\u00bb. Y es que, tras varios a\u00f1os su estado de salud empeor\u00f3. As\u00ed, en el 2013 \u00e9l y su mujer, junto a sus dos hijos, decidieron trasladarse a Alicante en busca de una mejor calidad de vida. <\/p>  <p><p>M\u00e1s informaci\u00f3n<\/p><figure><img loading=\"lazy\" decoding=\"async\" src=\"https:\/\/cadenaser.com\/resizer\/v2\/IQBT5BKUAVD7JINVX2ITGXVKBA.jpeg?auth=a92c3f35b4d0c7d330e0559003c9e15939442db045454fb2d924644e10842688&amp;quality=70&amp;width=360&amp;height=202&amp;smart=true\" width=\"820\" height=\"621\" \/><\/figure><ul><li><a href=\"https:\/\/cadenaser.com\/comunitat-valenciana\/2024\/10\/31\/los-policias-locales-de-benidorm-y-la-marina-baixa-trabajan-en-valencia-se-precisa-mucha-mas-ayuda-radio-benidorm\/\"><span>Los polic\u00edas locales de Benidorm y la Marina Baixa trabajan en Valencia: \u00abSe precisa mucha m\u00e1s ayuda\u00bb<\/span><\/a><\/li><\/ul><\/p>   <p>\u00abNos fuimos con 50 euros en la cartera y un coche viejo, pero quer\u00edamos encontrar un lugar mejor y con un trabajo donde yo no sufriera. Adem\u00e1s, deb\u00eda dinero a mi familia porque me lo hab\u00edan tenido que dejar para subsistir y se lo quer\u00eda devolver como fuese\u00bb, se\u00f1ala<\/p>   <p>     .c-w{         max-width:444px;         width:100%;         margin:32px auto;      background:#00755E;         border-radius:4px;         display:flex;         align-items:center;         justify-content:center;     }     .c-w a{         display:flex;         align-items:center;         justify-content:center;         padding:4px 24px;     }     .c-w img{         width:24px;         margin-right:12px;     }     .c-w p{         font:18px\/25px Poppins;         text-align:center;         color:#fff;         margin:0;     }     @media (max-width:444px){         .c-w a{             padding:4px 12px;         }         .c-w img{             width:24px;             margin-right:8px;         }         .c-w p{             font:14px\/25px Poppins;         }     }     @media (max-width:335px){         .c-w p{             font:13px\/25px Poppins;         }     }  <div class=\"c-w\">     <a href=\"https:\/\/www.whatsapp.com\/channel\/0029Va633PF9WtC4l7XUzh1e\" target=\"_blank\" rel=\"noopener\">         <img decoding=\"async\" src=\"https:\/\/cadenaser.com\/estaticos\/recursosgraficos\/responsive\/img\/ico-whatsapp.svg\" alt=\"Whatsapp\">         <p>\u00danete al <b>canal de WhatsApp<\/b> de la SER<\/p>     <\/a> <\/div><\/p>   <p>A pesar de sus esfuerzos, los trabajos que encontr\u00f3 no lograron mejorar su situaci\u00f3n econ\u00f3mica. De hecho, los ingresos resultaban insuficientes para cubrir los gastos b\u00e1sicos de la familia, lo que le llev\u00f3 a solicitar pr\u00e9stamos en varias ocasiones. Adem\u00e1s, la imposibilidad de mantenerse en una residencia fija debido a los altos costos de alquiler exacerb\u00f3 la situaci\u00f3n.<\/p>   <p>En el 2017 logr\u00f3 un trabajo en un supermercado, pero los problemas financieros persistieron. Adem\u00e1s, su salud continu\u00f3 deterior\u00e1ndose, lo que eventualmente le llev\u00f3 a estar de baja laboral durante un largo periodo de tiempo. \u00abPrimero estuve de camionero, pero ten\u00eda unos dolores insoportables. Debido a eso, la empresa decidi\u00f3 ponerme de cajero, pero tantas horas de pie tambi\u00e9n me pasaron factura. Fueron cinco a\u00f1os muy complicados. Incluso los m\u00e9dicos me dec\u00edan que la situaci\u00f3n era insostenible, pero yo aguantaba para poder tener dinero y hacer frente a las deudas\u00bb, argumenta.<\/p>   <p>En marzo de 2023 se le abri\u00f3 un expediente de incapacidad permanente debido a sus dolencias. \u00abTen\u00eda una buena n\u00f3mina y todo iba para pagar los pr\u00e9stamos y los gastos de la familia, porque la bola de nieve se fue haciendo cada vez m\u00e1s grande. Muestra de eso es que se nos rompi\u00f3 la lavadora y le tuve que pedir dinero a uno de mis hermanos para comprar una y, por otro lado, mis hijos no han podido tener nunca unos buenos zapatos por todos mis problemas econ\u00f3micos\u00bb, indica.<\/p>   <p>En un intento por salir de la espiral de deudas, el a\u00f1o pasado tanto el hombre como su mujer se acogieron al procedimiento de la Ley de la Segunda Oportunidad, pero en aquella ocasi\u00f3n los resultados no fueron favorables para \u00e9l, ya que, por circunstancias ajenas, los anteriores abogados no presentaron la solicitud para la exoneraci\u00f3n del pasivo insatisfecho en el plazo procesal correcto, lo que acab\u00f3 en la conclusi\u00f3n del proceso sin resolver su situaci\u00f3n de deuda.<\/p>   <p>Un concurso de acreedores \u00abpara personas\u00bb<\/p>   <p>Asimismo, el hombre recuerda que \u00abyo sab\u00eda de la existencia de los concursos de acreedores para empresas, pero desconoc\u00eda que tambi\u00e9n hab\u00eda para personas. Me puse a buscar informaci\u00f3n por Internet y di con el foro de Facebook de la Ley de la Segunda Oportunidad que gestiona Marta Bergad\u00e0\u00bb. <\/p>   <p>Tras conocer la decisi\u00f3n de la Justicia, este vecino nuciero comenta que, \u00abrecientemente, tambi\u00e9n me dieron la incapacidad total y junto a la exoneraci\u00f3n del pasivo insatisfecho yo y mi familia vamos a tener una vida m\u00e1s tranquila. Vamos a tener una estabilidad que nunca hab\u00edamos tenido y podremos ofrecer a nuestros hijos lo que no pod\u00edamos. Adem\u00e1s, siempre hab\u00edamos tenido la ilusi\u00f3n de comprarnos una vivienda y ahora sabemos que se puede hacer realidad\u00bb.<\/p>   <p>Por su parte, la abogada Marta Bergad\u00e0 ha concluido que \u00abcada caso tiene unas particularidades y \u00e9ste es un claro ejemplo de que las adversidades pueden llevar a una persona al l\u00edmite. Incluso, estando en absoluta precariedad intent\u00f3 hacer frente a las deudas. Ahora, \u00e9l y su familia podr\u00e1n tener una vida mucho m\u00e1s normal y cumplir con los sue\u00f1os que siempre hab\u00edan tenido pero que nunca se pudieron materializar. Por eso es de gran importancia que la Ley de la Segunda Oportunidad se d\u00e9 a conocer\u00bb.<\/p> ","protected":false},"excerpt":{"rendered":"<p>El padrastro puso a su nombre una empresa de transportes<\/p>\n","protected":false},"author":0,"featured_media":10048,"comment_status":"open","ping_status":"open","sticky":false,"template":"","format":"standard","meta":{"_acf_changed":false,"footnotes":""},"categories":[1],"tags":[],"class_list":["post-10047","post","type-post","status-publish","format-standard","has-post-thumbnail","hentry","category-sin-categoria"],"acf":{"ser_id":"H7JBDEWR6RB3PF7YUEY7RYPILY","ser_url":"https:\/\/cadenaser.com\/comunitat-valenciana\/2024\/11\/04\/la-justicia-perdona-una-deuda-de-casi-68000-euros-a-un-vecino-de-la-nucia-aplicando-la-ley-de-segunda-oportunidad-radio-benidorm\/"},"_links":{"self":[{"href":"https:\/\/serbenidorm.daliisolutions.com\/index.php\/wp-json\/wp\/v2\/posts\/10047","targetHints":{"allow":["GET"]}}],"collection":[{"href":"https:\/\/serbenidorm.daliisolutions.com\/index.php\/wp-json\/wp\/v2\/posts"}],"about":[{"href":"https:\/\/serbenidorm.daliisolutions.com\/index.php\/wp-json\/wp\/v2\/types\/post"}],"replies":[{"embeddable":true,"href":"https:\/\/serbenidorm.daliisolutions.com\/index.php\/wp-json\/wp\/v2\/comments?post=10047"}],"version-history":[{"count":0,"href":"https:\/\/serbenidorm.daliisolutions.com\/index.php\/wp-json\/wp\/v2\/posts\/10047\/revisions"}],"wp:featuredmedia":[{"embeddable":true,"href":"https:\/\/serbenidorm.daliisolutions.com\/index.php\/wp-json\/wp\/v2\/media\/10048"}],"wp:attachment":[{"href":"https:\/\/serbenidorm.daliisolutions.com\/index.php\/wp-json\/wp\/v2\/media?parent=10047"}],"wp:term":[{"taxonomy":"category","embeddable":true,"href":"https:\/\/serbenidorm.daliisolutions.com\/index.php\/wp-json\/wp\/v2\/categories?post=10047"},{"taxonomy":"post_tag","embeddable":true,"href":"https:\/\/serbenidorm.daliisolutions.com\/index.php\/wp-json\/wp\/v2\/tags?post=10047"}],"curies":[{"name":"wp","href":"https:\/\/api.w.org\/{rel}","templated":true}]}}