{"id":10067,"date":"2024-11-05T08:48:17","date_gmt":"2024-11-05T07:48:17","guid":{"rendered":"https:\/\/serbenidorm.daliisolutions.com\/index.php\/2024\/11\/05\/especial-ser-deportivos-asi-se-volco-el-deporte-de-la-marina-baixa-con-las-victimas-de-la-dana\/"},"modified":"2024-11-05T08:48:17","modified_gmt":"2024-11-05T07:48:17","slug":"especial-ser-deportivos-asi-se-volco-el-deporte-de-la-marina-baixa-con-las-victimas-de-la-dana","status":"publish","type":"post","link":"https:\/\/serbenidorm.daliisolutions.com\/index.php\/2024\/11\/05\/especial-ser-deportivos-asi-se-volco-el-deporte-de-la-marina-baixa-con-las-victimas-de-la-dana\/","title":{"rendered":"Especial SER Deportivos: As\u00ed se volc\u00f3 el deporte de la Marina Baixa con las v\u00edctimas de la DANA"},"content":{"rendered":"  <p><\/p>   <p>Benidorm<\/p>   <p>Con la pr\u00e1ctica totalidad de las competiciones deportivas de los equipos y deportistas de la Marina Baixa paradas en se\u00f1al de duelo por los centenares de v\u00edctimas mortales de la DANA que el pasado martes asol\u00f3 la provincia de Valencia, la actividad deportiva del fin de semana qued\u00f3 reducida a la m\u00ednima expresi\u00f3n.<\/p>   <p>Por ello, no fueron pocos los deportistas y directivos de distintas entidades y equipos de la Marina Baixa los que asumieron un rol muy activo <a href=\"https:\/\/cadenaser.com\/comunitat-valenciana\/2024\/11\/04\/benidorm-y-la-marina-baixa-se-vuelcan-con-valencia-radio-benidorm\/\">en las distintas iniciativas solidarias que se han venido realizando en toda la comarca<\/a>.<\/p>   <p>Este lunes, <a href=\"https:\/\/cadenaser.com\/radio-benidorm\/ser-deportivos-benidorm\/\">SER Deportivos Marina Baixa<\/a> ha emitido un programa especial en el que Nico Van Looy ha conversado con algunos de esos deportistas y directivos.<\/p>   <p>As\u00ed, por los micr\u00f3fonos de <a href=\"https:\/\/cadenaser.com\/radio-benidorm\/\">Radio Benidorm-SER<\/a>, ha pasado Guillem Carri\u00f3, presidente del <a href=\"https:\/\/cadenaser.com\/tag\/club_rugby_la_vila\/a\/\">Club de Rugby La Vila<\/a>, que <a href=\"https:\/\/cadenaser.com\/comunitat-valenciana\/2024\/11\/03\/el-huesitos-la-vila-tutea-a-el-salvador-en-valladolid-radio-benidorm\/\">se volvi\u00f3 de su desplazamiento a Valladolid con una derrota deportiva, pero una enorme victoria solidaria<\/a>.<\/p>   <p>Tambi\u00e9n ha sido protagonista el capit\u00e1n del <a href=\"https:\/\/cadenaser.com\/tag\/club_balonmano_benidorm\/a\/\">Servigroup Balonmano Benidorm<\/a>, Pablo \u2018Colo\u2019 Vainstein, que invirti\u00f3 buena parte de su fin de semana en cargar en camiones las toneladas de ayuda que desde Benidorm partieron hacia Valencia.<\/p>   <p>     .c-w{         max-width:444px;         width:100%;         margin:32px auto;      background:#00755E;         border-radius:4px;         display:flex;         align-items:center;         justify-content:center;     }     .c-w a{         display:flex;         align-items:center;         justify-content:center;         padding:4px 24px;     }     .c-w img{         width:24px;         margin-right:12px;     }     .c-w p{         font:18px\/25px Poppins;         text-align:center;         color:#fff;         margin:0;     }     @media (max-width:444px){         .c-w a{             padding:4px 12px;         }         .c-w img{             width:24px;             margin-right:8px;         }         .c-w p{             font:14px\/25px Poppins;         }     }     @media (max-width:335px){         .c-w p{             font:13px\/25px Poppins;         }     }  <div class=\"c-w\">     <a href=\"https:\/\/www.whatsapp.com\/channel\/0029Va633PF9WtC4l7XUzh1e\" target=\"_blank\" rel=\"noopener\">         <img decoding=\"async\" src=\"https:\/\/cadenaser.com\/estaticos\/recursosgraficos\/responsive\/img\/ico-whatsapp.svg\" alt=\"Whatsapp\">         <p>\u00danete al <b>canal de WhatsApp<\/b> de la SER<\/p>     <\/a> <\/div><\/p>   <p>As\u00ed mismo, el espacio deportivo de Radio Benidorm-SER, cont\u00f3 con los testimonios del futbolista <a href=\"https:\/\/cadenaser.com\/tag\/club_futbol_benidorm\/a\/\">C.F. Benidorm<\/a>, Mariano Sanz, o el director deportivo del <a href=\"https:\/\/cadenaser.com\/tag\/club_voleibol_playas_benidorm\/a\/\">Club Voleibol Playas de Benidorm<\/a>, <a href=\"https:\/\/cadenaser.com\/comunitat-valenciana\/2024\/10\/31\/tertulia-voleibol-benidorm-y-finestrat-una-rivalidad-de-buenos-vecinos-radio-benidorm\/\">Ram\u00f3n Gonz\u00e1lez<\/a>. Ambos acudieron durante el pasado fin de semana hasta la llamada zona cero de la DANA para aportar su granito de arena.<\/p>   <p>Y desde l\u2019Alf\u00e0s del Pi hemos conocido la historia de Tom\u00e1s L\u00f3pez, responsable del Club Krav Maga Costa Blanca y c\u00f3mo consigui\u00f3 hacer llegar la ayuda que recolect\u00f3 en las primeras horas de la tragedia.<\/p> ","protected":false},"excerpt":{"rendered":"<p>Radio Benidorm da voz a los deportistas y directivos de la comarca que han cargado camiones o acudido a Valencia como voluntarios<\/p>\n","protected":false},"author":0,"featured_media":10068,"comment_status":"open","ping_status":"open","sticky":false,"template":"","format":"standard","meta":{"_acf_changed":false,"footnotes":""},"categories":[16],"tags":[],"class_list":["post-10067","post","type-post","status-publish","format-standard","has-post-thumbnail","hentry","category-deportes"],"acf":{"ser_id":"UPCQIJWRP5CJBAO6GU5T2BVHDU","ser_url":"https:\/\/cadenaser.com\/comunitat-valenciana\/2024\/11\/04\/especial-ser-deportivos-asi-se-volco-el-deporte-de-la-marina-baixa-con-las-victimas-de-la-dana-radio-benidorm\/"},"_links":{"self":[{"href":"https:\/\/serbenidorm.daliisolutions.com\/index.php\/wp-json\/wp\/v2\/posts\/10067","targetHints":{"allow":["GET"]}}],"collection":[{"href":"https:\/\/serbenidorm.daliisolutions.com\/index.php\/wp-json\/wp\/v2\/posts"}],"about":[{"href":"https:\/\/serbenidorm.daliisolutions.com\/index.php\/wp-json\/wp\/v2\/types\/post"}],"replies":[{"embeddable":true,"href":"https:\/\/serbenidorm.daliisolutions.com\/index.php\/wp-json\/wp\/v2\/comments?post=10067"}],"version-history":[{"count":0,"href":"https:\/\/serbenidorm.daliisolutions.com\/index.php\/wp-json\/wp\/v2\/posts\/10067\/revisions"}],"wp:featuredmedia":[{"embeddable":true,"href":"https:\/\/serbenidorm.daliisolutions.com\/index.php\/wp-json\/wp\/v2\/media\/10068"}],"wp:attachment":[{"href":"https:\/\/serbenidorm.daliisolutions.com\/index.php\/wp-json\/wp\/v2\/media?parent=10067"}],"wp:term":[{"taxonomy":"category","embeddable":true,"href":"https:\/\/serbenidorm.daliisolutions.com\/index.php\/wp-json\/wp\/v2\/categories?post=10067"},{"taxonomy":"post_tag","embeddable":true,"href":"https:\/\/serbenidorm.daliisolutions.com\/index.php\/wp-json\/wp\/v2\/tags?post=10067"}],"curies":[{"name":"wp","href":"https:\/\/api.w.org\/{rel}","templated":true}]}}