{"id":10083,"date":"2024-11-05T17:08:17","date_gmt":"2024-11-05T16:08:17","guid":{"rendered":"https:\/\/serbenidorm.daliisolutions.com\/index.php\/2024\/11\/05\/una-delegacion-tecnica-de-benidorm-acude-a-la-wtm-con-el-foco-puesto-en-el-postverano-2025\/"},"modified":"2024-11-05T17:08:17","modified_gmt":"2024-11-05T16:08:17","slug":"una-delegacion-tecnica-de-benidorm-acude-a-la-wtm-con-el-foco-puesto-en-el-postverano-2025","status":"publish","type":"post","link":"https:\/\/serbenidorm.daliisolutions.com\/index.php\/2024\/11\/05\/una-delegacion-tecnica-de-benidorm-acude-a-la-wtm-con-el-foco-puesto-en-el-postverano-2025\/","title":{"rendered":"Una delegaci\u00f3n t\u00e9cnica de Benidorm acude a la WTM con el foco puesto en el postverano 2025"},"content":{"rendered":"  <p><\/p>   <p>Benidorm<\/p>   <p>Benidorm acude este a\u00f1o a la World Travel Market de Londres con una delegaci\u00f3n muy t\u00e9cnica encabezada por Visit Benidorm y sin presencia de pol\u00edticos.<\/p>   <p>El alcalde, Toni P\u00e9rez, ha confirmado que no asistir\u00e1 aunque ha destacado la profesionalidad de los t\u00e9cnicos de la Fundaci\u00f3n Visit Benidorm all\u00ed presentes. \u201cEsta es una edici\u00f3n diferente desde nuestra latitud\u201d ha manifestado a<a href=\"https:\/\/radiobenidorm.es\/\" rel=\"nofollow noopener\" target=\"_blank\"> Hoy por Hoy Benidorm<\/a> en referencia al impacto provocado por la DANA pero ha recordado la importancia del mercado brit\u00e1nico para Benidorm y que la WTM \u201ces la feria de turismo m\u00e1s importante a nivel mundial junto con Fitur\u201d por lo que \u201cla relevancia de este mercado nos obliga, pese a las circunstancias, a que una delegaci\u00f3n de Benidorm est\u00e9 presente para atender a este mercado\u201d.<\/p>   <p>El mercado brit\u00e1nico ya supone el 45% de las pernoctaciones de Benidorm. \u201cSolo entre los meses de enero a agosto de este 2024 hemos superado ya los 600.000 viajeros y estamos viendo un incremento exponencial de la presencia de Brit\u00e1nicos en nuestro destino\u201d, ha argumentado.<\/p>   <p>P\u00e9rez explica que el destino est\u00e1 trasladando una oferta \u201cde mucha m\u00e1s calidad\u201d con una elevaci\u00f3n en los precios y que el mercado brit\u00e1nico \u201cest\u00e1 respondiendo muy bien\u201d.<\/p>   <p>La presencia de Benidorm ser\u00e1 \u201cmuy t\u00e9cnica\u201d y contar\u00e1, adem\u00e1s de con la gerente de Visit Benidorm Leire Bilbao, con la parte empresarial del sector tur\u00edstico encabezada por la patronal hotelera Hosbec.<\/p>   <p>     .c-w{         max-width:444px;         width:100%;         margin:32px auto;      background:#00755E;         border-radius:4px;         display:flex;         align-items:center;         justify-content:center;     }     .c-w a{         display:flex;         align-items:center;         justify-content:center;         padding:4px 24px;     }     .c-w img{         width:24px;         margin-right:12px;     }     .c-w p{         font:18px\/25px Poppins;         text-align:center;         color:#fff;         margin:0;     }     @media (max-width:444px){         .c-w a{             padding:4px 12px;         }         .c-w img{             width:24px;             margin-right:8px;         }         .c-w p{             font:14px\/25px Poppins;         }     }     @media (max-width:335px){         .c-w p{             font:13px\/25px Poppins;         }     }  <div class=\"c-w\">     <a href=\"https:\/\/www.whatsapp.com\/channel\/0029Va633PF9WtC4l7XUzh1e\" target=\"_blank\" rel=\"noopener\">         <img decoding=\"async\" src=\"https:\/\/cadenaser.com\/estaticos\/recursosgraficos\/responsive\/img\/ico-whatsapp.svg\" alt=\"Whatsapp\">         <p>\u00danete al <b>canal de WhatsApp<\/b> de la SER<\/p>     <\/a> <\/div><\/p>   <p>El primer edil tambi\u00e9n ha explicado que la delegaci\u00f3n benidormense tiene prevista una ronda de m\u00e1s de 37 encuentros desde hoy d\u00eda 5 hasta el d\u00eda 7 con touroperadores, agencias online y agentes tur\u00edsticos de distinta \u00edndole. El foco de las reuniones se centrar\u00e1 en la venta de paquetes vacacionales para el verano y postverano de 2025 puesto que lo que resta del a\u00f1o actual y principios del que que viene ya est\u00e1 pr\u00e1cticamente vendido.<\/p>   <p>Una de las citas multitudinarias para el mercado brit\u00e1nico es la Fancy Dress Party que se celebr\u00e1 el pr\u00f3ximo jueves 14 de noviembre. Unas fechas para las que \u201cya est\u00e1 cubierta el 99% de la demanda\u201d, seg\u00fan P\u00e9rez.<\/p>   <p>En este sentido el alcalde prev\u00e9 que la temporada oto\u00f1o invierno para la ciudad tendr\u00e1 un car\u00e1cter continuista en sinton\u00eda con la tendencia registrada a lo largo de este a\u00f1o con un incremento de visitantes respecto al a\u00f1o pasado. \u201cEste 2024 se prev\u00e9 un a\u00f1o de r\u00e9cord. Pero por encima del volumen de pernoctaciones, ser\u00e1 recordado por la institucionalizaci\u00f3n y una mejora de la gesti\u00f3n tur\u00edstica de la ciudad\u201d.<\/p> ","protected":false},"excerpt":{"rendered":"<p>El mercado brit\u00e1nico supone el 45% de las pernoctaciones para este destino tur\u00edstico <\/p>\n","protected":false},"author":0,"featured_media":10084,"comment_status":"open","ping_status":"open","sticky":false,"template":"","format":"standard","meta":{"_acf_changed":false,"footnotes":""},"categories":[1],"tags":[],"class_list":["post-10083","post","type-post","status-publish","format-standard","has-post-thumbnail","hentry","category-sin-categoria"],"acf":{"ser_id":"QZWUDP33CVA4XGAHVHU6Y7SGPM","ser_url":"https:\/\/cadenaser.com\/comunitat-valenciana\/2024\/11\/05\/una-delegacion-tecnica-de-benidorm-acude-a-la-wtm-con-el-foco-puesto-en-el-postverano-2025-radio-benidorm\/"},"_links":{"self":[{"href":"https:\/\/serbenidorm.daliisolutions.com\/index.php\/wp-json\/wp\/v2\/posts\/10083","targetHints":{"allow":["GET"]}}],"collection":[{"href":"https:\/\/serbenidorm.daliisolutions.com\/index.php\/wp-json\/wp\/v2\/posts"}],"about":[{"href":"https:\/\/serbenidorm.daliisolutions.com\/index.php\/wp-json\/wp\/v2\/types\/post"}],"replies":[{"embeddable":true,"href":"https:\/\/serbenidorm.daliisolutions.com\/index.php\/wp-json\/wp\/v2\/comments?post=10083"}],"version-history":[{"count":0,"href":"https:\/\/serbenidorm.daliisolutions.com\/index.php\/wp-json\/wp\/v2\/posts\/10083\/revisions"}],"wp:featuredmedia":[{"embeddable":true,"href":"https:\/\/serbenidorm.daliisolutions.com\/index.php\/wp-json\/wp\/v2\/media\/10084"}],"wp:attachment":[{"href":"https:\/\/serbenidorm.daliisolutions.com\/index.php\/wp-json\/wp\/v2\/media?parent=10083"}],"wp:term":[{"taxonomy":"category","embeddable":true,"href":"https:\/\/serbenidorm.daliisolutions.com\/index.php\/wp-json\/wp\/v2\/categories?post=10083"},{"taxonomy":"post_tag","embeddable":true,"href":"https:\/\/serbenidorm.daliisolutions.com\/index.php\/wp-json\/wp\/v2\/tags?post=10083"}],"curies":[{"name":"wp","href":"https:\/\/api.w.org\/{rel}","templated":true}]}}