{"id":10085,"date":"2024-11-05T17:08:20","date_gmt":"2024-11-05T16:08:20","guid":{"rendered":"https:\/\/serbenidorm.daliisolutions.com\/index.php\/2024\/11\/05\/el-paro-sube-en-benidorm-y-la-marina-baixa-por-segundo-mes-consecutivo\/"},"modified":"2024-11-05T17:08:20","modified_gmt":"2024-11-05T16:08:20","slug":"el-paro-sube-en-benidorm-y-la-marina-baixa-por-segundo-mes-consecutivo","status":"publish","type":"post","link":"https:\/\/serbenidorm.daliisolutions.com\/index.php\/2024\/11\/05\/el-paro-sube-en-benidorm-y-la-marina-baixa-por-segundo-mes-consecutivo\/","title":{"rendered":"El paro sube en Benidorm y la Marina Baixa por segundo mes consecutivo"},"content":{"rendered":"  <p><\/p>   <p>Benidorm<\/p>   <p>En la Marina Baixa el paro ha aumentado en 189 personas durante octubre. Se trata de un incremento superior al de septiembre, cuando solo se cifr\u00f3 en 29 personas, y que deja el total de desempleados registrados en la comarca en 9.000, seg\u00fan los datos del Servicio Valenciano de Empleo (LABORA).<\/p>   <p>Entre las personas registradas hay m\u00e1s de 5.200 mujeres y 3.700 hombres. Por sectores el paro aumenta ligeramente en agricultura e industria, de manera m\u00e1s notable en los servicios, y hay una ligera reducci\u00f3n en la construcci\u00f3n. <a href=\"https:\/\/cadenaser.com\/tag\/comarca_la_marina_baixa\/a\/\" target=\"_blank\" rel=\"noopener\">Tambi\u00e9n han bajado las contrataciones: casi 200 menos que el mes anterior y se quedan en 5.048<\/a>. <\/p>  <p><p>M\u00e1s informaci\u00f3n<\/p><figure><img loading=\"lazy\" decoding=\"async\" src=\"https:\/\/cadenaser.com\/resizer\/v2\/JJWQEPAE5NBCJJ67GRFO2AKKCY.jpg?auth=6988a75521359f79ed41ff7b45b620d49804fa8ac968465b6a3e8d03db15e964&amp;quality=70&amp;width=360&amp;height=202&amp;smart=true\" width=\"820\" height=\"621\" \/><\/figure><ul><li><a href=\"https:\/\/cadenaser.com\/comunitat-valenciana\/2024\/11\/04\/benidorm-y-la-marina-baixa-se-vuelcan-con-valencia-radio-benidorm\/\"><span>Benidorm y la Marina Baixa se vuelcan con Valencia<\/span><\/a><\/li><\/ul><\/p>   <p>Desde los sindicatos han hecho una valoraci\u00f3n cr\u00edtica de estas \u00faltimas estad\u00edsticas como un reflejo del fin de la temporada alta y haciendo hincapi\u00e9 en temporalidad del empleo.<\/p>   <p>Para Yolanda D\u00edaz, secretaria general de UGT en l&#8217;Alacant\u00ed y les Marines, es imprescindible \u00abno abandonar el modelo productivo que tenemos, pero s\u00ed invertir en otros sectores de actividad ya postar por una reindustrializaci\u00f3n\u00bb.<\/p>   <p>Por su parte, el responsable de Empleo de Comisiones Obreras en la provincia ha se\u00f1alado que este incremento del paro se ha producido \u00abpese a los buenos resultados de ocupaci\u00f3n que viene presentando la patronal hotelera\u00bb y ha reivindicado \u00abmejorar la calidad de un empleo precario en el sector de forma cualitativa y cuantitativa\u00bb.<\/p>   <p>     .c-w{         max-width:444px;         width:100%;         margin:32px auto;      background:#00755E;         border-radius:4px;         display:flex;         align-items:center;         justify-content:center;     }     .c-w a{         display:flex;         align-items:center;         justify-content:center;         padding:4px 24px;     }     .c-w img{         width:24px;         margin-right:12px;     }     .c-w p{         font:18px\/25px Poppins;         text-align:center;         color:#fff;         margin:0;     }     @media (max-width:444px){         .c-w a{             padding:4px 12px;         }         .c-w img{             width:24px;             margin-right:8px;         }         .c-w p{             font:14px\/25px Poppins;         }     }     @media (max-width:335px){         .c-w p{             font:13px\/25px Poppins;         }     }  <div class=\"c-w\">     <a href=\"https:\/\/www.whatsapp.com\/channel\/0029Va633PF9WtC4l7XUzh1e\" target=\"_blank\" rel=\"noopener\">         <img decoding=\"async\" src=\"https:\/\/cadenaser.com\/estaticos\/recursosgraficos\/responsive\/img\/ico-whatsapp.svg\" alt=\"Whatsapp\">         <p>\u00danete al <b>canal de WhatsApp<\/b> de la SER<\/p>     <\/a> <\/div><\/p>   <p>El paro por municipios<\/p>   <p>Por municipios el desempleo aumenta en Benidorm, La Vila, Altea o l\u2019Alf\u00e0s y disminuye en La Nuc\u00eda.<\/p>   <p><li>En <a href=\"https:\/\/cadenaser.com\/tag\/benidorm\/a\/\" target=\"_blank\" rel=\"noopener\">Benidorm<\/a> pasa de 3.163 a 3.281 personas<\/li><li>En <a href=\"https:\/\/cadenaser.com\/tag\/vila_joiosa\/a\/\" target=\"_blank\" rel=\"noopener\">La Vila Joiosa<\/a> de 2.014 a 2.034<\/li><li>En <a href=\"https:\/\/cadenaser.com\/tag\/altea\/a\/\" target=\"_blank\" rel=\"noopener\">Altea<\/a> de 995 a 1.030<\/li><li>En <a href=\"https:\/\/cadenaser.com\/tag\/lalfas_del_pi\/a\/\" target=\"_blank\" rel=\"noopener\">l&#8217;Alf\u00e0s del Pi<\/a> de 757 a 762<\/li><li>En <a href=\"https:\/\/cadenaser.com\/tag\/la_nucia\/a\/\" target=\"_blank\" rel=\"noopener\">La Nuc\u00eda<\/a> de 786 a 779, una ligera reducci\u00f3n de siete personas<\/li><\/p> ","protected":false},"excerpt":{"rendered":"<p>Hay 9.000 personas desempleadas en la comarca<\/p>\n","protected":false},"author":0,"featured_media":10086,"comment_status":"open","ping_status":"open","sticky":false,"template":"","format":"standard","meta":{"_acf_changed":false,"footnotes":""},"categories":[1],"tags":[],"class_list":["post-10085","post","type-post","status-publish","format-standard","has-post-thumbnail","hentry","category-sin-categoria"],"acf":{"ser_id":"2EKWZUORLZGMZB37Q6YMGZRREE","ser_url":"https:\/\/cadenaser.com\/comunitat-valenciana\/2024\/11\/05\/el-paro-sube-en-benidorm-y-la-marina-baixa-por-segundo-mes-consecutivo-radio-benidorm\/"},"_links":{"self":[{"href":"https:\/\/serbenidorm.daliisolutions.com\/index.php\/wp-json\/wp\/v2\/posts\/10085","targetHints":{"allow":["GET"]}}],"collection":[{"href":"https:\/\/serbenidorm.daliisolutions.com\/index.php\/wp-json\/wp\/v2\/posts"}],"about":[{"href":"https:\/\/serbenidorm.daliisolutions.com\/index.php\/wp-json\/wp\/v2\/types\/post"}],"replies":[{"embeddable":true,"href":"https:\/\/serbenidorm.daliisolutions.com\/index.php\/wp-json\/wp\/v2\/comments?post=10085"}],"version-history":[{"count":0,"href":"https:\/\/serbenidorm.daliisolutions.com\/index.php\/wp-json\/wp\/v2\/posts\/10085\/revisions"}],"wp:featuredmedia":[{"embeddable":true,"href":"https:\/\/serbenidorm.daliisolutions.com\/index.php\/wp-json\/wp\/v2\/media\/10086"}],"wp:attachment":[{"href":"https:\/\/serbenidorm.daliisolutions.com\/index.php\/wp-json\/wp\/v2\/media?parent=10085"}],"wp:term":[{"taxonomy":"category","embeddable":true,"href":"https:\/\/serbenidorm.daliisolutions.com\/index.php\/wp-json\/wp\/v2\/categories?post=10085"},{"taxonomy":"post_tag","embeddable":true,"href":"https:\/\/serbenidorm.daliisolutions.com\/index.php\/wp-json\/wp\/v2\/tags?post=10085"}],"curies":[{"name":"wp","href":"https:\/\/api.w.org\/{rel}","templated":true}]}}