{"id":10087,"date":"2024-11-05T17:08:22","date_gmt":"2024-11-05T16:08:22","guid":{"rendered":"https:\/\/serbenidorm.daliisolutions.com\/index.php\/2024\/11\/05\/la-festa-per-valencia-las-fiestas-mas-solidarias-de-benidorm-y-lalfas-del-pi\/"},"modified":"2024-11-05T17:08:22","modified_gmt":"2024-11-05T16:08:22","slug":"la-festa-per-valencia-las-fiestas-mas-solidarias-de-benidorm-y-lalfas-del-pi","status":"publish","type":"post","link":"https:\/\/serbenidorm.daliisolutions.com\/index.php\/2024\/11\/05\/la-festa-per-valencia-las-fiestas-mas-solidarias-de-benidorm-y-lalfas-del-pi\/","title":{"rendered":"La Festa per Val\u00e8ncia: las fiestas m\u00e1s solidarias de Benidorm y l&#8217;Alf\u00e0s del Pi"},"content":{"rendered":"  <p><\/p>   <p>Benidorm<\/p>   <p>La Marina Baixa vive este fin de semana algunos de sus d\u00edas m\u00e1s grandes con la celebraci\u00f3n de las fiestas mayores de l&#8217;Alf\u00e0s del Pi y Benidorm. En el primer caso, las Fiestas del Jubileo y del Sant\u00edsimo Cristo del Buen Acierto arrancan ma\u00f1ana mi\u00e9rcoles y terminar\u00e1n el domingo, mientras que las de la capital tur\u00edstica comenzar\u00e1n el s\u00e1bado y no terminar\u00e1n hasta el mi\u00e9rcoles. <\/p>  <p><p>M\u00e1s informaci\u00f3n<\/p><figure><img loading=\"lazy\" decoding=\"async\" src=\"https:\/\/cadenaser.com\/resizer\/v2\/JJWQEPAE5NBCJJ67GRFO2AKKCY.jpg?auth=6988a75521359f79ed41ff7b45b620d49804fa8ac968465b6a3e8d03db15e964&amp;quality=70&amp;width=360&amp;height=202&amp;smart=true\" width=\"820\" height=\"621\" \/><\/figure><ul><li><a href=\"https:\/\/cadenaser.com\/comunitat-valenciana\/2024\/11\/04\/benidorm-y-la-marina-baixa-se-vuelcan-con-valencia-radio-benidorm\/\"><span>La comarca se vuelca con Valencia<\/span><\/a><\/li><\/ul><\/p>   <p>En ambos puntos las celebraciones estar\u00e1n muy marcadas por el compartido sentimiento de luto y solidaridad con las v\u00edctimas de la DANA que hace ahora una semana arras\u00f3 la provincia de Valencia. <\/p>   <p>En Benidorm tanto la Comissi\u00f3 de les Festes Majors Patronals como la Associaci\u00f3 de Penyes Verge del Sofratge han anunciado que, junto a la iglesia de Sant Jaume y Santa Anna y el Consejo Parroquial, van a poner en marcha una<a href=\"https:\/\/cadenaser.com\/tag\/benidorm\/a\/\" target=\"_blank\" rel=\"noopener\"> iniciativa solidaria que se va a desarrollar durante la tradicional Ofrenda de Flores a la patrona<\/a>.<\/p>   <p>La concejala de Fiestas, Maril\u00f3 Cebreros, ha avanzado que \u201ctanto la coordinadora de la emergencia como la FVMP han trasladado que ahora mismo, por cuestiones de log\u00edstica y almacenamiento, y ante las innumerables aportaciones recibidas en los \u00faltimos d\u00edas, entre ellas los 70 camiones enviados ya desde Benidorm, es m\u00e1s recomendable enviar ayudas a trav\u00e9s de donaciones econ\u00f3micas a las cuentas bancarias oficiales de las entidades que est\u00e1n gestionando la tragedia, de ah\u00ed que se haya optado por esta f\u00f3rmula\u201d.<\/p>   <p>As\u00ed, tal y como ha explicado Maril\u00f3 Cebreros, \u201cse ha previsto colocar un buz\u00f3n junto a la imagen de la patrona para que las pe\u00f1as y otras entidades c\u00edvicas y festeras que participan en esta romer\u00eda puedan depositar sus aportaciones econ\u00f3micas a la vez que ofrendan a la Mare de D\u00e9u del Sofratge\u201d.<\/p>   <p>     .c-w{         max-width:444px;         width:100%;         margin:32px auto;      background:#00755E;         border-radius:4px;         display:flex;         align-items:center;         justify-content:center;     }     .c-w a{         display:flex;         align-items:center;         justify-content:center;         padding:4px 24px;     }     .c-w img{         width:24px;         margin-right:12px;     }     .c-w p{         font:18px\/25px Poppins;         text-align:center;         color:#fff;         margin:0;     }     @media (max-width:444px){         .c-w a{             padding:4px 12px;         }         .c-w img{             width:24px;             margin-right:8px;         }         .c-w p{             font:14px\/25px Poppins;         }     }     @media (max-width:335px){         .c-w p{             font:13px\/25px Poppins;         }     }  <div class=\"c-w\">     <a href=\"https:\/\/www.whatsapp.com\/channel\/0029Va633PF9WtC4l7XUzh1e\" target=\"_blank\" rel=\"noopener\">         <img decoding=\"async\" src=\"https:\/\/cadenaser.com\/estaticos\/recursosgraficos\/responsive\/img\/ico-whatsapp.svg\" alt=\"Whatsapp\">         <p>\u00danete al <b>canal de WhatsApp<\/b> de la SER<\/p>     <\/a> <\/div><\/p>   <p>M\u00e1s iniciativas en l&#8217;Alf\u00e0s<\/p>   <p>En t\u00e9rminos muy similares se ha pronunciado la edil de Fiestas de l\u2019Alf\u00e0s del Pi, Sandra G\u00f3mez, que ante el inminente inicio de las Fiestas del Jubileo y del Sant\u00edsimo Cristo del Buen Acierto este mismo mi\u00e9rcoles, ha afirmado que<a href=\"https:\/\/cadenaser.com\/tag\/lalfas_del_pi\/a\/\" target=\"_blank\" rel=\"noopener\"> \u201ctodos los vecinos de l\u2019Alf\u00e0s tenemos el coraz\u00f3n puesto en Valencia\u201d<\/a>.<\/p>   <p>\u201cEs por ello\u201d, ha continuado explicando G\u00f3mez, que \u201cse han cancelado algunos actos del programa inicialmente previsto y se van a realizar actos solidarios\u201d durante la celebraci\u00f3n de los d\u00edas grandes del municipio.<\/p>   <p>La edil alfasina de Fiestas ha recordado que \u201cel pasado domingo las pe\u00f1as ya recogieron distintos productos que han sido enviados a la zona cero\u201d y que el pr\u00f3ximo viernes arrancar\u00e1 a las 20:00 horas, \u201cen la Ofrenda de Flores, tambi\u00e9n vamos a recoger productos para poder mandarlos a Valencia\u201d.<\/p> ","protected":false},"excerpt":{"rendered":"<p>Las ofrendas servir\u00e1n para recoger fondos para los damnificados por la DANA<\/p>\n","protected":false},"author":0,"featured_media":10088,"comment_status":"open","ping_status":"open","sticky":false,"template":"","format":"standard","meta":{"_acf_changed":false,"footnotes":""},"categories":[1],"tags":[],"class_list":["post-10087","post","type-post","status-publish","format-standard","has-post-thumbnail","hentry","category-sin-categoria"],"acf":{"ser_id":"6EPZRNTB7BABFJSTYTNVCSMX7A","ser_url":"https:\/\/cadenaser.com\/comunitat-valenciana\/2024\/11\/05\/la-festa-per-valencia-las-fiestas-mas-solidarias-de-benidorm-y-lalfas-del-pi-radio-benidorm\/"},"_links":{"self":[{"href":"https:\/\/serbenidorm.daliisolutions.com\/index.php\/wp-json\/wp\/v2\/posts\/10087","targetHints":{"allow":["GET"]}}],"collection":[{"href":"https:\/\/serbenidorm.daliisolutions.com\/index.php\/wp-json\/wp\/v2\/posts"}],"about":[{"href":"https:\/\/serbenidorm.daliisolutions.com\/index.php\/wp-json\/wp\/v2\/types\/post"}],"replies":[{"embeddable":true,"href":"https:\/\/serbenidorm.daliisolutions.com\/index.php\/wp-json\/wp\/v2\/comments?post=10087"}],"version-history":[{"count":0,"href":"https:\/\/serbenidorm.daliisolutions.com\/index.php\/wp-json\/wp\/v2\/posts\/10087\/revisions"}],"wp:featuredmedia":[{"embeddable":true,"href":"https:\/\/serbenidorm.daliisolutions.com\/index.php\/wp-json\/wp\/v2\/media\/10088"}],"wp:attachment":[{"href":"https:\/\/serbenidorm.daliisolutions.com\/index.php\/wp-json\/wp\/v2\/media?parent=10087"}],"wp:term":[{"taxonomy":"category","embeddable":true,"href":"https:\/\/serbenidorm.daliisolutions.com\/index.php\/wp-json\/wp\/v2\/categories?post=10087"},{"taxonomy":"post_tag","embeddable":true,"href":"https:\/\/serbenidorm.daliisolutions.com\/index.php\/wp-json\/wp\/v2\/tags?post=10087"}],"curies":[{"name":"wp","href":"https:\/\/api.w.org\/{rel}","templated":true}]}}