{"id":10089,"date":"2024-11-05T17:08:23","date_gmt":"2024-11-05T16:08:23","guid":{"rendered":"https:\/\/serbenidorm.daliisolutions.com\/index.php\/2024\/11\/05\/una-semana-despues-de-dana-de-valencia-sigue-la-busqueda-de-desaparecidos-y-la-limpieza-de-los-municipios-afectados\/"},"modified":"2024-11-05T17:08:23","modified_gmt":"2024-11-05T16:08:23","slug":"una-semana-despues-de-dana-de-valencia-sigue-la-busqueda-de-desaparecidos-y-la-limpieza-de-los-municipios-afectados","status":"publish","type":"post","link":"https:\/\/serbenidorm.daliisolutions.com\/index.php\/2024\/11\/05\/una-semana-despues-de-dana-de-valencia-sigue-la-busqueda-de-desaparecidos-y-la-limpieza-de-los-municipios-afectados\/","title":{"rendered":"Una semana despu\u00e9s de DANA de Valencia: sigue la b\u00fasqueda de desaparecidos y la limpieza de los municipios afectados"},"content":{"rendered":"  <p><\/p>   <p>Val\u00e8ncia<\/p>   <p>Este martes se cumple una semana de la DANA que destroz\u00f3 la vida a miles de personas en la provincia de Valencia. <a href=\"https:\/\/cadenaser.com\/comunitat-valenciana\/2024\/11\/04\/el-numero-de-victimas-mortales-por-la-dana-en-la-provincia-de-valencia-asciende-a-211-radio-valencia\/\" target=\"_blank\" rel=\"noopener\">La \u00faltima cifra, de momento provisional, de v\u00edctimas mortales asciende a 211 personas<\/a>, aunque contin\u00faa el proceso de b\u00fasqueda de desparecidos, levantamiento e identificaci\u00f3n de las v\u00edctimas.<\/p>   <p>Ya han sido plenamente identificadas por los forenses y los especialistas de la Guardia Civil y la Polic\u00eda Nacional 111 fallecidos por la DANA, seg\u00fan el \u00faltimo balance actualizado del Centro de Integraci\u00f3n de Datos (CID) constituido para hacer frente a esta emergencia conforme a lo que establece el Real Decreto 32\/2009.<\/p>   <p>Desde el pasado mi\u00e9rcoles, el Instituto de Medicina Legal de Valencia ha realizado 190 autopsias a cad\u00e1veres, todos los que han tenido entrada en la la Ciudad de la Justicia de Valencia y que han sido por tanto derivados con posterioridad a la morgue habilitada en Feria Valencia.<\/p>   <p>Adem\u00e1s, los Juzgados han autorizado ya la entrega a las familias de un total de 47 cuerpos de personas fallecidas y han expedido las correspondientes licencias de enterramiento o incineraci\u00f3n. 35 familias ya han recogido los restos de sus seres queridos.<\/p>   <p>La reconstrucci\u00f3n costar\u00e1 al menos 31.402 millones de euros<\/p>   <p><a href=\"https:\/\/cadenaser.com\/comunitat-valenciana\/2024\/11\/04\/mazon-cifra-la-reconstruccion-en-31402-millones-y-asegura-que-no-es-momento-de-calculos-radio-valencia\/\" target=\"_blank\" rel=\"noopener\">El president de la Generalitat, Carlos Maz\u00f3n, cifra la reconstrucci\u00f3n en 31.402 millones y asegura que \u00abno es momento de c\u00e1lculos\u00bb pol\u00edticos<\/a>. Lo dijo tras la reuni\u00f3n del pleno del Consell celebrado este lunes en Valencia en el que se aprob\u00f3 una primera l\u00ednea de ayudas directas de 6.000 euros para todas las familias cuyas casas se hayan visto afectadas por la DANA, que se tramitar\u00e1n por la v\u00eda de \u00abm\u00e1xima urgencia para que puedan empezar a ser recibidas antes de que acabe la semana\u00bb.<\/p>   <p>     .c-w{         max-width:444px;         width:100%;         margin:32px auto;      background:#00755E;         border-radius:4px;         display:flex;         align-items:center;         justify-content:center;     }     .c-w a{         display:flex;         align-items:center;         justify-content:center;         padding:4px 24px;     }     .c-w img{         width:24px;         margin-right:12px;     }     .c-w p{         font:18px\/25px Poppins;         text-align:center;         color:#fff;         margin:0;     }     @media (max-width:444px){         .c-w a{             padding:4px 12px;         }         .c-w img{             width:24px;             margin-right:8px;         }         .c-w p{             font:14px\/25px Poppins;         }     }     @media (max-width:335px){         .c-w p{             font:13px\/25px Poppins;         }     }  <div class=\"c-w\">     <a href=\"https:\/\/www.whatsapp.com\/channel\/0029Va633PF9WtC4l7XUzh1e\" target=\"_blank\" rel=\"noopener\">         <img decoding=\"async\" src=\"https:\/\/cadenaser.com\/estaticos\/recursosgraficos\/responsive\/img\/ico-whatsapp.svg\" alt=\"Whatsapp\">         <p>\u00danete al <b>canal de WhatsApp<\/b> de la SER<\/p>     <\/a> <\/div><\/p>   <p>El pleno aprob\u00f3 tambi\u00e9n una l\u00ednea ayudas de 200.000 euros a los ayuntamientos por los gastos de urgente necesidad que han tenido que afrontar, y reclamar\u00e1 al gobierno un primer paquete de medidas cifrado 31.402 millones de euros. Ese dinero se contempla en un plan de 136 medidas de un plan de recuperaci\u00f3n destinado a reconstruir, relanzar y paliar los efectos de la dana en la provincia de Valencia.<\/p>   <p>Maz\u00f3n insisti\u00f3 ayer en una entrevista en COPE que el pasado martes a las 15:21, antes de la \u00abrevoluci\u00f3n meteorol\u00f3gica\u00bb que se produjo por la noche en la provincia de Valencia por la DANA, <a href=\"https:\/\/cadenaser.com\/nacional\/2024\/11\/04\/mazon-asegura-que-pidio-toda-la-ayuda-posible-antes-de-la-revolucion-meteorologica-que-desencadeno-la-dana-en-valencia-cadena-ser\/\" target=\"_blank\" rel=\"noopener\">pidi\u00f3 que se activara la UME y reclam\u00f3 \u00abtoda la ayuda posible\u00bb<\/a>.<\/p>   <p><a href=\"https:\/\/cadenaser.com\/nacional\/2024\/11\/04\/mazon-asegura-que-pidio-toda-la-ayuda-posible-antes-de-la-revolucion-meteorologica-que-desencadeno-la-dana-en-valencia-cadena-ser\/\" target=\"_blank\" rel=\"noopener\">El Ministerio para la Transici\u00f3n Ecol\u00f3gica y el Reto Demogr\u00e1fico ha respondido aclarando el rol de las confederaciones hidrogr\u00e1ficas en la gesti\u00f3n de alertas hidrol\u00f3gicas<\/a>. Desde el Ministerio han enfatizado que \u00ablas confederaciones hidrogr\u00e1ficas no activan ni desactivan alertas\u00bb, destacando que la responsabilidad de lanzar alertas p\u00fablicas sobre riesgos hidrol\u00f3gicos recae exclusivamente en los servicios de emergencias auton\u00f3micos.<\/p>   <p>Por su parte, el general jefe de la UME asegura que orden\u00f3 \u00abun despliegue adelantado\u00bb ante <a href=\"https:\/\/cadenaser.com\/nacional\/2024\/11\/04\/ultima-hora-de-la-dana-en-directo-numero-de-muertos-busqueda-de-victimas-y-operaciones-de-limpieza-cadena-ser\/\" target=\"_blank\" rel=\"noopener\">la grave situaci\u00f3n que pod\u00eda dejar la DANA<\/a> en algunos territorios de Valencia. <a href=\"https:\/\/cadenaser.com\/nacional\/2024\/11\/04\/el-jefe-general-de-la-ume-asegura-que-ordeno-un-despliegue-adelantado-de-militares-en-plena-dana-actuamos-cuando-la-generalitat-dio-luz-verde-cadena-ser\/\" target=\"_blank\" rel=\"noopener\">\u00abMis soldados tardaron 15 minutos desde que di la orden, se desplazaron en situaciones dif\u00edciles. Cuando la Generalitat dio luz verde, en minutos est\u00e1bamos en la zona de emergencia\u00bb<\/a>, ha asegurado.<\/p>   <p>En una comparecencia desde el Palacio de La Moncloa, Francisco Javier Marcos ha afirmado que la UME actu\u00f3 \u00abcomo pudo\u00bb porque \u00abla meteorolog\u00eda lo impidi\u00f3 y por orden y disciplina\u00bb. \u00abNo podemos a\u00f1adir caos a una situaci\u00f3n ca\u00f3tica. Quien dirige la emergencia y d\u00f3nde vamos o no vamos es la comunidad aut\u00f3noma\u00bb, ha dicho, sobre las competencias del Gobierno de Maz\u00f3n en esta crisis.<\/p>   <p><a href=\"https:\/\/cadenaser.com\/nacional\/2024\/11\/04\/feijoo-pide-la-declaracion-de-emergencia-nacional-y-rechaza-los-actos-violentos-registrados-en-paiporta-cadena-ser\/\" target=\"_blank\" rel=\"noopener\">El presidente del PP, Alberto N\u00fa\u00f1ez Feij\u00f3o, ha pedido la declaraci\u00f3n de la emergencia nacional en Espa\u00f1a ante las consecuencias de la DANA<\/a>, sobre todo en la Comunidad Valenciana. \u00abAnte un desastre as\u00ed se act\u00faa con todo lo que uno puede aportar\u00bb, ha dicho Feij\u00f3o sin querer incidir en sus cr\u00edticas al Gobierno: \u00abNo voy a caer en nuevas cr\u00edticas al Gobierno, no merece la pena\u00bb, ha dicho.<\/p>   <p>Declarar la emergencia supondr\u00eda quitar el mando al presidente de la Comunidad Valenciana, algo que por ahora no lo ha pedido el mandatario regional en ning\u00fan momento.<\/p>   <p>Trabajos con maquinaria<\/p>   <p>Este martes han comenzado los trabajos de maquinaria pesada en Benet\u00fasser.<\/p>   <p><div id=\"video_1730800812754\"><img loading=\"lazy\" decoding=\"async\" src=\"https:\/\/cadenaser.com\/resizer\/v2\/https%3A%2F%2Fsdmedia.playser.cadenaser.com%2Fplayser%2Fimage%2F202411%2F05%2F1730800883_still.jpg?auth=764fb3bb5cbcffec272e0fc5e9042c784b8c8d140fc09defa126ab31d594ac11&amp;quality=70&amp;width=655&amp;height=368&amp;smart=true\" width=\"16\" height=\"9\" \/><\/div><\/p>   <p>Reabren los colegios en Val\u00e8ncia y la EMT llega a las pedan\u00edas afectadas<\/p>   <p><a href=\"https:\/\/cadenaser.com\/comunitat-valenciana\/2024\/11\/04\/este-martes-vuelven-a-abrir-los-centros-educativos-de-valencia-una-semana-despues-de-la-dana-radio-valencia\/\" target=\"_blank\" rel=\"noopener\">Los centros educativos de la ciudad de Val\u00e8ncia han abierto este martes, salvo en el caso de las pedan\u00edas afectadas por el temporal<\/a>: La Torre, Horno de Alcedo y Castellar. <a href=\"https:\/\/cadenaser.com\/comunitat-valenciana\/2024\/11\/05\/reabre-el-colegio-de-castellar-el-primer-centro-escolar-al-que-vuelven-los-ninos-de-las-zonas-afectadas-por-la-dana-de-valencia-radio-valencia\/\" target=\"_blank\" rel=\"noopener\">Tambi\u00e9n ha abierto el CEIP de Castellar, despu\u00e9s de que los bomberos y los t\u00e9cnicos municipales hayan comprobado que no ha sufrido da\u00f1os importantes<\/a>.<\/p>   <p>El Ayuntamiento de Val\u00e8ncia ha ampliado hasta el 31 de diciembre incluido, el plazo de aquellos tributos que se ten\u00edan que haber pagado antes del pasado jueves 31 de octubre.<\/p>   <p>As\u00ed pues, ante las consecuencias de la DANA, se ampl\u00eda el plazo para que los vecinos y comerciantes de Val\u00e8ncia realicen el pago del impuesto de veh\u00edculos, el IBI de naturaleza r\u00fastica, el IAE, as\u00ed como las tasas aplicables a mercados y por instalaci\u00f3n de quioscos en la v\u00eda p\u00fablica.<\/p>   <p>Este martes tambi\u00e9n ha comenzado la EMT a llegar a las pedan\u00edas de Val\u00e8ncia afectadas. La l\u00ednea 14 vuelve al coraz\u00f3n de Castellar.<\/p>   <p><div class=\"oembed twitter\"><blockquote class=\"twitter-tweet\"><p lang=\"es\" dir=\"ltr\">\ud83c\udd95Desde hoy, las l\u00edneas 9\u20e3, 2\u20e33\u20e3y2\u20e37\u20e3 de <a href=\"https:\/\/twitter.com\/emtvalencia?ref_src=twsrc%5Etfw\">@emtvalencia<\/a> adaptan su recorrido a las condiciones existentes para mejorar la conexi\u00f3n de las pedan\u00edas y pueblos del sur.<br>Los nuevos trazados se han planificado con urgencia para ofrecer una alternativa de movilidad a la ciudadan\u00eda <a href=\"https:\/\/twitter.com\/hashtag\/DANA?src=hash&amp;ref_src=twsrc%5Etfw\">#DANA<\/a> <a href=\"https:\/\/t.co\/HBbhPiITkn\">pic.twitter.com\/HBbhPiITkn<\/a><\/p>\u2014 Ajuntament Val\u00e8ncia (@AjuntamentVLC) <a href=\"https:\/\/twitter.com\/AjuntamentVLC\/status\/1853711141597258019?ref_src=twsrc%5Etfw\">November 5, 2024<\/a><\/blockquote>   <\/div><\/p>   <p>Las l\u00edneas 27 y 9 modifican su recorrido para dejar a los vecinos en la rotonda de entrada a la Torre y en la rotonda de Salida. No pueden entrar m\u00e1s porque las v\u00edas de acceso est\u00e1n impracticables. La l\u00ednea 23 prolonga su recorrido para dejar a los pasajeros lo las cerca posible de Horno Alcedo. y t\u00e9cnicos municipales hayan comprobado que no ha sufrido da\u00f1os importantes.<\/p>   <p>Las AMPA piden \u00abespacios seguros y libres de barro\u00bb para la infancia afectada por la DANA y los medios para poder llegar<\/p>   <p>La Confederaci\u00f3n de AMPA de la Comunitat Valenciana Gonzalo Anaya y FAMPA-Val\u00e8ncia reclama a la Conselleria de Educaci\u00f3n que <a href=\"https:\/\/cadenaser.com\/comunitat-valenciana\/2024\/11\/05\/las-ampa-piden-espacios-seguros-y-libres-de-barro-para-la-infancia-afectada-por-la-dana-y-los-medios-para-poder-llegar-radio-valencia\/\" target=\"_blank\" rel=\"noopener\">habilite \u00abespacios seguros y limpios, y con acompa\u00f1amiento, para las ni\u00f1as y ni\u00f1os de los lugares afectados por la DANA<\/a>, para que puedan recuperar sus rutinas y salir de los lugares insalubres en los que est\u00e1n, tanto f\u00edsica como mentalmente\u00bb.<\/p>   <p>En declaraciones a la Cadena SER, el presidente de la Confederaci\u00f3n Rub\u00e9n Pacheco se\u00f1ala que \u00abno puede ser que la Conselleria de Educaci\u00f3n, una semana despu\u00e9s, todav\u00eda no tenga un plan, que se pueda poner en pr\u00e1ctica, preocupa la salud mental de las ni\u00f1as y los ni\u00f1os por todo lo que est\u00e1n viviendo\u00bb. Pacheco \u00abreclama medios y no circulares que no llegan a los padres afectados\u00bb.<\/p>  <p><figure><img loading=\"lazy\" decoding=\"async\" src=\"https:\/\/cadenaser.com\/resizer\/v2\/WD3G7HHWOJH5XFLDKPASAAEUDE.jpg?auth=fc8b8af0e0f37a85929045cdd60cce551cf15094a7990598ef8b3ee065e14bd3&amp;quality=70&amp;width=650&amp;height=487&amp;smart=true\" width=\"4\" height=\"3\" \/><\/figure><button class=\"bt-am\">Ampliar<\/button><\/p>   <p>Val\u00e8ncia cierra playas para facilitar su limpieza<\/p>   <p>Las playas de Pinedo, Arbre de Gos, El Saler, Garrofera, Devesa y Perellonet permanecer\u00e1n cerradas mientras que se desarrollen los trabajos de limpieza y retirada de ca\u00f1as y otros residuos que se acumulan en este espacio a consecuencia de la DANA que ha azotado las pedan\u00edas del sur de la ciudad y otras localidades del \u00e1rea metropolitana.<\/p>   <p>El Ayuntamiento de Val\u00e8ncia ha adoptado esta medida que afecta a seis playas del t\u00e9rmino municipal para evitar riesgos a la ciudadan\u00eda y facilitar la entrada y salida de la maquinaria pesada que lleva a cabo estas tareas de limpieza y recogida de residuos del litoral.<\/p>   <p>La Polic\u00eda Local ha iniciado esta ma\u00f1ana el precinto de las playas en Pinedo, para continuar por las restantes Arbre de Gos, El Saler, Garrofera, Devesa y Perellonet, por ese orden. Todas ellas quedar\u00e1n cerradas hasta que finalicen los citados trabajos.<\/p>   <p>Servicios Sustitutivos de MetroValencia: Plan y Cobertura<\/p>   <p>El conseller de Infraestructuras, Vicente Mart\u00ednez, ha recordado en una entrevista en Hoy por Hoy Valencia que, debido a trabajos de reparaci\u00f3n en la red de transporte <a href=\"https:\/\/cadenaser.com\/comunitat-valenciana\/2024\/11\/04\/sigue-la-pesadilla-seis-dias-despues-de-la-dana-en-valencia-continua-la-busqueda-de-desaparecidos-y-la-limpieza-de-los-municipios-afectados-radio-valencia\/\" target=\"_blank\" rel=\"noopener\">por los efectos de la DANA<\/a>, el servicio de MetroValencia y tranv\u00eda se encuentra temporalmente interrumpido en el \u00e1rea metropolitana.<\/p>   <p>Para cubrir las necesidades esenciales de movilidad, <a href=\"https:\/\/cadenaser.com\/comunitat-valenciana\/2024\/11\/04\/metrovalencia-sustituye-temporalmente-alguna-de-sus-lineas-por-servicio-de-autobuses-radio-valencia\/\" target=\"_blank\" rel=\"noopener\">se ha puesto en marcha un plan de servicios de autob\u00fas sustitutivos que ir\u00e1 funcionando de forma progresiva a partir de este martes 5 de noviembre<\/a>. Estos autobuses reemplazar\u00e1n temporalmente las rutas de metro en algunos corredores clave, conectando Val\u00e8ncia con diversas poblaciones cercanas.<\/p>   <p>Corredores Cubiertos por Autobuses Sustitutivos<\/p>   <p><li>Val\u00e8ncia-Rafelbunyol (L\u00ednea 3): Inicia el 5 de noviembre.<\/li><li>Val\u00e8ncia-B\u00e9tera (L\u00ednea 1): Inicia el 5 de noviembre.<\/li><li>Val\u00e8ncia-Riba-roja (L\u00ednea 9): Inicia el 5 de noviembre, incluye lanzadera adicional entre el Aeropuerto de Manises y Val\u00e8ncia.<\/li><li>Val\u00e8ncia-Ll\u00edria (L\u00ednea 2): Servicio pendiente de confirmaci\u00f3n esta semana.<\/li><li>Val\u00e8ncia-Torrent-Castell\u00f3 de la Ribera (L\u00edneas 1, 2 y 7): La lanzadera Paiporta-Val\u00e8ncia se adelanta al lunes 4 de noviembre. El tramo Torrent-Castell\u00f3 tambi\u00e9n inicia hoy, 4 de noviembre.<\/li><\/p>   <p>Otros Servicios de Transporte P\u00fablico<\/p>   <p><li>Tranv\u00eda: Cancelado temporalmente. Se espera que los servicios se reanuden a partir del 11 de noviembre.<\/li><li>Autobuses Urbanos EMT: Operan con normalidad.<\/li><li>Autobuses Metropolitanos MetroB\u00fas:<\/li><li>L\u00ednea 106: Sin servicio.<\/li><li>L\u00ednea 150: Servicio de s\u00e1bados tambi\u00e9n en domingos y festivos.<\/li><li>L\u00edneas 160, 161, 162, 163, 164, 165, 170: Con cambios en los recorridos y algunas limitaciones de acceso en zonas espec\u00edficas.<\/li><\/p>   <p>Corredores Especiales de MetroB\u00fas<\/p>   <p><li>Corredor Norte: Operan con normalidad.<\/li><li>Corredor Sur: Sin servicio hasta que las v\u00edas est\u00e9n disponibles.<\/li><li>Corredor Hoya de Bu\u00f1ol: Lanzadera Y\u00e1tova-Bu\u00f1ol con horarios espec\u00edficos. La parada en Chiva ser\u00e1 \u00fanica.<\/li><\/p>   <p>Servicios de Cercan\u00edas de RENFE y Metrovalenica<\/p>   <p>Las l\u00edneas de cercan\u00edas C-5 (Val\u00e8ncia Nord-Caudiel) y C-6 (Val\u00e8ncia Nord-Castell\u00f3) son las \u00fanicas en funcionamiento hasta nuevo aviso.<\/p>   <p>Mientras, FGV est\u00e1 ejecutando trabajos de limpieza, retirada de residuos y restituci\u00f3n del vallado del tramo Sant Isidre -Torrent, as\u00ed como del conjunto de instalaciones de Val\u00e8ncia Sud, para hacer frente a los da\u00f1os provocados por la DANA.<\/p>   <p>El presupuesto destinado a este primer contrato de emergencia previsto para reparar los numerosos desperfectos sufridos asciende a casi 800 mil euros y el plazo de ejecuci\u00f3n es de 30 d\u00edas.<\/p>   <p>Los trabajos comprenden la planificaci\u00f3n, retirada de residuos, desbroce, limpieza, retirada de vallado da\u00f1ado y restituci\u00f3n. Ante los da\u00f1os sufridos ya se trabaja en el acondicionamiento de un Puesto de Mando alternativo para las l\u00edneas de metro y tranv\u00eda.<\/p>   <p>B\u00fasqueda de desaparecidos<\/p>   <p><a href=\"https:\/\/cadenaser.com\/comunitat-valenciana\/2024\/11\/04\/la-policia-nacional-confirma-que-no-hay-fallecidos-dentro-del-parking-del-centro-comercial-bonaire-radio-valencia\/\" target=\"_blank\" rel=\"noopener\">La Polic\u00eda Nacional ha confirmado que no hay fallecidos en los coches inspeccionados por ahora dentro del parking del centro comercial Bonaire<\/a> de Aldaia (Valencia), <a href=\"https:\/\/cadenaser.com\/comunitat-valenciana\/2024\/11\/04\/sigue-la-pesadilla-seis-dias-despues-de-la-dana-en-valencia-continua-la-busqueda-de-desaparecidos-y-la-limpieza-de-los-municipios-afectados-radio-valencia\/\" target=\"_blank\" rel=\"noopener\">arrasado por la DANA del pasado martes<\/a>. Los bomberos han entrado con neoprenos y andando para inspeccionar la planta de garaje, donde hay un metro de altura de agua. Han encontrado una cincuentena de coches y ning\u00fan fallecido por ahora.<\/p>   <p>Las primeras exploraciones de los bomberos en el primer s\u00f3tano del parking del centro comercial MN4, en la localidad valenciana de Alfafar, tampoco han hallado v\u00edctimas mortales.<\/p>   <p>Adem\u00e1s, bomberos de Valencia y la UME est\u00e1n peinando durante toda la ma\u00f1ana el nuevo cauce del Turia en b\u00fasqueda de desaparecidos.<\/p>  <p><figure><img loading=\"lazy\" decoding=\"async\" src=\"https:\/\/cadenaser.com\/resizer\/v2\/XTJCZRA4ZVHNBCF7EWILBEQKGE.jfif?auth=9c258d538d8c3d4295d24dae12a2db7b50a2995213d7be1ca37f0bff1478031f&amp;quality=70&amp;width=650&amp;height=365&amp;smart=true\" alt=\"Bomberos de Valencia y la UME peinando el nuevo cauce del Turia\" width=\"16\" height=\"9\" \/><figcaption class=\"fc\"><p><span>Bomberos de Valencia y la UME peinando el nuevo cauce del Turia<\/span> \/ <span>Ayuntamiento de Val\u00e8ncia<\/span><\/p><\/figcaption><\/figure><button class=\"bt-am\">Ampliar<\/button><\/p>   <p>Basuras<\/p>   <p>La Generalitat ha habilitado un descampado detr\u00e1s del cementerio de Alfafar donde est\u00e1 previsto recoger durante el d\u00eda la basura y los residuos para, por la noche, llevarla a los vertederos y a las canteras habilitadas a tal fin.<\/p>   <p>Fuentes de la Conselleria han explicado que lo mismo se va a hacer en otro municipios en el marco de un plan de la Generalitat que se desarrollar\u00e1 en dos fases: una diurna para recogida de residuos y basura, y otra nocturna para trasladarla a los vertederos y canteras.<\/p>   <p>En el espacio de Alfafar est\u00e1n tirando gravilla en el descampado totalmente embarrado para permitir el acceso de los camiones que traen los residuos y no se hunda.<\/p>   <p>Consejos sanitarios<\/p>   <p><a href=\"https:\/\/cadenaser.com\/comunitat-valenciana\/2024\/11\/04\/herme-vanaclocha-el-mayor-riesgo-es-el-agua-estancada-hay-que-evitar-cualquier-contacto-radio-valencia\/\" target=\"_blank\" rel=\"noopener\">Herme Vanaclocha, experta en epidemiolog\u00eda, ha sido contundente en Hoy Por Hoy Valencia a la hora de explicar la situaci\u00f3n de mayor riesgo en las zonas afectadas por la DANA en L&#8217; Horta Sud<\/a>. El agua estancada es el principal riesgo para todas las personas que permanecen en las calles y viviendas, sea personal de emergencias, vecinos, o voluntarios. Ante todo, \u00abhay que evitar el contacto con el agua, y hay que hacerlo con guantes, manga larga, evitar pantal\u00f3n corto, y siempre zapatillas cerradas\u00bb.<\/p>   <p>A la hora de consumir agua, tiene que ser siempre embotellada, y para saber si el agua de las viviendas est\u00e1 ya lista para consumo humano hay que contactar y buscar la informaci\u00f3n de cada ayuntamiento, que es el que tiene que dar la \u00faltima hora y el visto bueno. Y es que, como asegura la experta \u00bb en redes sociales se dicen muchas barbaridades\u00bb<\/p>   <p>En cuanto al resto de enfermedades, como la hepatitis A o el t\u00e9tanos Vanaclocha recuerda que la mayor\u00eda por edad \u00abest\u00e1 seguro vacunado\u00bb o la ha pasado &#8211; en el caso de la hepatitis. Lo que s\u00ed cree que pueda ser m\u00e1s probable, por los alimentos o agua consumida, \u00abes que la gente pueda padecer gastroenteritis\u00bb<\/p>   <p>En cuanto a una plaga de mosquitos que es muy posible que llegue, \u00bb pedir que la gente utilice repelente es bastante improbable\u00bb por lo que mantener las mismas precauciones que con el agua, es decir proteger la piel, es tambi\u00e9n imprescindible.<\/p>   <p><i>Sigue toda la \u00faltima hora en el canal de Whatsapp de Radio Valencia: <\/i><a href=\"https:\/\/eur01.safelinks.protection.outlook.com\/?url=https%3A%2F%2Fwhatsapp.com%2Fchannel%2F0029VaHjyqSFHWq2Q3iHB33R&amp;data=05%7C02%7Cjfores%40prisaradio.com%7C9cf93b8bc68040c162ea08dca66399b3%7Cc4fd49f3e15a44d882e2c909735d2e45%7C0%7C0%7C638568193933277239%7CUnknown%7CTWFpbGZsb3d8eyJWIjoiMC4wLjAwMDAiLCJQIjoiV2luMzIiLCJBTiI6Ik1haWwiLCJXVCI6Mn0%3D%7C0%7C%7C%7C&amp;sdata=wXicRJgfTg5wCWBTdUk%2FIrtJAULqiLUxrhnLmtwSKf0%3D&amp;reserved=0\" rel=\"nofollow noopener\" target=\"_blank\"><i>haz clic aqu\u00ed y suscr\u00edbete<\/i><\/a><i> para recibir toda la informaci\u00f3n y la actualidad del d\u00eda en tu m\u00f3vil.<\/i><\/p> ","protected":false},"excerpt":{"rendered":"<p>El n\u00famero de v\u00edctimas mortales asciende a 211. Ya han sido plenamente identificadas 111 personas<\/p>\n","protected":false},"author":0,"featured_media":10090,"comment_status":"open","ping_status":"open","sticky":false,"template":"","format":"standard","meta":{"_acf_changed":false,"footnotes":""},"categories":[1],"tags":[],"class_list":["post-10089","post","type-post","status-publish","format-standard","has-post-thumbnail","hentry","category-sin-categoria"],"acf":{"ser_id":"ULT4U4DGUVFNJPMRNSIMMPOU2A","ser_url":"https:\/\/cadenaser.com\/comunitat-valenciana\/2024\/11\/05\/una-semana-despues-de-dana-de-valencia-sigue-la-busqueda-de-desaparecidos-y-la-limpieza-de-los-municipios-afectados-radio-valencia\/"},"_links":{"self":[{"href":"https:\/\/serbenidorm.daliisolutions.com\/index.php\/wp-json\/wp\/v2\/posts\/10089","targetHints":{"allow":["GET"]}}],"collection":[{"href":"https:\/\/serbenidorm.daliisolutions.com\/index.php\/wp-json\/wp\/v2\/posts"}],"about":[{"href":"https:\/\/serbenidorm.daliisolutions.com\/index.php\/wp-json\/wp\/v2\/types\/post"}],"replies":[{"embeddable":true,"href":"https:\/\/serbenidorm.daliisolutions.com\/index.php\/wp-json\/wp\/v2\/comments?post=10089"}],"version-history":[{"count":0,"href":"https:\/\/serbenidorm.daliisolutions.com\/index.php\/wp-json\/wp\/v2\/posts\/10089\/revisions"}],"wp:featuredmedia":[{"embeddable":true,"href":"https:\/\/serbenidorm.daliisolutions.com\/index.php\/wp-json\/wp\/v2\/media\/10090"}],"wp:attachment":[{"href":"https:\/\/serbenidorm.daliisolutions.com\/index.php\/wp-json\/wp\/v2\/media?parent=10089"}],"wp:term":[{"taxonomy":"category","embeddable":true,"href":"https:\/\/serbenidorm.daliisolutions.com\/index.php\/wp-json\/wp\/v2\/categories?post=10089"},{"taxonomy":"post_tag","embeddable":true,"href":"https:\/\/serbenidorm.daliisolutions.com\/index.php\/wp-json\/wp\/v2\/tags?post=10089"}],"curies":[{"name":"wp","href":"https:\/\/api.w.org\/{rel}","templated":true}]}}