{"id":10118,"date":"2024-11-06T11:49:42","date_gmt":"2024-11-06T10:49:42","guid":{"rendered":"https:\/\/serbenidorm.daliisolutions.com\/index.php\/2024\/11\/06\/consulta-los-actos-de-las-fiestas-patronales-de-lalfas-del-pi\/"},"modified":"2024-11-06T11:49:42","modified_gmt":"2024-11-06T10:49:42","slug":"consulta-los-actos-de-las-fiestas-patronales-de-lalfas-del-pi","status":"publish","type":"post","link":"https:\/\/serbenidorm.daliisolutions.com\/index.php\/2024\/11\/06\/consulta-los-actos-de-las-fiestas-patronales-de-lalfas-del-pi\/","title":{"rendered":"Consulta los actos de las Fiestas Patronales de L&#8217;Alf\u00e0s del Pi"},"content":{"rendered":"  <p><\/p>   <p>L&#8217;Alf\u00e0s del P\u00ed<\/p>   <p>L&#8217;Alf\u00e0s del Pi se prepara para vivir sus fiestas grandes. Del 7 al 10 de noviembre el municipio celebra sus Festes del Jubileu i del Sant\u00edssim Crist del Bon Encert.<\/p>   <p>En <a href=\"https:\/\/radiobenidorm.es\/\" rel=\"nofollow noopener\" target=\"_blank\">Hoy por Hoy Benidorm<\/a> los festeros y autoridades locales han animado a los alfasinos y vecinos de la comarca a participar y disfrutar de los actos y han destacado el \u00abcaracter abierto y hospitalario\u00bb de los festeros y de las penyas \u00abdonde todo el mundo es bien recibido\u00bb.<\/p>   <p>Han pasado por <a href=\"https:\/\/radiobenidorm.es\/\" rel=\"nofollow noopener\" target=\"_blank\">Radio Benidorm<\/a> la Reina Mayor M\u00f3nica M\u00e1s, Reina Infantil \u00c1frica Latorre, edil de Fiestas Sandra G\u00f3mez, portavoz de los Mayorales 2024 Dana Tenza y el secretario de la Asociaci\u00f3n de Pe\u00f1as Marc Torm.<\/p>   <p>Todos ellos han destacado la variedad del programa de actos \u00aben el que llevamos un a\u00f1o trabajando\u00bb y que contiene de forma equilibrada, actos l\u00fadicos y festivos, religiosos, culturales y actividades espec\u00edficas para los m\u00e1s peque\u00f1os.<\/p>   <p>Programa de Actos<\/p>   <p>DOMINGO 3 NOVIEMBRE<\/p>   <p>     .c-w{         max-width:444px;         width:100%;         margin:32px auto;      background:#00755E;         border-radius:4px;         display:flex;         align-items:center;         justify-content:center;     }     .c-w a{         display:flex;         align-items:center;         justify-content:center;         padding:4px 24px;     }     .c-w img{         width:24px;         margin-right:12px;     }     .c-w p{         font:18px\/25px Poppins;         text-align:center;         color:#fff;         margin:0;     }     @media (max-width:444px){         .c-w a{             padding:4px 12px;         }         .c-w img{             width:24px;             margin-right:8px;         }         .c-w p{             font:14px\/25px Poppins;         }     }     @media (max-width:335px){         .c-w p{             font:13px\/25px Poppins;         }     }  <div class=\"c-w\">     <a href=\"https:\/\/www.whatsapp.com\/channel\/0029Va633PF9WtC4l7XUzh1e\" target=\"_blank\" rel=\"noopener\">         <img decoding=\"async\" src=\"https:\/\/cadenaser.com\/estaticos\/recursosgraficos\/responsive\/img\/ico-whatsapp.svg\" alt=\"Whatsapp\">         <p>\u00danete al <b>canal de WhatsApp<\/b> de la SER<\/p>     <\/a> <\/div><\/p>   <p>14.00h Concurso de Paellas, por la Asociaci\u00f3n de Pe\u00f1as en la Carpa Municipal<\/p>   <p>17.00h Entrega de estandartes a las nuevas pe\u00f1as e imposici\u00f3n de corbatines<\/p>   <p>17.30h Gran concurso de Playbacks, en la Carpa Municipal<\/p>   <p>LUNES 4 NOVIEMBRE<\/p>   <p>19.30h Pasacalles de mayorales, Reinas y Damas, acompa\u00f1ados de xirimita y tabalet, desde la Plaza Mayor e inauguraci\u00f3n el alumbrado de fiestas.<\/p>   <p>20.00h Presentaci\u00f3n del libro de fiestas en las Escuelas Viejas<\/p>   <p>MARTES 5 NOVIEMBRE<\/p>   <p>21:30h NIT D\u2019ALBAES. Se les cantar\u00e1n les Albaes a las Damas, Reinas y \u00e1ngel, acompa\u00f1ados de xirimita y tabalet.<\/p>   <p>23:30h NIT DE LA MALETA, recorriendo las Pe\u00f1as de l\u2019Alf\u00e0s<\/p>   <p>MI\u00c9RCOLES 6 NOVIEMBRE<\/p>   <p>13.00h Volteo de campanas acompa\u00f1ados de xirimita y tabalet anunciando el inicio de las fiestas<\/p>   <p>13.00h Bombardeo a\u00e9reo para anunciar el inicio de las fiestas<\/p>   <p>16.00h Tardeo con xaranga, en la pe\u00f1a \u201cLa Mamella Despistada\u201d<\/p>   <p>19.30h Recogida de Reinas y pasacalles, acompa\u00f1ados por la Bandeta de Bernia, xirimita y tabalet.<\/p>   <p>20.00h Concentraci\u00f3n de pe\u00f1as en la Plaza Mayor<\/p>   <p>20.30h Entrada de Pe\u00f1as, acompa\u00f1ados por la Bandeta de Bernia, xirimita y tabalet y la Batucada Sonats d\u2019Altea.<\/p>   <p>21.00h Preg\u00f3n de inicio de fiestas en la Casa de Cultura<\/p>   <p>22.00h Picaeta para las pe\u00f1as en la Carpa Municipal<\/p>   <p>00.00h Actuaci\u00f3n a cargo del pregonero en la Carpa Municipal<\/p>   <p>01:45h DJ MARSAL VENTURA, directo desde Tomorrowland, en la Carpa Municipal<\/p>   <p>JUEVES 7 NOVIEMBRE<\/p>   <p>08.30h Despert\u00e0 a cargo de mayorales y pe\u00f1as, acompa\u00f1ados de xirimita y tabalet<\/p>   <p>11.00h Pasacalles de recogida de Reinas, con la Bandeta de Bernia, xirimita y tabalet.<\/p>   <p>11.30h Apertura del Jubileo y exposici\u00f3n del Sant\u00edsimo Sacramento de la Eucarist\u00eda.<\/p>   <p>12.00h Celebraci\u00f3n de la Misa Mayor, dedicada al Padre.<\/p>   <p>12.00h Concierto de la Banda UDP Ll\u00edria-Camp de T\u00faria-Serrano, en Casa de Cultura<\/p>   <p>12.30h Ma\u00f1aneo l\u2019Anxova Rock, en la pe\u00f1a \u201cl\u2019Anxova\u201d<\/p>   <p>13.00h Pasacalles y visitas de los Mayorales, Reinas y Damas, al primer sector de pe\u00f1as, con la Bandeta de Bernia y la xirimita y tabalet.<\/p>   <p>16:00h Inauguraci\u00f3n del mundo infantil en el parking de la Bolleta<\/p>   <p>16.00h Gran chocolatada en el hogar del pensionista, amenizada por DUO PARADISE<\/p>   <p>18:00h Trisagio al Sant\u00edsimo Sacramento de la Eucaristia<\/p>   <p>19.00h Pasacalles de recogida de Reinas, acompa\u00f1ados por la Bandeta de Bernia y la Xaranga La Bona, xirimita y tabalet<\/p>   <p>19:30h GRAN CABALGATA MULTICOLOR.<\/p>   <p>00:00h GRAN BATALLA DE XARANGAS, con la Bandeta de Bernia y la Xaranga La Bona<\/p>   <p>00:30h Actuaci\u00f3n de ALBOROTO WORLD, en la Carpa Municipal<\/p>   <p>VIERNES 8 NOVIEMBRE<\/p>   <p>08.30h Despert\u00e0 a cargo de mayorales y pe\u00f1as, acompa\u00f1ados de xirimita y tabalet<\/p>   <p>11.00h Inicio del mundo infantil en el parking de la Bolleta<\/p>   <p>11.30h Exposici\u00f3n del Sant\u00edsimo Sacramento de la Eucarist\u00eda<\/p>   <p>11.30h Pasacalles de recogida de Reinas, con la Bandeta de Bernia, xirimita y tabalet.<\/p>   <p>12.00h Celebraci\u00f3n de la Misa Mayor, dedicada al Hijo<\/p>   <p>12.30h Ma\u00f1aneo 10\u00ba aniversario pe\u00f1a \u201cGuirigall\u201d<\/p>   <p>13.00h Pasacalles y visitas de los Mayorales, Reinas y Damas, al segundo sector de pe\u00f1as, acompa\u00f1ados de la Bandeta de Bernia, xirimita y tabalet.<\/p>   <p>16.00h Continuaci\u00f3n del mundo infantil en el parking la Bolleta<\/p>   <p>16.00h Tardeo de Animales, a cargo de la pe\u00f1a \u201cDescontrol\u201d<\/p>   <p>16.30h Teatro infantil, con la compa\u00f1\u00eda Tramant Teatre, con la obra \u201cLa nueva historia de Caperucita Roja\u201d, en las Escuelas Viejas<\/p>   <p>18.00h Trisagio al Sant\u00edsimo Sacramento de la Eucaristia<\/p>   <p>19.30h Pasacalles de recogida de Reinas, acompa\u00f1ados por la Bandeta de Bernia y la Xaranga La Bona, xirimita y tabalet<\/p>   <p>20.00h OFRENDA DE FLORES, al Sant\u00edsimo Cristo del Buen Acierto<\/p>   <p>23.00h CORREFOCS, a cargo de la Colla de Dimonis l\u2019Escamp\u00e0.<\/p>   <p>00.30h NOCHE DE CHICAS a cargo de las DJs JESSET y KOKEDAMA, en la Carpa Municipal<\/p>   <p>S\u00c1BADO 9 NOVIEMBRE<\/p>   <p>08.30h Despert\u00e0 a cargo de mayorales y pe\u00f1as, acompa\u00f1ados de xirimita y tabalet<\/p>   <p>11.00h Inicio del mundo infantil en el parking de la Bolleta<\/p>   <p>11.30h Exposici\u00f3n del Sant\u00edsimo Sacramento de la Eucarist\u00eda<\/p>   <p>11.30h Pasacalles de recogida de Reinas, acompa\u00f1ados por la Bandeta de Bernia, xirimita y tabalet.<\/p>   <p>12.00h Celebraci\u00f3n de la Solemne Misa Mayor, dedicada al Sant\u00edsimo Sacramento de la Eucarist\u00eda, oficiada por D. Miguel \u00c1ngel Schiller Villalta, cantada por la Coral Polif\u00f3nica l\u2019Alf\u00e0s Canta.<\/p>   <p>12.30h Ma\u00f1aneo con almuerzo y m\u00fasica, en la pe\u00f1a \u201cL\u2019Os\u201d<\/p>   <p>13.30h BOMBARDEO a cargo de \u201cPirotecnia Valenciana\u201d, en en las Escuelas Viejas<\/p>   <p>16.00h Continuaci\u00f3n del mundo infantil, en el parking la Bolleta<\/p>   <p>16.00h Tardeo del Salvaje Oeste, a cargo de las pe\u00f1as de Peyma<\/p>   <p>17.30h Pasacalles de recogida de Reinas, acompa\u00f1ados por la Bandeta de Bernia.<\/p>   <p>18.00h Mini Disco para los m\u00e1s peques, en el parking la Bolleta<\/p>   <p>18.00h Trisagio al Sant\u00edsimo Sacramento<\/p>   <p>19.00h Solemne Procesi\u00f3n del Smo. Sacramento. Al finalizar, se bajar\u00e1 la imagen del Smo. Cristo del Buen Acierto de su Camar\u00edn.<\/p>   <p>22.30h Concentraci\u00f3n de pe\u00f1as en la calle Ferreria, para el comienzo de los Autos Locos.<\/p>   <p>23.00h GRAN CARRERA DE AUTOS LOCOS, en la calle Ferreria.<\/p>   <p>00.30h Gran actuaci\u00f3n de la orquesta INVICTUS, en la Carpa Municipal<\/p>   <p>DOMINGO 10 NOVIEMBRE<\/p>   <p>08:30h Despert\u00e0 a cargo de mayorales y pe\u00f1as, acompa\u00f1ados de xirimita y tabalet.<\/p>   <p>11:00h Inicio del mundo infantil en el parking de la Bolleta<\/p>   <p>11.00h Pasacalles de recogida de Reinas, acompa\u00f1ados por la Bandeta de Bernia, xirimita y tabalet.<\/p>   <p>12.00h Celebraci\u00f3n de la Solemne Misa Mayor al Sant\u00edsimo Cristo del Buen Acierto, oficiada por D. Miguel \u00c1ngel Schiller Villalta, cantada por la Coral Polif\u00f3nica l\u2019Alf\u00e0s Canta.<\/p>   <p>12.30h Ma\u00f1aneo Rock al Carrer, a cargo de la pe\u00f1a \u201cLa Castanyeta\u201d<\/p>   <p>14.00h MASCLET\u00c0 a cargo de \u201cPirotecnia Valenciana\u201d, en la explanada de la Casa de Cultura<\/p>   <p>14.30h Picaeta Popular en la Carpa Municipal<\/p>   <p>18.00h Recogida de los mayorales, Damas, Reinas y Angel, acompa\u00f1ados por la Bandeta de Bernia, xirimita y tabalet.<\/p>   <p>19.00h Celebraci\u00f3n de la Santa Misa por todos los difuntos del a\u00f1o<\/p>   <p>20.00h Solemne Procesi\u00f3n del Sant\u00edsimo Cristo del Buen Acierto. Al finalizar, la ni\u00f1a Catalina Almagro Fern\u00e1ndez, recitar\u00e1 la embajada al Sant\u00edsimo Cristo del Buen Acierto.<\/p>   <p>22.00h GRAN MASCLET\u00c0 NOCTURNA, a cargo de \u201cPirotecnia Valenciana\u201d en<\/p>   <p>la explanada de la Casa de Cultura<\/p> ","protected":false},"excerpt":{"rendered":"<p>Del 7 al 10 de noviembre Festes del Jubileu i del Sant\u00edssim Crist del Bon Encert<\/p>\n","protected":false},"author":0,"featured_media":10119,"comment_status":"open","ping_status":"open","sticky":false,"template":"","format":"standard","meta":{"_acf_changed":false,"footnotes":""},"categories":[1],"tags":[],"class_list":["post-10118","post","type-post","status-publish","format-standard","has-post-thumbnail","hentry","category-sin-categoria"],"acf":{"ser_id":"F2ZB5RU5OFB6LEV4PQSXISCUMU","ser_url":"https:\/\/cadenaser.com\/comunitat-valenciana\/2024\/10\/31\/consulta-los-actos-de-las-fiestas-patronales-de-lalfas-del-pi-radio-benidorm\/"},"_links":{"self":[{"href":"https:\/\/serbenidorm.daliisolutions.com\/index.php\/wp-json\/wp\/v2\/posts\/10118","targetHints":{"allow":["GET"]}}],"collection":[{"href":"https:\/\/serbenidorm.daliisolutions.com\/index.php\/wp-json\/wp\/v2\/posts"}],"about":[{"href":"https:\/\/serbenidorm.daliisolutions.com\/index.php\/wp-json\/wp\/v2\/types\/post"}],"replies":[{"embeddable":true,"href":"https:\/\/serbenidorm.daliisolutions.com\/index.php\/wp-json\/wp\/v2\/comments?post=10118"}],"version-history":[{"count":0,"href":"https:\/\/serbenidorm.daliisolutions.com\/index.php\/wp-json\/wp\/v2\/posts\/10118\/revisions"}],"wp:featuredmedia":[{"embeddable":true,"href":"https:\/\/serbenidorm.daliisolutions.com\/index.php\/wp-json\/wp\/v2\/media\/10119"}],"wp:attachment":[{"href":"https:\/\/serbenidorm.daliisolutions.com\/index.php\/wp-json\/wp\/v2\/media?parent=10118"}],"wp:term":[{"taxonomy":"category","embeddable":true,"href":"https:\/\/serbenidorm.daliisolutions.com\/index.php\/wp-json\/wp\/v2\/categories?post=10118"},{"taxonomy":"post_tag","embeddable":true,"href":"https:\/\/serbenidorm.daliisolutions.com\/index.php\/wp-json\/wp\/v2\/tags?post=10118"}],"curies":[{"name":"wp","href":"https:\/\/api.w.org\/{rel}","templated":true}]}}