{"id":10120,"date":"2024-11-06T11:49:44","date_gmt":"2024-11-06T10:49:44","guid":{"rendered":"https:\/\/serbenidorm.daliisolutions.com\/index.php\/2024\/11\/06\/barra-libre-edicion-especial-con-jacobo-balongo-presidente-del-club-balonmano-benidorm\/"},"modified":"2024-11-06T11:49:44","modified_gmt":"2024-11-06T10:49:44","slug":"barra-libre-edicion-especial-con-jacobo-balongo-presidente-del-club-balonmano-benidorm","status":"publish","type":"post","link":"https:\/\/serbenidorm.daliisolutions.com\/index.php\/2024\/11\/06\/barra-libre-edicion-especial-con-jacobo-balongo-presidente-del-club-balonmano-benidorm\/","title":{"rendered":"Barra Libre edici\u00f3n especial con Jacobo Balongo, presidente del Club Balonmano Benidorm"},"content":{"rendered":"  <p><\/p>   <p>Benidorm<\/p>   <p>La Liga Asobal afronta esta semana su primer par\u00f3n competitivo justo despu\u00e9s de que el Servigroup Benidorm tuviera que aplazar el choque ante el Aranda previsto para el pasado s\u00e1bado en el Palau d\u2019Esports l\u2019Illa despu\u00e9s de que todo el deporte valenciano decidiera parar en se\u00f1al de luto por las v\u00edctimas de la DANA de Valencia.<\/p>   <p>Aprovechando ese brusco par\u00f3n competitivo, Radio Benidorm quiso brindar los micr\u00f3fonos de SER Deportivos Marina Baixa al presidente del Club Balonmano Benidorm, Jacobo Balongo, para hacer balance no s\u00f3lo de la marcha deportiva del principal equipo de la comarca de la Marina Baixa, sino de la entidad en su conjunto.<\/p>   <p>Por lo tanto, SER Deportivos Marina Baixa emiti\u00f3 este martes una edici\u00f3n especial de \u2018La Barra Libre\u2019 en la que no estuvieron los tertulianos habituales, pero s\u00ed el presidente del Club Balonmano Benidorm acompa\u00f1ado de uno de sus directivos de plena confianza, Jos\u00e9 Antonio Villalgordo.<\/p> ","protected":false},"excerpt":{"rendered":"<p>Aprovechando el par\u00f3n competitivo en Asobal, Balongo ha analizado la situaci\u00f3n del club en Radio Benidorm-SER<\/p>\n","protected":false},"author":0,"featured_media":10121,"comment_status":"open","ping_status":"open","sticky":false,"template":"","format":"standard","meta":{"_acf_changed":false,"footnotes":""},"categories":[16],"tags":[],"class_list":["post-10120","post","type-post","status-publish","format-standard","has-post-thumbnail","hentry","category-deportes"],"acf":{"ser_id":"H6G57CAC4ZAHXNBNLYDNMTFVEA","ser_url":"https:\/\/cadenaser.com\/comunitat-valenciana\/2024\/11\/06\/barra-libre-edicion-especial-con-jacobo-balongo-presidente-del-club-balonmano-benidorm-radio-benidorm\/"},"_links":{"self":[{"href":"https:\/\/serbenidorm.daliisolutions.com\/index.php\/wp-json\/wp\/v2\/posts\/10120","targetHints":{"allow":["GET"]}}],"collection":[{"href":"https:\/\/serbenidorm.daliisolutions.com\/index.php\/wp-json\/wp\/v2\/posts"}],"about":[{"href":"https:\/\/serbenidorm.daliisolutions.com\/index.php\/wp-json\/wp\/v2\/types\/post"}],"replies":[{"embeddable":true,"href":"https:\/\/serbenidorm.daliisolutions.com\/index.php\/wp-json\/wp\/v2\/comments?post=10120"}],"version-history":[{"count":0,"href":"https:\/\/serbenidorm.daliisolutions.com\/index.php\/wp-json\/wp\/v2\/posts\/10120\/revisions"}],"wp:featuredmedia":[{"embeddable":true,"href":"https:\/\/serbenidorm.daliisolutions.com\/index.php\/wp-json\/wp\/v2\/media\/10121"}],"wp:attachment":[{"href":"https:\/\/serbenidorm.daliisolutions.com\/index.php\/wp-json\/wp\/v2\/media?parent=10120"}],"wp:term":[{"taxonomy":"category","embeddable":true,"href":"https:\/\/serbenidorm.daliisolutions.com\/index.php\/wp-json\/wp\/v2\/categories?post=10120"},{"taxonomy":"post_tag","embeddable":true,"href":"https:\/\/serbenidorm.daliisolutions.com\/index.php\/wp-json\/wp\/v2\/tags?post=10120"}],"curies":[{"name":"wp","href":"https:\/\/api.w.org\/{rel}","templated":true}]}}