{"id":10125,"date":"2024-11-06T15:44:39","date_gmt":"2024-11-06T14:44:39","guid":{"rendered":"https:\/\/serbenidorm.daliisolutions.com\/index.php\/2024\/11\/06\/la-policia-detiene-en-benidorm-a-un-promotor-por-vender-dos-viviendas-en-finestrat-sin-licencia-de-obra\/"},"modified":"2024-11-06T15:44:39","modified_gmt":"2024-11-06T14:44:39","slug":"la-policia-detiene-en-benidorm-a-un-promotor-por-vender-dos-viviendas-en-finestrat-sin-licencia-de-obra","status":"publish","type":"post","link":"https:\/\/serbenidorm.daliisolutions.com\/index.php\/2024\/11\/06\/la-policia-detiene-en-benidorm-a-un-promotor-por-vender-dos-viviendas-en-finestrat-sin-licencia-de-obra\/","title":{"rendered":"La Polic\u00eda detiene en Benidorm a un promotor por vender dos viviendas en Finestrat sin licencia de obra"},"content":{"rendered":"  <p><\/p>   <p>Benidorm<\/p>   <p>La Polic\u00eda Nacional ha detenido a un promotor inmobiliario, de nacionalidad espa\u00f1ola y 52 a\u00f1os de edad, como presunto autor de los delitos de estafa y falsificaci\u00f3n documental al haber percibido un total de 161.000 euros por la compra de dos <a href=\"https:\/\/cadenaser.com\/tag\/finestrat\/a\/\" target=\"_blank\" rel=\"noopener\">viviendas sobre plano de un edificio que se iba a construir en Finestrat<\/a> careciendo de licencia de obra.<\/p>   <p>Seg\u00fan ha informado el cuerpo en un comunicado, tales obras consist\u00edan en la ejecuci\u00f3n de 24 viviendas para la que se concedi\u00f3 a finales del a\u00f1o 2019 licencia de obra mayor a la promotora de las viviendas, de cuya mercantil el arrestado era administrador, figurando entre la documentaci\u00f3n aportada por la promotora un justificante de pago de las tasas urban\u00edsticas por valor de 72.958,20 euros.<\/p>  <p><p>M\u00e1s informaci\u00f3n<\/p><figure><img loading=\"lazy\" decoding=\"async\" src=\"https:\/\/cadenaser.com\/resizer\/v2\/5Y2AKGFK5ZECNLL4SX3DQTEBMI.jpg?auth=bc92c630d7acffce9a49f61ba6e0d4c1c37eea1f22bc3d3111ebde31acf5085b&amp;quality=70&amp;width=360&amp;height=202&amp;smart=true\" width=\"820\" height=\"621\" \/><\/figure><ul><li><a href=\"https:\/\/cadenaser.com\/comunitat-valenciana\/2024\/10\/31\/un-plan-y-una-advertencia-de-benidorm-frente-a-inundaciones-ningun-sitio-esta-preparado-para-lo-de-valencia-radio-benidorm\/\"><span>Un plan y una advertencia de Benidorm frente a inundaciones: \u00abNing\u00fan sitio est\u00e1 preparado para lo de Valencia\u00bb<\/span><\/a><\/li><\/ul><\/p>   <p>Las v\u00edctimas, abonaron a la promotora en total la cantidad de 161.000 euros por la compra de dos viviendas sobre plano, cuya fecha de entrega prevista era abril del a\u00f1o 2021.<\/p>   <p>Falsedad documental y estafa<\/p>   <p>Los agentes de la <a href=\"https:\/\/cadenaser.com\/tag\/benidorm\/a\/\" target=\"_blank\" rel=\"noopener\">Comisar\u00eda de Benidorm<\/a> encargados del caso, recabaron datos e informes del departamento de urbanismo del ayuntamiento que concedi\u00f3 la licencia y donde se iban a construir las viviendas.<\/p>   <p>Seg\u00fan inform\u00f3 dicho departamento, una vez se iniciaron las obras, hubo problemas durante la ejecuci\u00f3n de las mismas que generaron molestias a vecinos y ocupaci\u00f3n de v\u00eda p\u00fablica, no contando con la autorizaci\u00f3n municipal espec\u00edfica.<\/p>   <p>     .c-w{         max-width:444px;         width:100%;         margin:32px auto;      background:#00755E;         border-radius:4px;         display:flex;         align-items:center;         justify-content:center;     }     .c-w a{         display:flex;         align-items:center;         justify-content:center;         padding:4px 24px;     }     .c-w img{         width:24px;         margin-right:12px;     }     .c-w p{         font:18px\/25px Poppins;         text-align:center;         color:#fff;         margin:0;     }     @media (max-width:444px){         .c-w a{             padding:4px 12px;         }         .c-w img{             width:24px;             margin-right:8px;         }         .c-w p{             font:14px\/25px Poppins;         }     }     @media (max-width:335px){         .c-w p{             font:13px\/25px Poppins;         }     }  <div class=\"c-w\">     <a href=\"https:\/\/www.whatsapp.com\/channel\/0029Va633PF9WtC4l7XUzh1e\" target=\"_blank\" rel=\"noopener\">         <img decoding=\"async\" src=\"https:\/\/cadenaser.com\/estaticos\/recursosgraficos\/responsive\/img\/ico-whatsapp.svg\" alt=\"Whatsapp\">         <p>\u00danete al <b>canal de WhatsApp<\/b> de la SER<\/p>     <\/a> <\/div><\/p>   <p>Seguidamente, revisaron la documentaci\u00f3n presentada por la promotora para la solicitud de la licencia, detectando en ese momento ciertas irregularidades en los pagos y fianzas de dichas obras.<\/p>   <p>A pesar de constar un justificante de pago de las tasas entre la documentaci\u00f3n presentada, por la cantidad de 72.958,20 euros para la solicitud de la licencia, dicha cantidad nunca lleg\u00f3 a ser ingresada en las arcas municipales.<\/p>   <p>Por tal motivo, se orden\u00f3 la paralizaci\u00f3n de las obras inici\u00e1ndose la apertura de un expediente de infracci\u00f3n administrativa urban\u00edstica para iniciar la caducidad de la licencia, al no cumplir con los requisitos que se establec\u00edan para la concesi\u00f3n de la licencia.<\/p>   <p>Los agentes encargados del caso, localizaron y detuvieron al administrador de la promotora como presunto autor de los delitos de falsedad documental y estafa, remiti\u00e9ndose todo lo actuado a los Juzgados de Instrucci\u00f3n de Benidorm.<\/p> ","protected":false},"excerpt":{"rendered":"<p>Estafa de m\u00e1s de 160.000 euros<\/p>\n","protected":false},"author":0,"featured_media":10126,"comment_status":"open","ping_status":"open","sticky":false,"template":"","format":"standard","meta":{"_acf_changed":false,"footnotes":""},"categories":[1],"tags":[],"class_list":["post-10125","post","type-post","status-publish","format-standard","has-post-thumbnail","hentry","category-sin-categoria"],"acf":{"ser_id":"SYBXJIJYKZDGNKC2CPHCYFENUA","ser_url":"https:\/\/cadenaser.com\/comunitat-valenciana\/2024\/11\/06\/la-policia-nacional-detiene-en-benidorm-a-un-promotor-inmobiliario-por-vender-dos-viviendas-en-finestrat-sin-tener-licencia-de-obra-radio-benidorm\/"},"_links":{"self":[{"href":"https:\/\/serbenidorm.daliisolutions.com\/index.php\/wp-json\/wp\/v2\/posts\/10125","targetHints":{"allow":["GET"]}}],"collection":[{"href":"https:\/\/serbenidorm.daliisolutions.com\/index.php\/wp-json\/wp\/v2\/posts"}],"about":[{"href":"https:\/\/serbenidorm.daliisolutions.com\/index.php\/wp-json\/wp\/v2\/types\/post"}],"replies":[{"embeddable":true,"href":"https:\/\/serbenidorm.daliisolutions.com\/index.php\/wp-json\/wp\/v2\/comments?post=10125"}],"version-history":[{"count":0,"href":"https:\/\/serbenidorm.daliisolutions.com\/index.php\/wp-json\/wp\/v2\/posts\/10125\/revisions"}],"wp:featuredmedia":[{"embeddable":true,"href":"https:\/\/serbenidorm.daliisolutions.com\/index.php\/wp-json\/wp\/v2\/media\/10126"}],"wp:attachment":[{"href":"https:\/\/serbenidorm.daliisolutions.com\/index.php\/wp-json\/wp\/v2\/media?parent=10125"}],"wp:term":[{"taxonomy":"category","embeddable":true,"href":"https:\/\/serbenidorm.daliisolutions.com\/index.php\/wp-json\/wp\/v2\/categories?post=10125"},{"taxonomy":"post_tag","embeddable":true,"href":"https:\/\/serbenidorm.daliisolutions.com\/index.php\/wp-json\/wp\/v2\/tags?post=10125"}],"curies":[{"name":"wp","href":"https:\/\/api.w.org\/{rel}","templated":true}]}}