{"id":10140,"date":"2024-11-06T16:38:57","date_gmt":"2024-11-06T15:38:57","guid":{"rendered":"https:\/\/serbenidorm.daliisolutions.com\/index.php\/2024\/11\/06\/felipe-orts-sigo-en-una-nube-fue-un-dia-que-siempre-suenas-y-muchas-veces-nunca-llega\/"},"modified":"2024-11-06T16:38:57","modified_gmt":"2024-11-06T15:38:57","slug":"felipe-orts-sigo-en-una-nube-fue-un-dia-que-siempre-suenas-y-muchas-veces-nunca-llega","status":"publish","type":"post","link":"https:\/\/serbenidorm.daliisolutions.com\/index.php\/2024\/11\/06\/felipe-orts-sigo-en-una-nube-fue-un-dia-que-siempre-suenas-y-muchas-veces-nunca-llega\/","title":{"rendered":"Felipe Orts: \u00abSigo en una nube. Fue un d\u00eda que siempre sue\u00f1as y muchas veces nunca llega\u00bb"},"content":{"rendered":"  <p><\/p>   <p>Benidorm<\/p>   <p>Pontevedra se convirti\u00f3 el pasado fin de semana en la primera ciudad espa\u00f1ola en albergar el <a href=\"https:\/\/cadenaser.com\/tag\/ciclocross\/a\/\">Campeonato de Europa de cilocross<\/a>, una competici\u00f3n todav\u00eda joven (nacida en el a\u00f1o 2003 y que no incorpor\u00f3 la categor\u00eda \u00c9lite masculina hasta 2015), pero que cuenta en su palmar\u00e9s con nombres tan ic\u00f3nicos como los de Mathieu Van der Poel (con tres oros entre 2017 y 2019, el corredor m\u00e1s laureado), Lars Van der Haar o Eli Iserbyt.<\/p>  <p><p>M\u00e1s informaci\u00f3n<\/p><figure><img loading=\"lazy\" decoding=\"async\" src=\"https:\/\/cadenaser.com\/resizer\/v2\/HBFHZD7A2FFRPGUA2TKQ3JGUNQ.jpg?auth=6d9684588a5274df667de43e3bb52219636b32e9c2ad619bd73a6a285699470e&amp;quality=70&amp;width=360&amp;height=202&amp;smart=true\" width=\"820\" height=\"621\" \/><\/figure><ul><li><a href=\"https:\/\/cadenaser.com\/tag\/felipe_orts_lloret\/a\/\"><span>Todas las noticias de Felipe Orts<\/span><\/a><\/li><\/ul><\/p>   <p>La decidida y valiente apuesta de los organizadores gallegos se vio sobradamente compensada, y por partida doble, en la gran carrera del fin de semana, la prueba \u00c9lite masculina. Y no s\u00f3lo por el gran espect\u00e1culo vivido en Galicia sino, sobre todo, por <a href=\"https:\/\/cadenaser.com\/comunitat-valenciana\/2024\/11\/03\/felipe-orts-subcampeon-de-europa-radio-benidorm\/\">la medalla de plata que logr\u00f3 colgarse Felipe Orts<\/a> en el que, por ahora, es el mayor logro de su ya de por s\u00ed exitosa carrera deportiva.<\/p>   <p>Nada m\u00e1s regresar de Pontevedra y a punto de volver a poner rumbo a B\u00e9lgica para el segundo bloque de carreras all\u00ed, <a href=\"https:\/\/cadenaser.com\/tag\/felipe_orts_lloret\/a\/\">Felipe Orts<\/a> ha querido visitar los estudios de <a href=\"https:\/\/cadenaser.com\/radio-benidorm\/\">Radio Benidorm-SER<\/a> y, como ya se ha convertido en costumbre en \u00e9l tras cada gran logro, analizar en <a href=\"https:\/\/cadenaser.com\/radio-benidorm\/ser-deportivos-benidorm\/\">SER Deportivos Marina Baixa<\/a> no s\u00f3lo esa maravillosa plata europea, sino tambi\u00e9n un arranca de temporada que, adem\u00e1s de grandes actuaciones, ha tra\u00eddo tambi\u00e9n <a href=\"https:\/\/cadenaser.com\/comunitat-valenciana\/2024\/10\/01\/felipe-orts-comienza-una-nueva-aventura-con-el-ridley-racing-team-radio-benidorm\/\">un nuevo (e inesperado) cambio de equipo<\/a>.<\/p> ","protected":false},"excerpt":{"rendered":"<p>El flamante subcampe\u00f3n de Europa de ciclocross visita SER Deportivos Marina Baixa nada m\u00e1s regresar de Pontevedra<\/p>\n","protected":false},"author":0,"featured_media":10141,"comment_status":"open","ping_status":"open","sticky":false,"template":"","format":"standard","meta":{"_acf_changed":false,"footnotes":""},"categories":[16],"tags":[],"class_list":["post-10140","post","type-post","status-publish","format-standard","has-post-thumbnail","hentry","category-deportes"],"acf":{"ser_id":"6TBEXP7EDBBGVDDWBRNB7RATIQ","ser_url":"https:\/\/cadenaser.com\/comunitat-valenciana\/2024\/11\/06\/felipe-orts-sigo-en-una-nube-fue-un-dia-que-siempre-suenas-y-muchas-veces-nunca-llega-radio-benidorm\/"},"_links":{"self":[{"href":"https:\/\/serbenidorm.daliisolutions.com\/index.php\/wp-json\/wp\/v2\/posts\/10140","targetHints":{"allow":["GET"]}}],"collection":[{"href":"https:\/\/serbenidorm.daliisolutions.com\/index.php\/wp-json\/wp\/v2\/posts"}],"about":[{"href":"https:\/\/serbenidorm.daliisolutions.com\/index.php\/wp-json\/wp\/v2\/types\/post"}],"replies":[{"embeddable":true,"href":"https:\/\/serbenidorm.daliisolutions.com\/index.php\/wp-json\/wp\/v2\/comments?post=10140"}],"version-history":[{"count":0,"href":"https:\/\/serbenidorm.daliisolutions.com\/index.php\/wp-json\/wp\/v2\/posts\/10140\/revisions"}],"wp:featuredmedia":[{"embeddable":true,"href":"https:\/\/serbenidorm.daliisolutions.com\/index.php\/wp-json\/wp\/v2\/media\/10141"}],"wp:attachment":[{"href":"https:\/\/serbenidorm.daliisolutions.com\/index.php\/wp-json\/wp\/v2\/media?parent=10140"}],"wp:term":[{"taxonomy":"category","embeddable":true,"href":"https:\/\/serbenidorm.daliisolutions.com\/index.php\/wp-json\/wp\/v2\/categories?post=10140"},{"taxonomy":"post_tag","embeddable":true,"href":"https:\/\/serbenidorm.daliisolutions.com\/index.php\/wp-json\/wp\/v2\/tags?post=10140"}],"curies":[{"name":"wp","href":"https:\/\/api.w.org\/{rel}","templated":true}]}}