{"id":10180,"date":"2024-11-08T17:59:48","date_gmt":"2024-11-08T16:59:48","guid":{"rendered":"https:\/\/serbenidorm.daliisolutions.com\/index.php\/2024\/11\/08\/festes-majors-patronals-de-benidorm-2024-el-programa-al-completo\/"},"modified":"2024-11-08T17:59:48","modified_gmt":"2024-11-08T16:59:48","slug":"festes-majors-patronals-de-benidorm-2024-el-programa-al-completo","status":"publish","type":"post","link":"https:\/\/serbenidorm.daliisolutions.com\/index.php\/2024\/11\/08\/festes-majors-patronals-de-benidorm-2024-el-programa-al-completo\/","title":{"rendered":"Festes Majors Patronals de Benidorm 2024: el programa al completo"},"content":{"rendered":"  <p><\/p>   <p>Benidorm<\/p>   <p>Benidorm vive sus d\u00edas grandes en honor a sus patrones San Jaime y la Virgen del Sufragio. Una tradici\u00f3n en la que la m\u00fasica, la p\u00f3lvora o la religi\u00f3n protagonizan cada jornada junto a la convivencia de miles de pe\u00f1istas que llenan de color las calles del casco urbano.<\/p>   <p><a href=\"https:\/\/cadenaser.com\/tag\/comarca_la_marina_baixa\/a\/\" target=\"_blank\" rel=\"noopener\">La entrada de pe\u00f1as y de bandas, los conciertos, las masclet\u00e1s desde Jaime I, el Hallazgo y la Ofrenda a la Mare de Deu, el desfile del humor o el de carrozas<\/a>, entre los actos centrales de completo programa:<\/p>   <p>VIERNES 8 NOVIEMBRE<\/p>   <p>18:00 h. INAUGURACI\u00d3N DEL ALUMBRADO ART\u00cdSTICO, en la calle Mart\u00ednez Alejos, a cargo de nuestra Reina Mayor, la Srta. VALENTINA ALMOD\u00d3BAR CLIMENT y nuestra Reina Infantil, la ni\u00f1a LAIA ZAMORA PIC\u00d3 junto a sus Cortes de Honor.<\/p>   <p>A continuaci\u00f3n, INAUGURACI\u00d3N del tradicional PORRAT en la v\u00eda de Emilio Ortu\u00f1o.<\/p>   <p>19:00 h. &#8211; INAUGURACI\u00d3N DEL RECINTO FERIAL, situado junto a la plaza de toros, por parte de nuestras Reinas de las Fiestas Mayores y sus Cortes de Honor.<\/p>   <p>     .c-w{         max-width:444px;         width:100%;         margin:32px auto;      background:#00755E;         border-radius:4px;         display:flex;         align-items:center;         justify-content:center;     }     .c-w a{         display:flex;         align-items:center;         justify-content:center;         padding:4px 24px;     }     .c-w img{         width:24px;         margin-right:12px;     }     .c-w p{         font:18px\/25px Poppins;         text-align:center;         color:#fff;         margin:0;     }     @media (max-width:444px){         .c-w a{             padding:4px 12px;         }         .c-w img{             width:24px;             margin-right:8px;         }         .c-w p{             font:14px\/25px Poppins;         }     }     @media (max-width:335px){         .c-w p{             font:13px\/25px Poppins;         }     }  <div class=\"c-w\">     <a href=\"https:\/\/www.whatsapp.com\/channel\/0029Va633PF9WtC4l7XUzh1e\" target=\"_blank\" rel=\"noopener\">         <img decoding=\"async\" src=\"https:\/\/cadenaser.com\/estaticos\/recursosgraficos\/responsive\/img\/ico-whatsapp.svg\" alt=\"Whatsapp\">         <p>\u00danete al <b>canal de WhatsApp<\/b> de la SER<\/p>     <\/a> <\/div><\/p>   <p>NOTA: D\u00eda Popular del Ni\u00f1o, con precios reducidos para acceder a las distintas atracciones.<\/p>   <p>19:00 h. &#8211; CONCURSO DE ENGALANAMIENTO DE CALLES Y PE\u00d1AS, patrocinado por la<\/p>   <p>Comisi\u00f3n de Fiestas Mayores Patronales 2024 y la Asociaci\u00f3n de Pe\u00f1as. El jurado visitar\u00e1 los barrios, calles y pe\u00f1as participantes para poder valorarlos y votar los mejores, cuyos premiados se dar\u00e1n a conocer la medianoche del s\u00e1bado en la plaza de SS.MM. Los Reyes de Espa\u00f1a el intermedio del concierto.<\/p>   <p><li>PREMIOS CALLES FMP\t&#8211; PREMIOS PE\u00d1AS<\/li><li>1\u00b0 Premio 300\u20ac y trofeo\t&#8211; 1\u00b0 Premio 300\u20ac y trofeo<\/li><li>2\u00b0 Premio 200\u20ac y trofeo\t&#8211; 2\u00b0 Premio 200\u20ac y trofeo<\/li><li>3\u00b0 Premio 100\u20ac y trofeo\t&#8211; 3\u00b0 Premio 100\u20ac y trofeo<\/li><\/p>   <p>22:00 h. &#8211; ENTRADA DE PE\u00d1AS. Desfile de las pe\u00f1as que forman parte de la Asociaci\u00f3n de Pe\u00f1as Verge del Sofratge, por Calle Ruzafa y Mart\u00ednez Alejos.<\/p>   <p>Al finalizar el recorrido, en la tribuna oficial, la Asociaci\u00f3n de Pe\u00f1as impondr\u00e1 los corbatines a todas las banderas y estandartes.<\/p>   <p>S\u00c1BADO 9 NOVIEMBRE<\/p>   <p>10:00 h. &#8211; SANTA MISA en la Iglesia Parroquial de San Jaime y Santa Ana en honor a nuestra Patrona, la Virgen del Sufragio oficiada por el p\u00e1rroco Don Juan Antonio Gonz\u00e1lez Maga\u00f1a y Don Marco Antonio Gim\u00e9nez Cano, vicario de la parroquia, y cantada por el Coro Parroquial, con la asistencia de las Reinas y sus Cortes de Honor, Comisi\u00f3n de Fiestas, Abanderado y familia, Mayorales de Honor, Autoridades, Asociaci\u00f3n de Pe\u00f1as, y todos los vecinos que nos quieran acompa\u00f1ar.<\/p>   <p>11:45 h. &#8211; APERTURA DE PUERTAS DE LA IGLESIA DE SAN JAIME Y SANTA ANA para cantar los Gozos a la Virgen del Sufragio.<\/p>   <p>12:00 h. &#8211; \u00c1NGELUS Y VOLTEO GENERAL DE CAMPANAS, anunciando el comienzo oficial de las Fiestas Mayores Patronales 2024 acompa\u00f1ado de un Bombardeo A\u00e9reo desde la Plaza de la Se\u00f1or\u00eda a cargo de la prestigiosa Pirotecnia VALENCIANA.<\/p>   <p><a href=\"https:\/\/cadenaser.com\/tag\/benidorm\/a\/\" target=\"_blank\" rel=\"noopener\">\u00a1LAS FIESTAS MAYORES PATRONALES 2024 HAN EMPEZADO!<\/a><\/p>   <p>12:05 h. &#8211; ENTRADA DE BANDAS DE M\u00daSICA, desde la plaza de San Jaime, para recorrer las principales calles del centro de Benidorm, acompa\u00f1adas de las Reinas y sus Cortes de Honor, Autoridades, Abanderado y familia, Mayorales de Honor, Asociaci\u00f3n de Pe\u00f1as, Comisi\u00f3n de Fiestas Mayores Patronales 2024 y vecinos, en la que participar\u00e1n las prestigiosas bandas:<\/p>   <p><li><i>Uni\u00f3n Musical La Primitiva de Castells de Castells<\/i><\/li><li><i>Colla de Xirimiters de la Marina<\/i><\/li><li><i>Associaci\u00f3 Musical Jalonense<\/i><\/li><li><i>Societat Musical La Nova de Benidorm<\/i><\/li><li><i>Societat Musical L&#8217;illa de Benidorm<\/i><\/li><li>Uni\u00f3n Musical de Benidorm<\/li><li>Sociedad Musical La Paz de Sant Joan d\u2019Alacant<\/li><li>Centro Art\u00edstico Musical de X\u00e0bia<\/li><\/p>   <p>13:00 h. &#8211; CONCENTRACI\u00d3N DE BANDAS en la Plaza de SS. MM. Los Reyes de Espa\u00f1a, donde cada agrupaci\u00f3n participante har\u00e1 su entrada interpretando distintos pasodobles para dar la bienvenida a las Fiestas. Las Reinas, VALENTINA ALMOD\u00d3BAR CLIMENT Y LAIA ZAMORA PIC\u00d3 impondr\u00e1n un corbat\u00edn en las banderas de las distintas entidades. Una vez que todas las bandas est\u00e9n reunidas en la plaza, interpretar\u00e1n conjuntamente el Pasodoble \u00abFESTA EN BENIDORM\u00bb, pasodoble declarado Himno de las Fiestas Mayores Patronales, bajo la batuta del maestro Don Rafael Domenech Pardo, autor de la obra.<\/p>   <p>17:00 h. &#8211; ESCENIFICACI\u00d3N DEL HALLAZGO DE NUESTRA PATRONA LA VIRGEN DEL SUFRAGIO, FIESTA DE INTER\u00c9S TUR\u00cdSTICO DE LA COMUNIDAD VALENCIANA, a cargo de la ACR La Barqueta, en la playa de Poniente. La representaci\u00f3n, basada en hechos hist\u00f3ricos y siguiendo el texto de Pere Maria Orts i Bosch, nos traslada a mediados de marzo de 1740 y rememora todos los acontecimientos que entonces ocurrieron y que se iniciaron con el encuentro por parte de tres marineros de Benidorm de un barco que navegaba sin tripulaci\u00f3n y a la deriva y culminaron con la proclamaci\u00f3n de Nuestra Se\u00f1ora Patrona.<\/p>   <p>Al finalizar, se disparar\u00e1n las SALVAS DE HONOR Y UN GRANDIOSO BOMBARDEO A\u00c9REO, a cargo de la Pirotecnia Valenciana anunciando el hallazgo de la imagen de nuestra patrona, la Virgen del Sufragio.<\/p>   <p>18:30 h. &#8211; SOLEMNE ROMER\u00cdA, presidida por las Autoridades, Reina Mayor e Infantil, Cortes de Honor, con la participaci\u00f3n del Abanderado, Pregonero, Mayorales de Honor, Mayorales y Mayoralas, ACR La Barqueta, Pe\u00f1as, Entidades Festeras, Culturales, sociales y Religiosas, Fiestas Tradicionales, Casas Regionales y otras comisiones festeras de la ciudad, y todo el Pueblo de Benidorm, con el siguiente itinerario: Parque de Elche, Paseo de la Carretera, Alameda del Alcalde Don Pedro Zaragoza Orts, Calle Mayor, y finalizando en la Plaza de San Jaime.<\/p>   <p>A la llegada de la Romer\u00eda a las puertas de la Iglesia de San Jaime y Santa Ana, OFRENDA DE FLORES a la Virgen del Sufragio, Patrona y Alcaldesa Perpetua de Benidorm.<\/p>   <p>A continuaci\u00f3n, nuestra Reina Infantil, LAIA ZAMORA PIC\u00d3 recitar\u00e1 un verso a nuestra Patrona, escrito por su madre, Rosana Pic\u00f3. Despu\u00e9s, la Reina Mayor, VALENTINA ALMOD\u00d3BAR CLIMENT, dirigir\u00e1 unas palabras al pueblo de Benidorm.<\/p>   <p>Seguidamente, el PREG\u00d3N OFICIAL de las Fiestas Mayores Patronales de Benidorm 2024, a cargo de Don JUAN ANTONIO ESPINOSA ZARAGOZA.<\/p>   <p>La presidenta de la Comisi\u00f3n de Fiestas, MARIA DOLORES CANO LLORCA, dirigir\u00e1 al p\u00fablico unas palabras, cerrando el acto el Alcalde de Benidorm e Ilustr\u00edsimo Presidente de la Diputaci\u00f3n de Alicante, D. Antonio P\u00e9rez P\u00e9rez.<\/p>   <p>Por \u00faltimo, interpretaci\u00f3n de los himnos de Benidorm y la Comunidad Valenciana y disparo de un RAMILLETE DE FUEGOS ARTIFICIALES desde la Plaza de la Se\u00f1or\u00eda a cargo de la Pirotecnia VALENCIANA.<\/p>   <p>23:00h &#8211; Grupo Pop Rock \u201cDeprisa y Corriendo\u201d en el Huerto Col\u00f3n.<\/p>   <p>23:30h &#8211; Zarey (M\u00fasica Urbana) y Festival DJS Locales en la Plaza de SS.MM. Los Reyes de Espa\u00f1a<\/p>   <p>00:15h &#8211; Desde la plaza de SS.MM los Reyes de Espa\u00f1a saldr\u00e1 una CHARANGA acompa\u00f1ada por la Comisi\u00f3n de Fiestas y todo aquel que quiera unirse para recorrer las calles y pe\u00f1as de Benidorm.<\/p>   <p>01:00h &#8211; F\u00daTBOL GRANERA. Organizado por la Pe\u00f1a Si ho s\u00e9 no vinc y patrocinado por la Asociaci\u00f3n de Pe\u00f1as Verge del Sofratge, en el auditorio \u00d3scar Espl\u00e0. Los subcampeones ser\u00e1n encargados de organizar el f\u00fatbol granera 2025.<\/p>   <p>Se recuerda que est\u00e1 prohibido acceder a los conciertos y eventos de fiestas con envases de vidrio.<\/p>   <p>DOMINGO 10 NOVIEMBRE<\/p>   <p>8:00h &#8211; DESPERT\u00c0 en honor a la Virgen del Sufragio.<\/p>   <p>09:00 h. &#8211; CHOCOLATADA popular en la carpa de la Comisi\u00f3n de Fiestas Mayores Patronales, ubicada en la plaza de SS. MM. Los Reyes de Espa\u00f1a, a cargo de Chocolates Marcos Tonda.<\/p>   <p>10:30 h. &#8211; Recogida de las Reinas de las Fiestas y sus Cortes de Honor por parte de los Mayorales de la Comisi\u00f3n, acompa\u00f1ados por las bandas de m\u00fasica, para ir en pasacalles desde la Plaza de <a href=\"http:\/\/ss.mm\/\" rel=\"nofollow noopener\" target=\"_blank\">SS.MM<\/a> los reyes de Espa\u00f1a. Junto a las Autoridades de nuestra ciudad, iremos en pasacalles en direcci\u00f3n a la Iglesia Parroquia de San Jaime y Santa Ana.<\/p>   <p>11:00h. &#8211; GRAN PARQUE INFANTIL en la plaza de SS. MM. los Reyes de Espa\u00f1a para todos los ni\u00f1os de nuestra ciudad, a cargo de Espect\u00e1culos Magic John.<\/p>   <p>11:30 h. &#8211; MISA SOLEMNE EN HONOR A NUESTRA PATRONA Y EXCMA. ALCALDESA PERPETUA, LA VIRGEN DEL SUFRAGIO, en la Iglesia de San Jaime y Santa Ana con la asistencia de Reinas, Damas, Abanderado y familia, Pregonero y familia, Mayorales de Honor, Autoridades, Comisi\u00f3n de Fiestas Mayores Patronales, Asociaci\u00f3n de Pe\u00f1as y vecinos de Benidorm. La celebraci\u00f3n de la eucarist\u00eda ser\u00e1 oficiada por el can\u00f3nigo de la catedral de Orihuela Don Jos\u00e9 Antonio Moya Grau.<\/p>   <p>14:00h &#8211; GRANDIOSA MASCLET\u00c1 piro-digital dedicada a nuestra Patrona y Alcaldesa Perpetua, la Virgen del Sufragio en la Avda. Jaime I, a cargo de la prestigiosa Pirotecnia Valenciana.<\/p>   <p>17:00h &#8211; Tardeo con grupo \u201cTrampa\u201d en el Huerto de Col\u00f3n.<\/p>   <p>19:30 h. &#8211; SOLEMNE PROCESI\u00d3N EN HONOR A LA VIRGEN DEL SUFRAGIO, con la asistencia de Autoridades civiles y eclesi\u00e1sticas, Reinas y Damas, Abanderado, Mayorales de Honor, Mayorales, Asociaci\u00f3n de Pe\u00f1as y pueblo de Benidorm, comenzando en la Iglesia de San Jaime y Santa Ana y con el siguiente itinerario:<\/p>   <p>C\/ Mayor, Avda. Alameda del Alcalde Don Pedro Zaragoza Orts, C\/ Pintor Lozano, Avda. Virgen del Sufragio, Avda. Mart\u00ednez Alejos, Paseo de la Carretera, C\/ Santa Faz, C\/ Mal Pas e Iglesia de San Jaime y Santa Ana.<\/p>   <p>Al finalizar la procesi\u00f3n, encendido de la tradicional Estampeta de la Virgen del Sufragio, en la plaza de San Jaime.<\/p>   <p>22:30h &#8211; GRUPO CARNE DE CA\u00d1ON en el Huerto de Col\u00f3n.<\/p>   <p>23:00 h. &#8211; Emotivo y tradicional canto de \u00abCOPLETES\u00bb en honor a la Virgen del Sufragio, al ritmo de la xirimita y el tabalet, en la plaza de San Jaime.<\/p>   <p>23:00h. &#8211; Orquesta M\u00f3naco Party en la Plaza de SS.MM. Los Reyes.<\/p>   <p>Se recuerda que est\u00e1 prohibido acceder a los conciertos y eventos de fiestas con envases de vidrio.<\/p>   <p>LUNES 11 NOVIEMBRE<\/p>   <p>08:00 h. &#8211; BOMBARDEO A\u00c9REO, desde la Plaza de la Se\u00f1or\u00eda.<\/p>   <p>09:00 h. &#8211; CHOCOLATADA popular en la carpa de la Comisi\u00f3n de Fiestas Mayores Patronales, ubicada en la plaza de SS. MM. Los Reyes de Espa\u00f1a, a cargo de Chocolates Marcos Tonda.<\/p>   <p>10:30 h. &#8211; Recogida de las Reinas de las Fiestas y sus Cortes de Honor por parte de los Mayorales de la Comisi\u00f3n, acompa\u00f1ados por las bandas de m\u00fasica, para ir en pasacalles desde la plaza de SS. MM. Los Reyes de Espa\u00f1a.<\/p>   <p>Junto a las Autoridades de nuestra ciudad, iremos en pasacalles en direcci\u00f3n a la Iglesia parroquia de San Jaime y Santa Ana.<\/p>   <p>11:00 h. &#8211; Gran parque infantil VIP a cargo de Chusto Producciones en la plaza de SS. MM. los Reyes de Espa\u00f1a para todos los ni\u00f1os de nuestra ciudad.<\/p>   <p>11:30 h. &#8211; MISA SOLEMNE EN HONOR A NUESTRO PATR\u00d3N SAN JAIME AP\u00d3STOL, patr\u00f3n de Benidorm, en la Iglesia de San Jaime y Santa Ana con la asistencia de Reinas Damas, Abanderado y familia, Pregonero y familia, Mayorales de Honor, Autoridades, entidades festeras y culturales, Comisi\u00f3n de Fiestas Mayores Patronales, Asociaci\u00f3n de Pe\u00f1as y vecinos de Benidorm. Oficiada por Don Emilio Manuel S\u00e1nchez, p\u00e1rroco de Redov\u00e1n, arcipreste y profesor del Seminario de Orihuela.<\/p>   <p>14:00 h. &#8211; ATRONADORA MASCLET\u00c1 piro-digital dedicada a nuestro Patr\u00f3n San Jaime Ap\u00f3stol en la Avda. Jaime I, a cargo de la prestigiosa Pirotecnia TURIS.<\/p>   <p>17:00 h. &#8211; MUSICAL INFANTIL DIVERTILAND en el Huerto de Col\u00f3n, para los m\u00e1s peque\u00f1os.<\/p>   <p>19:30 h. &#8211; SOLEMNE PROCESI\u00d3N EN HONOR A SAN JAIME AP\u00d3STOL, con la asistencia de Autoridades civiles y eclesi\u00e1sticas, Reinas y Damas, Abanderado y familia, Mayorales de Honor, Mayorales, Asociaci\u00f3n de Pe\u00f1as y pueblo de Benidorm, por el siguiente itinerario:<\/p>   <p>Iglesia de San Jaime y Santa Ana pasando por la C\/ Mayor, Avda. Alameda del Alcalde Don Pedro Zaragoza Orts, Paseo de la Carretera, C\/ Santa Faz, C\/ Mal Pas, finalizando en la Iglesia de San Jaime y Santa Ana.<\/p>   <p>Al finalizar la procesi\u00f3n, encendido de la tradicional Estampeta de Sant Jaume, en la plaza de San Jaime.<\/p>   <p>En el interior del templo, el p\u00e1rroco de San Jaime y Santa Ana, Don Juan Antonio Gonz\u00e1lez, dar\u00e1 a conocer los nuevos Mayorales para organizar las Fiestas Mayores Patronales 2025.<\/p>   <p>22:30 h. MAGN\u00cdFICA ORQUESTA MARLENE en el Huerto de Col\u00f3n que nos har\u00e1n disfrutar de su m\u00fasica en vivo y en directo.<\/p>   <p>00:00h CONCIERTO DE CARLOS BAUTE en la Plaza de SS.MM. Los Reyes de Espa\u00f1a.<\/p>   <p>AL FINALIZAR EL CONCIERTO, MAGN\u00cdFICO CORREFOCS A CARGO DE ESPECT\u00c1CULOS REY.<\/p>   <p>Se recuerda que est\u00e1 prohibido acceder a los conciertos y eventos de fiestas con envases de vidrio.<\/p>   <p>MARTES 12 DE NOVIEMBRE<\/p>   <p>08:00 h. &#8211; BOMBARDEO A\u00c9REO, desde la Plaza de la Se\u00f1or\u00eda.<\/p>   <p>9:30 h. &#8211; Recogida de las Reinas de las Fiestas y sus Cortes de Honor por parte de los Mayorales de la Comisi\u00f3n, acompa\u00f1ados por las bandas de m\u00fasica, para ir en pasacalles desde la plaza de SS. MM. Los Reyes de Espa\u00f1a.<\/p>   <p>Una vez all\u00ed, junto a las Autoridades de nuestra ciudad, pasacalles en direcci\u00f3n a la Iglesia Parroquial de San Jaime y Santa Ana.<\/p>   <p>10:30 h. &#8211; SOLEMNE MISA DE R\u00c9QUIEM en la Iglesia de San Jaime y Santa Ana, en sufragio de las almas de todos los difuntos de Benidorm, oficiada por el p\u00e1rroco Don Juan Antonio Gonz\u00e1lez Maga\u00f1a, acompa\u00f1ado por Autoridades, Reinas, Cortes de Honor, Comisi\u00f3n de Fiestas, cantada por el Coro Parroquial.<\/p>   <p>Al finalizar la misa, se ofrecer\u00e1 una corona de laurel ante el monumento a los Ca\u00eddos en la plaza de la Se\u00f1or\u00eda.<\/p>   <p>Seguidamente, la comitiva se desplazar\u00e1 a visitar los dos Cementerios de nuestra ciudad, de la Virgen del Sufragio y el de San Jaime, donde tambi\u00e9n se depositar\u00e1n coronas de flores en memoria de nuestros difuntos y se rezar\u00e1 un responso por los benidormenses que ya no est\u00e1n entre nosotros.<\/p>   <p>11:00 h. &#8211; PARQUE INFANTIL VIP a cargo de Chusto Producciones en la plaza de SS. MM. los Reyes de Espa\u00f1a para todos los ni\u00f1os de nuestra ciudad.<\/p>   <p>14:00 h. &#8211; MASCLET\u00c0 en la Avda. Jaime I a cargo de la prestigiosa Pirotecnia Valenciana.<\/p>   <p>19:00 h. &#8211; GRAN DESFILE DEL HUMOR, organizado por la Asociaci\u00f3n de Pe\u00f1as Verge del Sofratge y patrocinado por la Comissi\u00f3 de Festes Majors Patronals 2024, con los siguientes premios:<\/p>   <p><li>1\u00b0 Premio especial \u00abJos\u00e9 Manuel Galiana\u00bb dotado de 1.200\u20ac. Patrocinado por la Asociaci\u00f3n de Pe\u00f1as.<\/li><li>2\u00b0 Premio 1000\u20ac patrocinado por la Comisi\u00f3n de Fiestas 2024<\/li><li>3\u00b0 Premio 600\u20ac patrocinado por la Comisi\u00f3n de Fiestas 2024<\/li><li>4\u00ba Premio 400\u20ac patrocinado por la Comisi\u00f3n de Fiestas 2024<\/li><\/p>   <p>EI desfile recorrer\u00e1 las calles Venus, Ruzafa, Martinez Alejos.<\/p>   <p>23:30 h. &#8211; GRANDIOSA MASCLET\u00c0 NOCTURNA en la Avda. Jaime I a cargo de la Pirotecnia Valenciana.<\/p>   <p>00:00h CONCIERTO Tributo a Estopa \u201cCacho a cacho\u201d patrocinado por la Asociaci\u00f3n de Pe\u00f1as con la colaboraci\u00f3n de la Comisi\u00f3n de Fiestas Mayores Patronales, en la plaza de SS. MM. Los Reyes de Espa\u00f1a.<\/p>   <p>01:30h CONCIERTO De Jose Coll en Cabina en la plaza de SS. MM. Los Reyes de Espa\u00f1a.<\/p>   <p>Se recuerda que est\u00e1 prohibido acceder a los conciertos y eventos de fiestas con envases de vidrio.<\/p>   <p>Durante el concierto se entregar\u00e1n los Premios del Desfile del Humor.<\/p>   <p>MI\u00c9RCOLES 13 NOVIEMBRE<\/p>   <p>11:00 h. &#8211; Convivencia de todas las entidades festeras de la ciudad en la FESTA DE LES FESTES. Concentraci\u00f3n en la plaza Neptuno y pasacalles por C\/Neptuno, C\/Marte, C\/Tomas Ortu\u00f1o, C\/ la biga, C\/ruzafa, C\/herrer\u00edas y llegada a la plaza de SS. MM. Los Reyes de Espa\u00f1a, donde ser\u00e1n recibidos por las Reinas, Cortes de Honor y Comisi\u00f3n de Fiestas.<\/p>   <p>A continuaci\u00f3n, en la carpa de la Comisi\u00f3n, vino de honor como acto de hermandad festera.<\/p>   <p>13:00 h. MASCLET\u00c0 INFANTIL Y TRACA DE CARAMELO para los m\u00e1s peque\u00f1os, en la plaza de SS. MM. Los Reyes de Espa\u00f1a.<\/p>   <p>14:00 h. &#8211; ATRONADORA MASCLET\u00c0 piro-digital patrocinada por la Asociaci\u00f3n de Pe\u00f1as en la Avda. Jaime I, a cargo de la pirotecnia Piromedia Hermanos Sirvent.<\/p>   <p>17:00 h. &#8211; CONCENTRACI\u00d3N en el Avda. de Alcoy de las distintas Entidades Festeras y Asociaciones con sus respectivas bandas de m\u00fasica y carrozas.<\/p>   <p>18:00 h. &#8211; Inicio del grandioso y MULTICOLOR DESFILE DE CARROZAS, desde la Avda. de Alcoy, para recorrer la Avda. de Mart\u00ednez Alejos, Avda. de Ruzafa, C\/Venus, C\/ Marte, Avda. de Almendros, finalizando el recorrido C\/Marqu\u00e9s de Comillas.<\/p>   <p>En el desfile participar\u00e1n las entidades y comisiones festeras, casas regionales, pe\u00f1as y agrupaciones sociales, as\u00ed como los Mayorales 2024.<\/p>   <p>El broche de oro lo pondr\u00e1n las Reinas de las Fiestas Mayores, Valentina Almod\u00f3bar Climent y Laia Zamora Pic\u00f3, junto a sus Cortes de Honor.<\/p>   <p>Al finalizar el desfile de carrozas, espectacular colof\u00f3n de nuestras Fiestas Mayores Patronales, con el disparo de un SONORO Y NOVEDOSO CASTILLO DE FUEGOS ARTIFICIALES, a cargo de Pirotecnia Valenciana, que iluminar\u00e1 el cielo de Benidorm.<\/p>   <p>23:30 h. &#8211; ENTREGA DE LOS PREMIOS DEL DESFILE DE CARROZAS patrocinados por la Comisi\u00f3n de Fiestas Mayores Patronales 2024 en la carpa de la Comisi\u00f3n, ubicada en la plaza de SS. MM. Los Reyes de Espa\u00f1a.<\/p>   <p><li>1\u00b0 Premio 1.000\u20ac y trofeo<\/li><li>2\u00b0 Premio 600\u20ac y trofeo<\/li><li>3\u00b0 Premio 400\u20ac y trofeo<\/li><\/p>   <p>Premio especial \u00abManuel Ag\u00fcera\u00bb a la mejor carroza artesanal: 1.500\u20ac y trofeo<\/p>   <p>DEL JUEVES 14 AL 22 DENOVIEMBRE<\/p>   <p>19:00 h. &#8211; SANTA MISA Y NOVENA en honor a nuestra Patrona, la Virgen del Sufragio, en la Iglesia Parroquial de San Jaime y Santa Ana.<\/p>   <p>S\u00c1BADO 23 DE NOVIEMBRE<\/p>   <p>10:00 h. &#8211; Misa de Acci\u00f3n de Gracias a la Virgen del Sufragio.<\/p> ","protected":false},"excerpt":{"rendered":"<p>Del 9 al 13 de noviembre<\/p>\n","protected":false},"author":0,"featured_media":10181,"comment_status":"open","ping_status":"open","sticky":false,"template":"","format":"standard","meta":{"_acf_changed":false,"footnotes":""},"categories":[1],"tags":[],"class_list":["post-10180","post","type-post","status-publish","format-standard","has-post-thumbnail","hentry","category-sin-categoria"],"acf":{"ser_id":"NI4F2JKUFJHF3GG5NCKSZ6P3WY","ser_url":"https:\/\/cadenaser.com\/comunitat-valenciana\/2024\/11\/07\/festes-majors-patronals-de-benidorm-2024-el-programa-al-completo-radio-benidorm\/"},"_links":{"self":[{"href":"https:\/\/serbenidorm.daliisolutions.com\/index.php\/wp-json\/wp\/v2\/posts\/10180","targetHints":{"allow":["GET"]}}],"collection":[{"href":"https:\/\/serbenidorm.daliisolutions.com\/index.php\/wp-json\/wp\/v2\/posts"}],"about":[{"href":"https:\/\/serbenidorm.daliisolutions.com\/index.php\/wp-json\/wp\/v2\/types\/post"}],"replies":[{"embeddable":true,"href":"https:\/\/serbenidorm.daliisolutions.com\/index.php\/wp-json\/wp\/v2\/comments?post=10180"}],"version-history":[{"count":0,"href":"https:\/\/serbenidorm.daliisolutions.com\/index.php\/wp-json\/wp\/v2\/posts\/10180\/revisions"}],"wp:featuredmedia":[{"embeddable":true,"href":"https:\/\/serbenidorm.daliisolutions.com\/index.php\/wp-json\/wp\/v2\/media\/10181"}],"wp:attachment":[{"href":"https:\/\/serbenidorm.daliisolutions.com\/index.php\/wp-json\/wp\/v2\/media?parent=10180"}],"wp:term":[{"taxonomy":"category","embeddable":true,"href":"https:\/\/serbenidorm.daliisolutions.com\/index.php\/wp-json\/wp\/v2\/categories?post=10180"},{"taxonomy":"post_tag","embeddable":true,"href":"https:\/\/serbenidorm.daliisolutions.com\/index.php\/wp-json\/wp\/v2\/tags?post=10180"}],"curies":[{"name":"wp","href":"https:\/\/api.w.org\/{rel}","templated":true}]}}