{"id":10182,"date":"2024-11-08T17:59:49","date_gmt":"2024-11-08T16:59:49","guid":{"rendered":"https:\/\/serbenidorm.daliisolutions.com\/index.php\/2024\/11\/08\/mascletas-y-fuegos-de-las-fiestas-de-benidorm-2024-cantidad-de-polvora-pirotecnia-hora-y-lugar\/"},"modified":"2024-11-08T17:59:49","modified_gmt":"2024-11-08T16:59:49","slug":"mascletas-y-fuegos-de-las-fiestas-de-benidorm-2024-cantidad-de-polvora-pirotecnia-hora-y-lugar","status":"publish","type":"post","link":"https:\/\/serbenidorm.daliisolutions.com\/index.php\/2024\/11\/08\/mascletas-y-fuegos-de-las-fiestas-de-benidorm-2024-cantidad-de-polvora-pirotecnia-hora-y-lugar\/","title":{"rendered":"Masclet\u00e0s y fuegos de las Fiestas de Benidorm 2024: cantidad de p\u00f3lvora, pirotecnia, hora y lugar"},"content":{"rendered":"  <p><\/p>   <p>Benidorm<\/p>   <p>La avenida Jaime I de la capital tur\u00edstica volver\u00e1 a ser el escenario de uno de los eventos m\u00e1s esperados por los pe\u00f1istas: las masclet\u00e0s. Un espect\u00e1culo pirot\u00e9cnico que cada a\u00f1o llena de emoci\u00f3n y ruido las calles del centro de la ciudad en el marco de las fiestas patronales en honor a la Mare de D\u00e9u del Sofratge.<\/p>   <p>Cientos de residentes y turistas de todas las nacionalidades se congregar\u00e1n desde el domingo 10 hasta el mi\u00e9rcoles 13 de noviembre, puntuales a las dos de la tarde, para presenciar los disparos de las tres empresas pirot\u00e9cnicas en las que este 2024 han confiado la Comissi\u00f3 de Festes y la Associaci\u00f3 de Penyes.<\/p>  <p><p>M\u00e1s informaci\u00f3n<\/p><figure><img loading=\"lazy\" decoding=\"async\" src=\"https:\/\/cadenaser.com\/resizer\/v2\/YOZBAWT6PFHARM4GGUU5VA6HVU.jpeg?auth=df2a9b22146ad97dfc129f24ef9efbd19383978d3e8b8e55b4ad2f048e4462ae&amp;quality=70&amp;width=360&amp;height=202&amp;smart=true\" width=\"820\" height=\"621\" \/><\/figure><ul><li><a href=\"https:\/\/cadenaser.com\/comunitat-valenciana\/2024\/11\/07\/festes-majors-patronals-de-benidorm-2024-el-programa-al-completo-radio-benidorm\/\"><span>Festes Majors Patronals de Benidorm 2024: el programa al completo<\/span><\/a><\/li><\/ul><\/p>   <p>Seg\u00fan han detallado a <a href=\"https:\/\/cadenaser.com\/tag\/benidorm\/a\/\" target=\"_blank\" rel=\"noopener\">Radio Benidorm<\/a> fuentes municipales, la primera masclet\u00e1 el domingo a mediod\u00eda contar\u00e1 con 163 kilogramos de p\u00f3lvora, es la mayor cantidad de todas las fiestas. La va a firmar Pirotecnia Valenciana.<\/p>   <p>La del lunes tendr\u00e1 91 kilos y se har\u00e1 cargo Pirotecnia Turis, mientras la del martes ser\u00e1 de 90 de nuevo con Pirotecnia Valenciana, que tambi\u00e9n disparar\u00e1 la masclet\u00e1 nocturna de ese mismo martes, a las once y media de la noche, con 149 kilos de p\u00f3lvora.<\/p>   <p>La \u00faltima masclet\u00e0, el mi\u00e9rcoles a las dos, sumar\u00e1 126 kilos. La duraci\u00f3n media estimada est\u00e1 entre cuatro y siete minutos. Las de menos kilos rondar\u00e1n los cuatro minutos y las de m\u00e1s kilos estar\u00e1n en torno a siete minutos, seg\u00fan han precisado las mismas fuentes.<\/p>   <p>     .c-w{         max-width:444px;         width:100%;         margin:32px auto;      background:#00755E;         border-radius:4px;         display:flex;         align-items:center;         justify-content:center;     }     .c-w a{         display:flex;         align-items:center;         justify-content:center;         padding:4px 24px;     }     .c-w img{         width:24px;         margin-right:12px;     }     .c-w p{         font:18px\/25px Poppins;         text-align:center;         color:#fff;         margin:0;     }     @media (max-width:444px){         .c-w a{             padding:4px 12px;         }         .c-w img{             width:24px;             margin-right:8px;         }         .c-w p{             font:14px\/25px Poppins;         }     }     @media (max-width:335px){         .c-w p{             font:13px\/25px Poppins;         }     }  <div class=\"c-w\">     <a href=\"https:\/\/www.whatsapp.com\/channel\/0029Va633PF9WtC4l7XUzh1e\" target=\"_blank\" rel=\"noopener\">         <img decoding=\"async\" src=\"https:\/\/cadenaser.com\/estaticos\/recursosgraficos\/responsive\/img\/ico-whatsapp.svg\" alt=\"Whatsapp\">         <p>\u00danete al <b>canal de WhatsApp<\/b> de la SER<\/p>     <\/a> <\/div><\/p>   <p>Los fuegos del mi\u00e9rcoles<\/p>   <p>Por \u00faltimo estar\u00e1 el gran castillo de fuegos artificiales que el mi\u00e9rcoles por la noche pone el broche a las fiestas en la playa de Poniente. Pirotecnia Valenciana pondr\u00e1 948 kilos y se espera que dure m\u00e1s de 18 minutos. Entre las ubicaciones favoritas de los espectadores: el parque de Elche, el Club N\u00e1utico o el mirador del Castell.<\/p>   <p>A todo esto hay que sumar el correfoc de Espect\u00e1culos Rey el lunes a medianoche o los miles de petardos que los festeros disparan durante todo el d\u00eda frente a sus pe\u00f1as o en cada acto. Una tradici\u00f3n que este a\u00f1o estrena nueva restricci\u00f3n: no se podr\u00e1n tirar entre las dos y las cuatro de la tarde.<\/p> ","protected":false},"excerpt":{"rendered":"<p>La p\u00f3lvora, una de las protagonistas indiscutibles de les Festes Majors Patronals<\/p>\n","protected":false},"author":0,"featured_media":10183,"comment_status":"open","ping_status":"open","sticky":false,"template":"","format":"standard","meta":{"_acf_changed":false,"footnotes":""},"categories":[1],"tags":[],"class_list":["post-10182","post","type-post","status-publish","format-standard","has-post-thumbnail","hentry","category-sin-categoria"],"acf":{"ser_id":"4ABBPX2DN5F53BTQAVK6EXG5FU","ser_url":"https:\/\/cadenaser.com\/comunitat-valenciana\/2024\/11\/07\/mascletas-y-fuegos-de-las-fiestas-de-benidorm-2024-cantidad-de-polvora-pirotecnia-hora-y-lugar-radio-benidorm\/"},"_links":{"self":[{"href":"https:\/\/serbenidorm.daliisolutions.com\/index.php\/wp-json\/wp\/v2\/posts\/10182","targetHints":{"allow":["GET"]}}],"collection":[{"href":"https:\/\/serbenidorm.daliisolutions.com\/index.php\/wp-json\/wp\/v2\/posts"}],"about":[{"href":"https:\/\/serbenidorm.daliisolutions.com\/index.php\/wp-json\/wp\/v2\/types\/post"}],"replies":[{"embeddable":true,"href":"https:\/\/serbenidorm.daliisolutions.com\/index.php\/wp-json\/wp\/v2\/comments?post=10182"}],"version-history":[{"count":0,"href":"https:\/\/serbenidorm.daliisolutions.com\/index.php\/wp-json\/wp\/v2\/posts\/10182\/revisions"}],"wp:featuredmedia":[{"embeddable":true,"href":"https:\/\/serbenidorm.daliisolutions.com\/index.php\/wp-json\/wp\/v2\/media\/10183"}],"wp:attachment":[{"href":"https:\/\/serbenidorm.daliisolutions.com\/index.php\/wp-json\/wp\/v2\/media?parent=10182"}],"wp:term":[{"taxonomy":"category","embeddable":true,"href":"https:\/\/serbenidorm.daliisolutions.com\/index.php\/wp-json\/wp\/v2\/categories?post=10182"},{"taxonomy":"post_tag","embeddable":true,"href":"https:\/\/serbenidorm.daliisolutions.com\/index.php\/wp-json\/wp\/v2\/tags?post=10182"}],"curies":[{"name":"wp","href":"https:\/\/api.w.org\/{rel}","templated":true}]}}