{"id":10184,"date":"2024-11-08T17:59:49","date_gmt":"2024-11-08T16:59:49","guid":{"rendered":"https:\/\/serbenidorm.daliisolutions.com\/index.php\/2024\/11\/08\/estos-son-los-cortes-de-trafico-durante-las-fiestas-de-benidorm\/"},"modified":"2024-11-08T17:59:49","modified_gmt":"2024-11-08T16:59:49","slug":"estos-son-los-cortes-de-trafico-durante-las-fiestas-de-benidorm","status":"publish","type":"post","link":"https:\/\/serbenidorm.daliisolutions.com\/index.php\/2024\/11\/08\/estos-son-los-cortes-de-trafico-durante-las-fiestas-de-benidorm\/","title":{"rendered":"Estos son los cortes de tr\u00e1fico durante las Fiestas de Benidorm"},"content":{"rendered":"  <p><\/p>   <p>Benidorm<\/p>   <p>La celebraci\u00f3n de las inminentes <a href=\"https:\/\/cadenaser.com\/tag\/benidorm\/a\/\" target=\"_blank\" rel=\"noopener\">Festes Majors Patronals<\/a> conllevar\u00e1 el cierre de varias calles del municipio, la retirada de veh\u00edculos estacionados y el corte al tr\u00e1fico tambi\u00e9n en v\u00edas en las que desarrollen algunos de los actos programados, seg\u00fan ha dado a conocer la Concejal\u00eda de Movilidad de la capital tur\u00edstica.<\/p>   <p>As\u00ed, este viernes 8 de noviembre se cortar\u00e1 la calle Ruzafa con motivo de la Entrada de Pe\u00f1as, cuyo inicio est\u00e1 previsto a las 22 horas. El s\u00e1bado 9 con motivo de la Entrada de Bandas se cortar\u00e1 al tr\u00e1fico la plaza de la Creu, la calle Herrer\u00edas y la plaza del Dr. Fleming entre las 12 y las 13 horas aproximadamente. Por la tarde, desde las 16 horas, se cortar\u00e1 las calles Apolo XI, Almendros y Alcalde Jos\u00e9 Such con motivo de la representaci\u00f3n del Hallazgo.<\/p>  <p><p>M\u00e1s informaci\u00f3n<\/p><figure><img loading=\"lazy\" decoding=\"async\" src=\"https:\/\/cadenaser.com\/resizer\/v2\/JVPD2OA36NASNMUPOWJKQXEQUM.jpg?auth=76539b9a5d024f764c424f71d6f466c9906d2be422d78273b57fd2374b72fb14&amp;quality=70&amp;width=360&amp;height=202&amp;smart=true\" width=\"820\" height=\"621\" \/><\/figure><ul><li><a href=\"https:\/\/cadenaser.com\/comunitat-valenciana\/2024\/11\/07\/mascletas-y-fuegos-de-las-fiestas-de-benidorm-2024-cantidad-de-polvora-pirotecnia-hora-y-lugar-radio-benidorm\/\"><span>Masclet\u00e0s y fuegos de las Fiestas de Benidorm 2024: cantidad de p\u00f3lvora, pirotecnia, hora y lugar<\/span><\/a><\/li><\/ul><\/p>   <p>Tambi\u00e9n estar\u00e1 cortada desde las 18,30 la calle Alcalde Jos\u00e9 Such, puesto que se incluye en el recorrido que se realizar\u00e1 para hacer la Ofrenda en la Plaza de San Jaime. Por la noche, el tramo inferior de la avenida de l\u2019Aig\u00fcera estar\u00e1 cerrado al tr\u00e1fico por la actuaci\u00f3n de DJs y la actividad de f\u00fatbol granera.<\/p>   <p>El domingo 10 la recogida de las reinas a las 10,30 conllevar\u00e1 el corte de las calles Ruzafa, Mart\u00ednez Alejos, Gambo, Puente y Dr. Fleming. Despu\u00e9s, antes de la masclet\u00e1 el acompa\u00f1amiento a las reinas y autoridades motivar\u00e1 el corte de Alcalde Jos\u00e9 Such y Jaime I y el tr\u00e1fico se abrir\u00e1 a la finalizaci\u00f3n de la misma, pero no se permitir\u00e1 el estacionamiento.<\/p>   <p>El lunes 11 se proceder\u00e1 a realizar el mismo corte que el d\u00eda anterior de 10,30 a 11,00 para la recogida de las reinas mayor e infantil y lo mismo suceder\u00e1 con la masclet\u00e1. Por la noche la realizaci\u00f3n del tradicional \u2018correfoc\u2019 a partir de la 1,30 de la madrugada supondr\u00e1 el cierre al tr\u00e1fico del Paseo de Col\u00f3n, Almendros y La Garita.<\/p>   <p>     .c-w{         max-width:444px;         width:100%;         margin:32px auto;      background:#00755E;         border-radius:4px;         display:flex;         align-items:center;         justify-content:center;     }     .c-w a{         display:flex;         align-items:center;         justify-content:center;         padding:4px 24px;     }     .c-w img{         width:24px;         margin-right:12px;     }     .c-w p{         font:18px\/25px Poppins;         text-align:center;         color:#fff;         margin:0;     }     @media (max-width:444px){         .c-w a{             padding:4px 12px;         }         .c-w img{             width:24px;             margin-right:8px;         }         .c-w p{             font:14px\/25px Poppins;         }     }     @media (max-width:335px){         .c-w p{             font:13px\/25px Poppins;         }     }  <div class=\"c-w\">     <a href=\"https:\/\/www.whatsapp.com\/channel\/0029Va633PF9WtC4l7XUzh1e\" target=\"_blank\" rel=\"noopener\">         <img decoding=\"async\" src=\"https:\/\/cadenaser.com\/estaticos\/recursosgraficos\/responsive\/img\/ico-whatsapp.svg\" alt=\"Whatsapp\">         <p>\u00danete al <b>canal de WhatsApp<\/b> de la SER<\/p>     <\/a> <\/div><\/p>   <p>El martes 12 se producir\u00e1 el mismo corte de tr\u00e1fico a la hora de la recogida de las reinas. Para la tradicional visita a los cementerios, se advierte que se retirar\u00e1n los veh\u00edculos estacionados en la zona de la calle Nicaragua m\u00e1s cercana al cementerio Verge del Sofratge. <\/p>   <p>Con motivo de la masclet\u00e1 de ese d\u00eda a las 14 horas, habr\u00e1 un corte de tr\u00e1fico desde las 7 de la ma\u00f1ana hasta el fin de la masclet\u00e1 nocturna que tambi\u00e9n se disparar\u00e1 ese d\u00eda a las 23,30 horas. El mismo d\u00eda, desde las 19 horas se cortar\u00e1 al tr\u00e1fico la calle Ruzafa y Mart\u00ednez Alejos por la celebraci\u00f3n del Desfile del Humor. Esas calles se abrir\u00e1n de nuevo a la finalizaci\u00f3n del mismo.<\/p>   <p>Por \u00faltimo, el d\u00eda 13 de noviembre, mi\u00e9rcoles, la Festa de les Festes obligar\u00e1 desde las 11,00 al corte de la plaza de Neptuno, Marte, Ruzafa y Herrer\u00edas, que se volver\u00e1n a abrir una vez se haya producido la llegada a la plaza del Ayuntamiento. El dispositivo para la masclet\u00e1 ser\u00e1 el mismo que el d\u00eda anterior.<\/p>   <p>En cuanto al desfile de carrozas, se retirar\u00e1n los veh\u00edculos estacionados en la calle Bilbao y los que se encuentren en las calles por las que discurra el mismo: Avenida de Alcoy, Mart\u00ednez Alejos, Ruzafa, Venus, Marte y Almendros (hasta Marqu\u00e9s de Comillas).<\/p>   <p>Por lo que respecta al \u2018porrat\u2019 de Festes, la calle Emilio Ortu\u00f1o (desde Ruzafa hasta Arcoiris) estar\u00e1 cortada al tr\u00e1fico hasta el d\u00eda 19. Y en el recinto ferial, la instalaci\u00f3n de la feria ha provocado la retirada de veh\u00edculos en todo el recinto hasta el d\u00eda 20 de este mes. En este caso no habr\u00e1 cortes de tr\u00e1fico.<\/p> ","protected":false},"excerpt":{"rendered":"<p>La calle Ruzafa y v\u00eda Emilio Ortu\u00f1o, entre las m\u00e1s afectadas<\/p>\n","protected":false},"author":0,"featured_media":10185,"comment_status":"open","ping_status":"open","sticky":false,"template":"","format":"standard","meta":{"_acf_changed":false,"footnotes":""},"categories":[1],"tags":[],"class_list":["post-10184","post","type-post","status-publish","format-standard","has-post-thumbnail","hentry","category-sin-categoria"],"acf":{"ser_id":"ZXDMFFFA4JDZDMYDA5FATNGVBY","ser_url":"https:\/\/cadenaser.com\/comunitat-valenciana\/2024\/11\/07\/estos-seran-los-cortes-de-trafico-durante-las-fiestas-de-benidorm-radio-benidorm\/"},"_links":{"self":[{"href":"https:\/\/serbenidorm.daliisolutions.com\/index.php\/wp-json\/wp\/v2\/posts\/10184","targetHints":{"allow":["GET"]}}],"collection":[{"href":"https:\/\/serbenidorm.daliisolutions.com\/index.php\/wp-json\/wp\/v2\/posts"}],"about":[{"href":"https:\/\/serbenidorm.daliisolutions.com\/index.php\/wp-json\/wp\/v2\/types\/post"}],"replies":[{"embeddable":true,"href":"https:\/\/serbenidorm.daliisolutions.com\/index.php\/wp-json\/wp\/v2\/comments?post=10184"}],"version-history":[{"count":0,"href":"https:\/\/serbenidorm.daliisolutions.com\/index.php\/wp-json\/wp\/v2\/posts\/10184\/revisions"}],"wp:featuredmedia":[{"embeddable":true,"href":"https:\/\/serbenidorm.daliisolutions.com\/index.php\/wp-json\/wp\/v2\/media\/10185"}],"wp:attachment":[{"href":"https:\/\/serbenidorm.daliisolutions.com\/index.php\/wp-json\/wp\/v2\/media?parent=10184"}],"wp:term":[{"taxonomy":"category","embeddable":true,"href":"https:\/\/serbenidorm.daliisolutions.com\/index.php\/wp-json\/wp\/v2\/categories?post=10184"},{"taxonomy":"post_tag","embeddable":true,"href":"https:\/\/serbenidorm.daliisolutions.com\/index.php\/wp-json\/wp\/v2\/tags?post=10184"}],"curies":[{"name":"wp","href":"https:\/\/api.w.org\/{rel}","templated":true}]}}