{"id":10204,"date":"2024-11-08T19:59:26","date_gmt":"2024-11-08T18:59:26","guid":{"rendered":"https:\/\/serbenidorm.daliisolutions.com\/index.php\/2024\/11\/08\/asi-se-prepara-el-hallazgo-de-benidorm-una-tradicion-que-aspira-al-interes-turistico-nacional\/"},"modified":"2024-11-08T19:59:26","modified_gmt":"2024-11-08T18:59:26","slug":"asi-se-prepara-el-hallazgo-de-benidorm-una-tradicion-que-aspira-al-interes-turistico-nacional","status":"publish","type":"post","link":"https:\/\/serbenidorm.daliisolutions.com\/index.php\/2024\/11\/08\/asi-se-prepara-el-hallazgo-de-benidorm-una-tradicion-que-aspira-al-interes-turistico-nacional\/","title":{"rendered":"As\u00ed se prepara el Hallazgo de Benidorm, una tradici\u00f3n que aspira al Inter\u00e9s Tur\u00edstico Nacional"},"content":{"rendered":"  <p><\/p>   <p>Benidorm<\/p>   <p>La Asociaci\u00f3n Cultural y Recreativa &#8216;La Barqueta&#8217; de Benidorm, responsable de la escenificaci\u00f3n del Hallazgo durante las fiestas mayores patronales, contin\u00faa en su camino por lograr que esta representaci\u00f3n sobre el descubrimiento de la Virgen del Sufragio, patrona de la ciudad, sea declarada Fiesta de Inter\u00e9s Tur\u00edstico Nacional.<\/p>   <p>Por ello ha incorporado nuevo decorado y mejoras t\u00e9cnicas, cedidas por el ayuntamiento, para el acto de este a\u00f1o.<a href=\"https:\/\/cadenaser.com\/tag\/benidorm\/a\/\" target=\"_blank\" rel=\"noopener\"> Un acto que es el resultado de un esfuerzo intergeneracional de voluntarios como Pablo, con el que hemos visitado uno de los \u00faltimos ensayos en la playa de Poniente<\/a>.<\/p>  <p><p>M\u00e1s informaci\u00f3n<\/p><figure><img loading=\"lazy\" decoding=\"async\" src=\"https:\/\/cadenaser.com\/resizer\/v2\/KOMTGAZJARBFFPQC6PYR6DBT7Y.jpeg?auth=14a97dcceb0fecd337d018104e2de51fe132d9854ce08779eef9400aa84eaff5&amp;quality=70&amp;width=360&amp;height=202&amp;smart=true\" width=\"820\" height=\"621\" \/><\/figure><ul><li><a href=\"https:\/\/cadenaser.com\/audio\/1730983459948\/\"><span>No hay fiestas de Benidorm sin pilota valenciana<\/span><\/a><\/li><\/ul><\/p>   <p>Carlos, un benidormense que ha vivido gran parte de su vida adulta fuera de Espa\u00f1a, nos ha transmitido su ilusi\u00f3n porque sus hijas, que no han nacido aqu\u00ed, tambi\u00e9n participen por primera vez en la obra: \u00abA ver si se portan bien\u00bb. Adem\u00e1s, el presidente de &#8216;La Barqueta&#8217; Paco Rosera nos ha contado algunos de los detalles m\u00e1s desconocidos de la funci\u00f3n.<\/p>   <p>A por el Inter\u00e9s Tur\u00edstico Nacional<\/p>   <p>En la actualidad, la representaci\u00f3n del Hallazgo est\u00e1 considerada Fiesta de Inter\u00e9s Tur\u00edstico de la Comunitat Valenciana y constituye uno de los actos m\u00e1s ic\u00f3nicos de las fiestas de Benidorm, que dar\u00e1n comienzo este pr\u00f3ximo s\u00e1bado, a las cinco de la tarde.<\/p>   <p>La escenificaci\u00f3n, que se lleva a cabo desde 1971 por actores y miembros de &#8216;La Barqueta&#8217;, narra unos hechos hist\u00f3ricos sucedidos en torno al 16 de marzo de 1740, cuando, seg\u00fan los documentos existentes en el Archivo General de Simancas, se localiz\u00f3 la imagen de la patrona en una barca que navegaba a la deriva y que fue remolcada por tres pescadores benidormenses hasta las playas de la localidad. <\/p>   <p>     .c-w{         max-width:444px;         width:100%;         margin:32px auto;      background:#00755E;         border-radius:4px;         display:flex;         align-items:center;         justify-content:center;     }     .c-w a{         display:flex;         align-items:center;         justify-content:center;         padding:4px 24px;     }     .c-w img{         width:24px;         margin-right:12px;     }     .c-w p{         font:18px\/25px Poppins;         text-align:center;         color:#fff;         margin:0;     }     @media (max-width:444px){         .c-w a{             padding:4px 12px;         }         .c-w img{             width:24px;             margin-right:8px;         }         .c-w p{             font:14px\/25px Poppins;         }     }     @media (max-width:335px){         .c-w p{             font:13px\/25px Poppins;         }     }  <div class=\"c-w\">     <a href=\"https:\/\/www.whatsapp.com\/channel\/0029Va633PF9WtC4l7XUzh1e\" target=\"_blank\" rel=\"noopener\">         <img decoding=\"async\" src=\"https:\/\/cadenaser.com\/estaticos\/recursosgraficos\/responsive\/img\/ico-whatsapp.svg\" alt=\"Whatsapp\">         <p>\u00danete al <b>canal de WhatsApp<\/b> de la SER<\/p>     <\/a> <\/div><\/p> ","protected":false},"excerpt":{"rendered":"<p>Visitamos uno de los \u00faltimos ensayos de esta recreaci\u00f3n que tiene lugar en la playa de Poniente el s\u00e1bado de fiestas por la tarde<\/p>\n","protected":false},"author":0,"featured_media":10205,"comment_status":"open","ping_status":"open","sticky":false,"template":"","format":"standard","meta":{"_acf_changed":false,"footnotes":""},"categories":[1],"tags":[],"class_list":["post-10204","post","type-post","status-publish","format-standard","has-post-thumbnail","hentry","category-sin-categoria"],"acf":{"ser_id":"4225ZEWQ4FDKFBA7F7TLA4E7ME","ser_url":"https:\/\/cadenaser.com\/comunitat-valenciana\/2024\/11\/08\/asi-se-prepara-el-hallazgo-de-benidorm-una-tradicion-que-aspira-al-interes-turistico-nacional-radio-benidorm\/"},"_links":{"self":[{"href":"https:\/\/serbenidorm.daliisolutions.com\/index.php\/wp-json\/wp\/v2\/posts\/10204","targetHints":{"allow":["GET"]}}],"collection":[{"href":"https:\/\/serbenidorm.daliisolutions.com\/index.php\/wp-json\/wp\/v2\/posts"}],"about":[{"href":"https:\/\/serbenidorm.daliisolutions.com\/index.php\/wp-json\/wp\/v2\/types\/post"}],"replies":[{"embeddable":true,"href":"https:\/\/serbenidorm.daliisolutions.com\/index.php\/wp-json\/wp\/v2\/comments?post=10204"}],"version-history":[{"count":0,"href":"https:\/\/serbenidorm.daliisolutions.com\/index.php\/wp-json\/wp\/v2\/posts\/10204\/revisions"}],"wp:featuredmedia":[{"embeddable":true,"href":"https:\/\/serbenidorm.daliisolutions.com\/index.php\/wp-json\/wp\/v2\/media\/10205"}],"wp:attachment":[{"href":"https:\/\/serbenidorm.daliisolutions.com\/index.php\/wp-json\/wp\/v2\/media?parent=10204"}],"wp:term":[{"taxonomy":"category","embeddable":true,"href":"https:\/\/serbenidorm.daliisolutions.com\/index.php\/wp-json\/wp\/v2\/categories?post=10204"},{"taxonomy":"post_tag","embeddable":true,"href":"https:\/\/serbenidorm.daliisolutions.com\/index.php\/wp-json\/wp\/v2\/tags?post=10204"}],"curies":[{"name":"wp","href":"https:\/\/api.w.org\/{rel}","templated":true}]}}