{"id":10239,"date":"2024-11-11T16:32:32","date_gmt":"2024-11-11T15:32:32","guid":{"rendered":"https:\/\/serbenidorm.daliisolutions.com\/index.php\/2024\/11\/11\/una-nueva-dana-llega-el-martes-a-la-comunitat-valenciana-puede-dejar-acumulados-hasta-100-litros-por-metro-cuadrado-en-algunas-zonas\/"},"modified":"2024-11-11T16:32:32","modified_gmt":"2024-11-11T15:32:32","slug":"una-nueva-dana-llega-el-martes-a-la-comunitat-valenciana-puede-dejar-acumulados-hasta-100-litros-por-metro-cuadrado-en-algunas-zonas","status":"publish","type":"post","link":"https:\/\/serbenidorm.daliisolutions.com\/index.php\/2024\/11\/11\/una-nueva-dana-llega-el-martes-a-la-comunitat-valenciana-puede-dejar-acumulados-hasta-100-litros-por-metro-cuadrado-en-algunas-zonas\/","title":{"rendered":"Una nueva DANA llega el martes a la Comunitat Valenciana: puede dejar acumulados hasta 100 litros por metro cuadrado en algunas zonas"},"content":{"rendered":"  <p><\/p>   <p>Alicante<\/p>   <p>El Centro de Coordinaci\u00f3n de Emergencias (CEE) de la Generalitat ha informado de un posible episodio de lluvias, tormentas y nevadas en la Comunitat Valenciana a partir del martes y durante la semana.<\/p>   <p>Seg\u00fan se\u00f1ala, se pueden producir acumulados de entre 60 y 100 litros por metro cuadrado en zonas costeras del sur de Valencia y norte de Alicante y Castell\u00f3n. Adem\u00e1s, se prev\u00e9 tambi\u00e9n una disminuci\u00f3n de temperaturas con posibles nevadas en zonas del interior.<\/p>   <p>Seg\u00fan la nota informativa emitida este domingo por la Agencia Estatal de Meteorolog\u00eda (Aemet), se prev\u00e9 que una masa de aire fr\u00edo se desplace desde el norte de Europa hacia el suroeste en los pr\u00f3ximos d\u00edas, alcanzando la Pen\u00ednsula y Baleares a partir del martes.<\/p>   <p>Es probable que acabe aisl\u00e1ndose en una dana o una borrasca fr\u00eda en el entorno del Mediterr\u00e1neo o el sur peninsular a partir del mi\u00e9rcoles, por lo que es probable que se produzcan precipitaciones fuertes y persistentes en zonas de Baleares y la vertiente mediterr\u00e1nea.<\/p>   <p>El escenario m\u00e1s probable en estos momentos es que las precipitaciones en el \u00e1rea mediterr\u00e1nea comiencen el martes, con mayor probabilidad en el sur del archipi\u00e9lago balear, sin descartar otros puntos del litoral mediterr\u00e1neo.<\/p>   <p>     .c-w{         max-width:444px;         width:100%;         margin:32px auto;      background:#00755E;         border-radius:4px;         display:flex;         align-items:center;         justify-content:center;     }     .c-w a{         display:flex;         align-items:center;         justify-content:center;         padding:4px 24px;     }     .c-w img{         width:24px;         margin-right:12px;     }     .c-w p{         font:18px\/25px Poppins;         text-align:center;         color:#fff;         margin:0;     }     @media (max-width:444px){         .c-w a{             padding:4px 12px;         }         .c-w img{             width:24px;             margin-right:8px;         }         .c-w p{             font:14px\/25px Poppins;         }     }     @media (max-width:335px){         .c-w p{             font:13px\/25px Poppins;         }     }  <div class=\"c-w\">     <a href=\"https:\/\/www.whatsapp.com\/channel\/0029Va633PF9WtC4l7XUzh1e\" target=\"_blank\" rel=\"noopener\">         <img decoding=\"async\" src=\"https:\/\/cadenaser.com\/estaticos\/recursosgraficos\/responsive\/img\/ico-whatsapp.svg\" alt=\"Whatsapp\">         <p>\u00danete al <b>canal de WhatsApp<\/b> de la SER<\/p>     <\/a> <\/div><\/p>   <p>Jorge Olcina, director del Laboratorio de Climatolog\u00eda de la Universidad de Alicante, asegura que esta gota fr\u00eda no ser\u00e1 tan delicada como la de hace dos semanas y pide a la ciudadan\u00eda estar atenta a los avisos de la AEMET.<\/p>  <p><p class=\"tit\"><span>Jorge Olcina, director del Laboratorio de Climatolog\u00eda de la Universidad de Alicante: \u00abSe esperan precipitaciones importantes en el litoral norte de Alicante y la Marinal Alta esta pr\u00f3xima semana\u00bb<\/span><\/p> <p class=\"emb\"><iframe loading=\"lazy\" src=\"https:\/\/cadenaser.com\/embed\/audio\/460\/1731253536943\/\" width=\"100%\" height=\"360\" frameborder=\"0\" allowfullscreen><\/iframe><\/p><\/p>   <p>Dentro de la incertidumbre, en estos momentos se espera que sean m\u00e1s intensas y persistentes en puntos de Baleares y de la vertiente mediterr\u00e1nea, especialmente al norte del cabo de La Nao al principio y, posteriormente, en el norte de la Comunitat Valenciana y prelitorales de Catalu\u00f1a.<\/p>   <p>En estas zonas podr\u00edan acumularse a lo largo del evento unos 80 o 100 litros por metro cuadrado, incluso llegar a 200.<\/p>   <p>Es probable que a partir del s\u00e1bado 16 las precipitaciones comiencen a perder intensidad en el \u00e1rea mediterr\u00e1nea y se trasladen a la vertiente atl\u00e1ntica, si bien la incertidumbre sobre la evoluci\u00f3n del episodio es muy elevada.<\/p>   <p>Seg\u00fan el Centro de Coordinaci\u00f3n de Emergencias, es probable que el episodio de lluvias en la Comunitat Valenciana empiece la tarde del martes y finalice el viernes, sin descartar que pueda alargarse m\u00e1s.<\/p>   <p>El episodio se ir\u00e1 monitorizando durante los pr\u00f3ximos d\u00edas para ir ajustando las previsiones con las actualizaciones de los modelos, ya que este tipo de acontecimientos son muy inestables y est\u00e1n sujetos a cambios que pueden ser importantes.<\/p>   <p>Desde la Agencia Valenciana de Seguridad y Respuesta a las Emergencias se recomienda a los municipios y organismos con competencia en la gesti\u00f3n de las emergencias que mantengan la necesaria atenci\u00f3n y seguimiento de todos los avisos que emita durante estos d\u00edas el CEE, con la finalidad de activar con antelaci\u00f3n sus protocolos de actuaci\u00f3n y establecer la pertinentes medidas preventivas en sus respectivos \u00e1mbitos.<\/p> ","protected":false},"excerpt":{"rendered":"<p>Jorge Olcina, director del Laboratorio de Climatolog\u00eda de la Universidad de  Alicante, asegura que esta gota fr\u00eda no ser\u00e1 tan delicada como la de hace dos  semanas y pide a la ciudadan\u00eda estar atenta a los avisos de la AEMET<\/p>\n","protected":false},"author":0,"featured_media":10240,"comment_status":"open","ping_status":"open","sticky":false,"template":"","format":"standard","meta":{"_acf_changed":false,"footnotes":""},"categories":[1],"tags":[],"class_list":["post-10239","post","type-post","status-publish","format-standard","has-post-thumbnail","hentry","category-sin-categoria"],"acf":{"ser_id":"47EEFVCEHVDN3J6P2KFF3YUP5U","ser_url":"https:\/\/cadenaser.com\/comunitat-valenciana\/2024\/11\/10\/una-nueva-gota-fria-podria-dejar-acumulados-entre-60-y-100-litros-por-metro-cuadrado-en-el-litoral-norte-de-alicante-a-partir-del-martes-radio-alicante\/"},"_links":{"self":[{"href":"https:\/\/serbenidorm.daliisolutions.com\/index.php\/wp-json\/wp\/v2\/posts\/10239","targetHints":{"allow":["GET"]}}],"collection":[{"href":"https:\/\/serbenidorm.daliisolutions.com\/index.php\/wp-json\/wp\/v2\/posts"}],"about":[{"href":"https:\/\/serbenidorm.daliisolutions.com\/index.php\/wp-json\/wp\/v2\/types\/post"}],"replies":[{"embeddable":true,"href":"https:\/\/serbenidorm.daliisolutions.com\/index.php\/wp-json\/wp\/v2\/comments?post=10239"}],"version-history":[{"count":0,"href":"https:\/\/serbenidorm.daliisolutions.com\/index.php\/wp-json\/wp\/v2\/posts\/10239\/revisions"}],"wp:featuredmedia":[{"embeddable":true,"href":"https:\/\/serbenidorm.daliisolutions.com\/index.php\/wp-json\/wp\/v2\/media\/10240"}],"wp:attachment":[{"href":"https:\/\/serbenidorm.daliisolutions.com\/index.php\/wp-json\/wp\/v2\/media?parent=10239"}],"wp:term":[{"taxonomy":"category","embeddable":true,"href":"https:\/\/serbenidorm.daliisolutions.com\/index.php\/wp-json\/wp\/v2\/categories?post=10239"},{"taxonomy":"post_tag","embeddable":true,"href":"https:\/\/serbenidorm.daliisolutions.com\/index.php\/wp-json\/wp\/v2\/tags?post=10239"}],"curies":[{"name":"wp","href":"https:\/\/api.w.org\/{rel}","templated":true}]}}