{"id":10277,"date":"2024-11-13T12:43:18","date_gmt":"2024-11-13T11:43:18","guid":{"rendered":"https:\/\/serbenidorm.daliisolutions.com\/index.php\/2024\/11\/13\/a-vivir-benidorm-inaugura-los-dias-grandes-de-la-ciudad-al-son-de-festa-en-benidorm\/"},"modified":"2024-11-13T12:43:18","modified_gmt":"2024-11-13T11:43:18","slug":"a-vivir-benidorm-inaugura-los-dias-grandes-de-la-ciudad-al-son-de-festa-en-benidorm","status":"publish","type":"post","link":"https:\/\/serbenidorm.daliisolutions.com\/index.php\/2024\/11\/13\/a-vivir-benidorm-inaugura-los-dias-grandes-de-la-ciudad-al-son-de-festa-en-benidorm\/","title":{"rendered":"\u2018A Vivir Benidorm\u2019 inaugura los d\u00edas grandes de la ciudad al son de \u2018Festa en Benidorm\u2019"},"content":{"rendered":"  <p><\/p>   <p>Benidorm<\/p>   <p>Este s\u00e1bado d\u00eda 9 de noviembre ha dado comienzo una nueva edici\u00f3n de las <a href=\"https:\/\/cadenaser.com\/comunitat-valenciana\/2024\/11\/07\/festes-majors-patronals-de-benidorm-2024-el-programa-al-completo-radio-benidorm\/\" target=\"_blank\">\u2018Festes Majors Patronals\u2019 de Benidorm en honor a sus patrones, la Virgen del Sufragio y San Jaime<\/a>. Hasta el mi\u00e9rcoles, la capital tur\u00edstica conectar\u00e1 con su pasado y sus tradiciones m\u00e1s arraigadas para celebrar esos d\u00edas grandes que, como todos los a\u00f1os, se inauguraban de forma oficiosa en la tarde del viernes con la entrada de pe\u00f1as, pero que arrancaban, al menos de forma oficial, el s\u00e1bado con el volteo general de campanas y la interpretaci\u00f3n del \u2018Festa en Benidorm\u2019 en la plaza del Ayuntamiento.<\/p>  <p><figure><img loading=\"lazy\" decoding=\"async\" src=\"https:\/\/cadenaser.com\/resizer\/v2\/VUJI4GN26BHWVA75ICOG7GQE4A.jpg?auth=bcdef20422e210b608772854a95cd668f79ea063f29e85cc279ae4bce67ad4aa&amp;quality=70&amp;width=650&amp;height=487&amp;smart=true\" alt=\"Rafael Dom\u00e9nez, autor de &#039;Festa en Benidorm&#039;, y Juan A. Espinosa, pregonero de las Festes Majors Patronals\" width=\"4\" height=\"3\" \/><figcaption class=\"fc\"><p><span>Rafael Dom\u00e9nez, autor de &#8216;Festa en Benidorm&#8217;, y Juan A. Espinosa, pregonero de las Festes Majors Patronals<\/span><\/p><\/figcaption><\/figure><button class=\"bt-am\">Ampliar<\/button><\/p>   <p>Este a\u00f1o, y por primera vez, <a href=\"https:\/\/cadenaser.com\/radio-benidorm\/\" target=\"_blank\">Radio Benidorm-SER<\/a> ha salido a la calle para acompa\u00f1ar a los m\u00fasicos, festeros y p\u00fablico en general en ese especial acto que es la entrada de bandas. As\u00ed, \u2018<a href=\"https:\/\/cadenaser.com\/radio-benidorm\/a-vivir-benidorm\/\" target=\"_blank\">A Vivir Benidorm<\/a>\u2019 ha retransmitido en directo la interpretaci\u00f3n conjunta del \u2018Festa en Benidorm\u2019 y el \u2018Himne de la Comunitat Valenciana\u2019, que en este 2024 son\u00f3 en memoria de todas las v\u00edctimas de la DANA de Valencia y que fue uno de los momentos m\u00e1s emocionantes de la ma\u00f1ana.<\/p>   <p>Adem\u00e1s, una vez finalizado el recital, pasaron por los micr\u00f3fonos algunos de los grandes protagonistas de la jornada como el pregonero de las Festes Majors Patronals, Juan Antonio Espinosa, o el autor de \u2018Festa en Benidorm\u2019, el maestro Rafael Dom\u00e9nech.<\/p> ","protected":false},"excerpt":{"rendered":"<p>El espacio de fin de semana de Radio Benidorm emiti\u00f3 en directo la entrada de bandas<\/p>\n","protected":false},"author":0,"featured_media":10278,"comment_status":"open","ping_status":"open","sticky":false,"template":"","format":"standard","meta":{"_acf_changed":false,"footnotes":""},"categories":[1],"tags":[],"class_list":["post-10277","post","type-post","status-publish","format-standard","has-post-thumbnail","hentry","category-sin-categoria"],"acf":{"ser_id":"CTMJCMRKBVE5VCNA3SCSE2ZOWQ","ser_url":"https:\/\/cadenaser.com\/comunitat-valenciana\/2024\/11\/13\/a-vivir-benidorm-inaugura-los-dias-grandes-de-la-ciudad-al-son-de-festa-en-benidorm-radio-benidorm\/"},"_links":{"self":[{"href":"https:\/\/serbenidorm.daliisolutions.com\/index.php\/wp-json\/wp\/v2\/posts\/10277","targetHints":{"allow":["GET"]}}],"collection":[{"href":"https:\/\/serbenidorm.daliisolutions.com\/index.php\/wp-json\/wp\/v2\/posts"}],"about":[{"href":"https:\/\/serbenidorm.daliisolutions.com\/index.php\/wp-json\/wp\/v2\/types\/post"}],"replies":[{"embeddable":true,"href":"https:\/\/serbenidorm.daliisolutions.com\/index.php\/wp-json\/wp\/v2\/comments?post=10277"}],"version-history":[{"count":0,"href":"https:\/\/serbenidorm.daliisolutions.com\/index.php\/wp-json\/wp\/v2\/posts\/10277\/revisions"}],"wp:featuredmedia":[{"embeddable":true,"href":"https:\/\/serbenidorm.daliisolutions.com\/index.php\/wp-json\/wp\/v2\/media\/10278"}],"wp:attachment":[{"href":"https:\/\/serbenidorm.daliisolutions.com\/index.php\/wp-json\/wp\/v2\/media?parent=10277"}],"wp:term":[{"taxonomy":"category","embeddable":true,"href":"https:\/\/serbenidorm.daliisolutions.com\/index.php\/wp-json\/wp\/v2\/categories?post=10277"},{"taxonomy":"post_tag","embeddable":true,"href":"https:\/\/serbenidorm.daliisolutions.com\/index.php\/wp-json\/wp\/v2\/tags?post=10277"}],"curies":[{"name":"wp","href":"https:\/\/api.w.org\/{rel}","templated":true}]}}