{"id":10301,"date":"2024-11-14T11:01:47","date_gmt":"2024-11-14T10:01:47","guid":{"rendered":"https:\/\/serbenidorm.daliisolutions.com\/index.php\/2024\/11\/14\/el-balonmano-benidorm-visita-el-imposible-palau-blaugrana\/"},"modified":"2024-11-14T11:01:47","modified_gmt":"2024-11-14T10:01:47","slug":"el-balonmano-benidorm-visita-el-imposible-palau-blaugrana","status":"publish","type":"post","link":"https:\/\/serbenidorm.daliisolutions.com\/index.php\/2024\/11\/14\/el-balonmano-benidorm-visita-el-imposible-palau-blaugrana\/","title":{"rendered":"El Balonmano Benidorm visita el imposible Palau Blaugrana"},"content":{"rendered":"  <p><\/p>   <p>Benidorm<\/p>   <p>Viajar al Palau Blaugrana es, para todos los equipos de la <a href=\"https:\/\/cadenaser.com\/tag\/liga_asobal\/a\/\" target=\"_blank\">Liga Asobal<\/a>, algo as\u00ed como convertirse en actor de reparto de uno de esos malos \u2018thrillers\u2019 de sobremesa en los que desde el primer minuto el espectador conoce cu\u00e1l ser\u00e1 el desenlace\u2026 y que, pese a todo, consigue mantener a la v\u00edctima pegada a la pantalla por si, por casualidad, se produjera una sorpresa al final.<\/p>   <p>El Bar\u00e7a no pierde un partido en la <a href=\"https:\/\/cadenaser.com\/tag\/liga_asobal\/a\/\" target=\"_blank\">Liga Asobal<\/a> desde noviembre de 2021, aunque en aquella ocasi\u00f3n fuera en los despachos (por alineaci\u00f3n indebida) tras haberse impuesto por 41-28 al Torrelavega. Para encontrar el \u00faltimo partido en el que el equipo de la Ciudad Condal cayera derrotado en la cancha hay que remontarse a 2018. Pese a ello, el <a href=\"https:\/\/cadenaser.com\/tag\/club_balonmano_benidorm\/a\/\" target=\"_blank\">Servigroup Benidorm<\/a> viaja este jueves hasta el Palau Blaugrana sin renunciar a la opci\u00f3n de dar la que, sin duda, ser\u00eda la gran sorpresa del a\u00f1o.<\/p>  <p><p>M\u00e1s informaci\u00f3n<\/p><figure><img loading=\"lazy\" decoding=\"async\" src=\"https:\/\/cadenaser.com\/resizer\/v2\/CO2HNSH7MJH6BEJ2XABJJHAHFI.jpg?auth=b7d2326a8b53a01dbe11d8e655548679fadb3884fb83ae4f2ccb253a4414d414&amp;quality=70&amp;width=360&amp;height=202&amp;smart=true\" width=\"820\" height=\"621\" \/><\/figure><ul><li><a href=\"https:\/\/cadenaser.com\/comunitat-valenciana\/2024\/11\/06\/barra-libre-edicion-especial-con-jacobo-balongo-presidente-del-club-balonmano-benidorm-radio-benidorm\/\"><span>Barra Libre edici\u00f3n especial con Jacobo Balongo, presidente del Club Balonmano Benidorm<\/span><\/a><\/li><\/ul><\/p>   <p>Para este encuentro, el Bar\u00e7a ya ha anunciado dos bajas como son la de Aitor Ari\u00f1o, por una sobrecarga en su pierna izquierda, y la de Jonathan Carlsbogard, por una herida en su mano izquierda.<\/p>   <p>Por su parte, Sergio Carballeira no podr\u00e1 contar con Lucas Moscariello, cedido en Kuwait y que tampoco estar\u00e1 la pr\u00f3xima semana para medirse al Huesca en casa; pero recupera al te\u00f3rico portero titular del <a href=\"https:\/\/cadenaser.com\/tag\/club_balonmano_benidorm\/a\/\" target=\"_blank\">Servigroup Benidorm<\/a>, el polaco Krystian Witkowski, que ya ha entrenado esta semana con normalidad.<\/p>   <p>Pese a la evidente diferencia de potencial entre ambas plantillas, el Bar\u00e7a es un rival al que el Balonmano Benidorm ha podido poner en serios aprietos en m\u00e1s de una ocasi\u00f3n, lo que hace que en ning\u00fan momento el equipo del Palau d\u2019Esports d\u00e9 el choque por amortizado. El \u00faltimo ejemplo, de hecho, lo encontramos en la pasada temporada, cuando el Servigroup Benidorm cay\u00f3 por un estrecho 33-30 en su visita al Palau Blaugrana tras completar uno de los mejores partidos de su campa\u00f1a.<\/p>   <p>     .c-w{         max-width:444px;         width:100%;         margin:32px auto;      background:#00755E;         border-radius:4px;         display:flex;         align-items:center;         justify-content:center;     }     .c-w a{         display:flex;         align-items:center;         justify-content:center;         padding:4px 24px;     }     .c-w img{         width:24px;         margin-right:12px;     }     .c-w p{         font:18px\/25px Poppins;         text-align:center;         color:#fff;         margin:0;     }     @media (max-width:444px){         .c-w a{             padding:4px 12px;         }         .c-w img{             width:24px;             margin-right:8px;         }         .c-w p{             font:14px\/25px Poppins;         }     }     @media (max-width:335px){         .c-w p{             font:13px\/25px Poppins;         }     }  <div class=\"c-w\">     <a href=\"https:\/\/www.whatsapp.com\/channel\/0029Va633PF9WtC4l7XUzh1e\" target=\"_blank\">         <img decoding=\"async\" src=\"https:\/\/cadenaser.com\/estaticos\/recursosgraficos\/responsive\/img\/ico-whatsapp.svg\" alt=\"Whatsapp\">         <p>\u00danete al <b>canal de WhatsApp<\/b> de la SER<\/p>     <\/a> <\/div><\/p> ","protected":false},"excerpt":{"rendered":"<p>Los de Sergio Carballeira no renuncian a la posibilidad de dar la gran campanada ante el intratable l\u00edder de la Liga Asobal<\/p>\n","protected":false},"author":0,"featured_media":10302,"comment_status":"open","ping_status":"open","sticky":false,"template":"","format":"standard","meta":{"_acf_changed":false,"footnotes":""},"categories":[16],"tags":[],"class_list":["post-10301","post","type-post","status-publish","format-standard","has-post-thumbnail","hentry","category-deportes"],"acf":{"ser_id":"YY7B7CUCQZDZTEU7PYMMJ7VJWA","ser_url":"https:\/\/cadenaser.com\/comunitat-valenciana\/2024\/11\/14\/el-balonmano-benidorm-visita-el-imposible-palau-blaugrana-radio-benidorm\/"},"_links":{"self":[{"href":"https:\/\/serbenidorm.daliisolutions.com\/index.php\/wp-json\/wp\/v2\/posts\/10301","targetHints":{"allow":["GET"]}}],"collection":[{"href":"https:\/\/serbenidorm.daliisolutions.com\/index.php\/wp-json\/wp\/v2\/posts"}],"about":[{"href":"https:\/\/serbenidorm.daliisolutions.com\/index.php\/wp-json\/wp\/v2\/types\/post"}],"replies":[{"embeddable":true,"href":"https:\/\/serbenidorm.daliisolutions.com\/index.php\/wp-json\/wp\/v2\/comments?post=10301"}],"version-history":[{"count":0,"href":"https:\/\/serbenidorm.daliisolutions.com\/index.php\/wp-json\/wp\/v2\/posts\/10301\/revisions"}],"wp:featuredmedia":[{"embeddable":true,"href":"https:\/\/serbenidorm.daliisolutions.com\/index.php\/wp-json\/wp\/v2\/media\/10302"}],"wp:attachment":[{"href":"https:\/\/serbenidorm.daliisolutions.com\/index.php\/wp-json\/wp\/v2\/media?parent=10301"}],"wp:term":[{"taxonomy":"category","embeddable":true,"href":"https:\/\/serbenidorm.daliisolutions.com\/index.php\/wp-json\/wp\/v2\/categories?post=10301"},{"taxonomy":"post_tag","embeddable":true,"href":"https:\/\/serbenidorm.daliisolutions.com\/index.php\/wp-json\/wp\/v2\/tags?post=10301"}],"curies":[{"name":"wp","href":"https:\/\/api.w.org\/{rel}","templated":true}]}}