{"id":10303,"date":"2024-11-14T11:18:24","date_gmt":"2024-11-14T10:18:24","guid":{"rendered":"https:\/\/serbenidorm.daliisolutions.com\/index.php\/2024\/11\/14\/los-ingleses-vuelven-a-tomar-benidorm-con-sus-disfraces\/"},"modified":"2024-11-14T11:18:24","modified_gmt":"2024-11-14T10:18:24","slug":"los-ingleses-vuelven-a-tomar-benidorm-con-sus-disfraces","status":"publish","type":"post","link":"https:\/\/serbenidorm.daliisolutions.com\/index.php\/2024\/11\/14\/los-ingleses-vuelven-a-tomar-benidorm-con-sus-disfraces\/","title":{"rendered":"Los ingleses vuelven a tomar Benidorm con sus disfraces"},"content":{"rendered":"  <p><\/p>   <p>Benidorm<\/p>   <p>Un a\u00f1o m\u00e1s las calles de la conocida como <a href=\"https:\/\/cadenaser.com\/tag\/benidorm\/a\/\" target=\"_blank\">&#8216;zona guiri&#8217; de Benidorm<\/a> se llenan este jueves de noviembre, justo a la conclusi\u00f3n de las Fiestas Mayores Patronales, con el colorido que aportan los disfraces de decenas de miles de ingleses que cumplen con esta tradici\u00f3n desde hace ya 34 a\u00f1os.<\/p>   <p>Una fiesta y desfile de disfraces que se considera la m\u00e1s grande de Europa aunque sus inicios fueron bastante m\u00e1s sencillos. En concreto, a ra\u00edz de la iniciativa del empresario local Manuel Nieto con una peque\u00f1a fiesta en su local para una veintena de personas. Desde entonces no ha hecho m\u00e1s que crecer hasta convertirse en esta referencia continental del ocio y tambi\u00e9n, por que no decirlo, de borrachera.<\/p>  <p><figure><img loading=\"lazy\" decoding=\"async\" src=\"https:\/\/cadenaser.com\/resizer\/v2\/XM75IXGGZNGW7N4GPNBHWXO27U.jpg?auth=6b041c3cf81aea7399a8eea0061bbd1bba3b9fedf52449c8a056933248435af8&amp;quality=70&amp;width=360&amp;height=202&amp;smart=true\" alt=\"Fancy Dress Party, Premio Radio Benidorm a la Fiesta\" width=\"240\" height=\"135\" \/><\/figure><div><a href=\"https:\/\/cadenaser.com\/comunitat-valenciana\/2024\/02\/29\/fancy-dress-party-premio-radio-benidorm-a-la-fiesta-radio-benidorm\/\">Fancy Dress Party, Premio Radio Benidorm a la Fiesta<\/a><p><\/p><\/div><\/p>   <p>El acto central ser\u00e1 el desfile de carrozas, cuyo inicio est\u00e1 previsto a las 16 horas, y en el que se reducir\u00e1 el n\u00famero de carrozas tematizadas a la mitad aunque se mantiene la presencia de grupos de bailes y batucadas.<\/p>   <p>Adem\u00e1s, este a\u00f1o hay un componente solidario porque los locales de ocio y varios hoteles de esa zona inglesa de la capital tur\u00edstica iniciaron este fin de semana una recogida de fondos para ayudar a las personas afectadas por la DANA. Recogida que se mantendr\u00e1 activa hasta el viernes.<\/p>   <p>Concretamente se han sumado la iniciativa los siguientes 38 establecimientos: Marina Resort, Funky Flamingo, Guinness Bar, Jolly Roger, Daytona Rock, Outback Aussie Bar, CandemTown, Shamrock, Rockstar, Winners Sport Bar, Hotel Riudor, The Meeting Point, Jumping Jacks,\u00a0Morgan Tavern, Western Saloon, Hotel California, Phillipines 10, Hotel Ambassador 1, Hotel Ambassador 2, Hotel Presidente, Hotel Riviera, Rockerfellas, Zodiaco, Palladium, Grupo TIKI, Silver Dollar, Gold Dollar, Million Dollar, Silver City, Sinatras, Jockers, Chaplins, Rockys, Planet Benidorm, Broadway, The Square, Why Not y Yorkshire Pride 1.<\/p>   <p>     .c-w{         max-width:444px;         width:100%;         margin:32px auto;      background:#00755E;         border-radius:4px;         display:flex;         align-items:center;         justify-content:center;     }     .c-w a{         display:flex;         align-items:center;         justify-content:center;         padding:4px 24px;     }     .c-w img{         width:24px;         margin-right:12px;     }     .c-w p{         font:18px\/25px Poppins;         text-align:center;         color:#fff;         margin:0;     }     @media (max-width:444px){         .c-w a{             padding:4px 12px;         }         .c-w img{             width:24px;             margin-right:8px;         }         .c-w p{             font:14px\/25px Poppins;         }     }     @media (max-width:335px){         .c-w p{             font:13px\/25px Poppins;         }     }  <div class=\"c-w\">     <a href=\"https:\/\/www.whatsapp.com\/channel\/0029Va633PF9WtC4l7XUzh1e\" target=\"_blank\">         <img decoding=\"async\" src=\"https:\/\/cadenaser.com\/estaticos\/recursosgraficos\/responsive\/img\/ico-whatsapp.svg\" alt=\"Whatsapp\">         <p>\u00danete al <b>canal de WhatsApp<\/b> de la SER<\/p>     <\/a> <\/div><\/p> ","protected":false},"excerpt":{"rendered":"<p>La &#8216;Fancy Dress Party&#8217; contar\u00e1 con m\u00e1s de 30.000 asistentes, amplio dispositivo de seguridad y urnas solidarias con los afectados de la DANA<\/p>\n","protected":false},"author":0,"featured_media":10304,"comment_status":"open","ping_status":"open","sticky":false,"template":"","format":"standard","meta":{"_acf_changed":false,"footnotes":""},"categories":[1],"tags":[],"class_list":["post-10303","post","type-post","status-publish","format-standard","has-post-thumbnail","hentry","category-sin-categoria"],"acf":{"ser_id":"7AJFLF2QRVGLZJ2HQSCAVDHP6I","ser_url":"https:\/\/cadenaser.com\/comunitat-valenciana\/2024\/11\/14\/los-ingleses-vuelven-a-tomar-benidorm-con-sus-disfraces-radio-benidorm\/"},"_links":{"self":[{"href":"https:\/\/serbenidorm.daliisolutions.com\/index.php\/wp-json\/wp\/v2\/posts\/10303","targetHints":{"allow":["GET"]}}],"collection":[{"href":"https:\/\/serbenidorm.daliisolutions.com\/index.php\/wp-json\/wp\/v2\/posts"}],"about":[{"href":"https:\/\/serbenidorm.daliisolutions.com\/index.php\/wp-json\/wp\/v2\/types\/post"}],"replies":[{"embeddable":true,"href":"https:\/\/serbenidorm.daliisolutions.com\/index.php\/wp-json\/wp\/v2\/comments?post=10303"}],"version-history":[{"count":0,"href":"https:\/\/serbenidorm.daliisolutions.com\/index.php\/wp-json\/wp\/v2\/posts\/10303\/revisions"}],"wp:featuredmedia":[{"embeddable":true,"href":"https:\/\/serbenidorm.daliisolutions.com\/index.php\/wp-json\/wp\/v2\/media\/10304"}],"wp:attachment":[{"href":"https:\/\/serbenidorm.daliisolutions.com\/index.php\/wp-json\/wp\/v2\/media?parent=10303"}],"wp:term":[{"taxonomy":"category","embeddable":true,"href":"https:\/\/serbenidorm.daliisolutions.com\/index.php\/wp-json\/wp\/v2\/categories?post=10303"},{"taxonomy":"post_tag","embeddable":true,"href":"https:\/\/serbenidorm.daliisolutions.com\/index.php\/wp-json\/wp\/v2\/tags?post=10303"}],"curies":[{"name":"wp","href":"https:\/\/api.w.org\/{rel}","templated":true}]}}