{"id":10307,"date":"2024-11-14T12:14:37","date_gmt":"2024-11-14T11:14:37","guid":{"rendered":"https:\/\/serbenidorm.daliisolutions.com\/index.php\/2024\/11\/14\/el-c-f-benidorm-no-jugara-en-el-guillermo-amor-y-vuelve-de-urgencia-al-nou-pla\/"},"modified":"2024-11-14T12:14:37","modified_gmt":"2024-11-14T11:14:37","slug":"el-c-f-benidorm-no-jugara-en-el-guillermo-amor-y-vuelve-de-urgencia-al-nou-pla","status":"publish","type":"post","link":"https:\/\/serbenidorm.daliisolutions.com\/index.php\/2024\/11\/14\/el-c-f-benidorm-no-jugara-en-el-guillermo-amor-y-vuelve-de-urgencia-al-nou-pla\/","title":{"rendered":"El C.F. Benidorm no jugar\u00e1 en el Guillermo Amor y vuelve de urgencia al Nou Pla"},"content":{"rendered":"  <p><\/p>   <p>Benidorm<\/p>   <p>Pese a que todo estaba preparado para que el <a href=\"https:\/\/cadenaser.com\/tag\/club_futbol_benidorm\/a\/\" target=\"_blank\">C.F. Benidorm<\/a> disputara su primer partido de la temporada en el Guillermo Amor este mismo domingo (12:00 horas) frente al Crevillente Deportivo, el equipo de Miguel \u00c1ngel Mart\u00ednez deber\u00e1 de esperar, al menos, otras dos semanas antes de poder reencontrarse con su p\u00fablico despu\u00e9s de que este mismo mi\u00e9rcoles se oficializara que el c\u00e9sped del estadio de la Ciudad Deportiva de Foietes no estar\u00e1 listo para esa und\u00e9cima jornada de la Tercera Federaci\u00f3n.<\/p>   <p>Este contratiempo ha afectado tambi\u00e9n de lleno a la selecci\u00f3n espa\u00f1ola femenina Sub-17, que ten\u00eda previsto disputar este jueves el primero de los tres partidos correspondientes a la primera ronda para el Campeonato de Europa que, hasta el pr\u00f3ximo mi\u00e9rcoles, iba a jugar en el Guillermo Amor.<\/p>   <p>La actual campeona de la Euro Sub-17 deb\u00eda comparecer hoy en el Guillermo Amor para medirse a Irlanda, pero ese choque finalmente se ha tenido que trasladar al estadio Rico P\u00e9rez de Alicante. Adem\u00e1s, los choques inicialmente previstos para el pr\u00f3ximo domingo ante Dinamarca y el mi\u00e9rcoles de la pr\u00f3xima semana ante Austria se deber\u00e1n jugar finalmente en la Ciutat Esportiva Camilo Cano de La Nuc\u00eda.<\/p>   <p>Seg\u00fan han confirmado a <a href=\"https:\/\/cadenaser.com\/radio-benidorm\/\" target=\"_blank\">Radio Benidorm-SER<\/a> fuentes conocedoras de la situaci\u00f3n, se esper\u00f3 hasta \u00faltima hora para tomar una decisi\u00f3n definitiva, por lo que no ha sido hasta menos de 24 horas antes del primero de los partidos de \u2018La Roja\u2019 femenina Sub-17 cuando se tom\u00f3 la determinaci\u00f3n de prescindir del Estadio Guillermo Amor.<\/p>   <p>Una realidad que tambi\u00e9n afecta de lleno al <a href=\"https:\/\/cadenaser.com\/comunitat-valenciana\/2024\/09\/02\/todos-los-partidos-horarios-y-resultados-del-cf-benidorm-y-cf-la-nucia-radio-benidorm\/\" target=\"_blank\">C.F. Benidorm, que ten\u00eda previsto jugar este domingo su primer partido en su estadio y que ha tenido que volver de urgencia al Nou Pla<\/a>, donde comparecer\u00e1 este domingo (12:00 horas) y que, por lo tanto, no estrenar\u00e1 el Guillermo Amor, al menos, hasta el pr\u00f3ximo d\u00eda 1 de diciembre cuando, con motivo de la 13\u00aa jornada de competici\u00f3n, debe recibir al Torrellano, rival directo de los de Miguel \u00c1ngel Mart\u00ednez en la zona baja de la clasificaci\u00f3n.<\/p>   <p>     .c-w{         max-width:444px;         width:100%;         margin:32px auto;      background:#00755E;         border-radius:4px;         display:flex;         align-items:center;         justify-content:center;     }     .c-w a{         display:flex;         align-items:center;         justify-content:center;         padding:4px 24px;     }     .c-w img{         width:24px;         margin-right:12px;     }     .c-w p{         font:18px\/25px Poppins;         text-align:center;         color:#fff;         margin:0;     }     @media (max-width:444px){         .c-w a{             padding:4px 12px;         }         .c-w img{             width:24px;             margin-right:8px;         }         .c-w p{             font:14px\/25px Poppins;         }     }     @media (max-width:335px){         .c-w p{             font:13px\/25px Poppins;         }     }  <div class=\"c-w\">     <a href=\"https:\/\/www.whatsapp.com\/channel\/0029Va633PF9WtC4l7XUzh1e\" target=\"_blank\">         <img decoding=\"async\" src=\"https:\/\/cadenaser.com\/estaticos\/recursosgraficos\/responsive\/img\/ico-whatsapp.svg\" alt=\"Whatsapp\">         <p>\u00danete al <b>canal de WhatsApp<\/b> de la SER<\/p>     <\/a> <\/div><\/p> ","protected":false},"excerpt":{"rendered":"<p>Tambi\u00e9n se ha tenido que buscar sede alternativa para los partidos de la Selecci\u00f3n femenina Sub-17<\/p>\n","protected":false},"author":0,"featured_media":10308,"comment_status":"open","ping_status":"open","sticky":false,"template":"","format":"standard","meta":{"_acf_changed":false,"footnotes":""},"categories":[1],"tags":[],"class_list":["post-10307","post","type-post","status-publish","format-standard","has-post-thumbnail","hentry","category-sin-categoria"],"acf":{"ser_id":"TU5O4GGPSNGNDLHORKF5WQ7QCU","ser_url":"https:\/\/cadenaser.com\/comunitat-valenciana\/2024\/11\/14\/el-cf-benidorm-no-jugara-en-el-guillermo-amor-y-vuelve-de-urgencia-al-nou-pla-radio-benidorm\/"},"_links":{"self":[{"href":"https:\/\/serbenidorm.daliisolutions.com\/index.php\/wp-json\/wp\/v2\/posts\/10307","targetHints":{"allow":["GET"]}}],"collection":[{"href":"https:\/\/serbenidorm.daliisolutions.com\/index.php\/wp-json\/wp\/v2\/posts"}],"about":[{"href":"https:\/\/serbenidorm.daliisolutions.com\/index.php\/wp-json\/wp\/v2\/types\/post"}],"replies":[{"embeddable":true,"href":"https:\/\/serbenidorm.daliisolutions.com\/index.php\/wp-json\/wp\/v2\/comments?post=10307"}],"version-history":[{"count":0,"href":"https:\/\/serbenidorm.daliisolutions.com\/index.php\/wp-json\/wp\/v2\/posts\/10307\/revisions"}],"wp:featuredmedia":[{"embeddable":true,"href":"https:\/\/serbenidorm.daliisolutions.com\/index.php\/wp-json\/wp\/v2\/media\/10308"}],"wp:attachment":[{"href":"https:\/\/serbenidorm.daliisolutions.com\/index.php\/wp-json\/wp\/v2\/media?parent=10307"}],"wp:term":[{"taxonomy":"category","embeddable":true,"href":"https:\/\/serbenidorm.daliisolutions.com\/index.php\/wp-json\/wp\/v2\/categories?post=10307"},{"taxonomy":"post_tag","embeddable":true,"href":"https:\/\/serbenidorm.daliisolutions.com\/index.php\/wp-json\/wp\/v2\/tags?post=10307"}],"curies":[{"name":"wp","href":"https:\/\/api.w.org\/{rel}","templated":true}]}}