{"id":10309,"date":"2024-11-14T13:04:26","date_gmt":"2024-11-14T12:04:26","guid":{"rendered":"https:\/\/serbenidorm.daliisolutions.com\/index.php\/2024\/11\/14\/la-copa-del-mundo-de-ciclocross-de-benidorm-se-adentrara-mas-en-el-moralet\/"},"modified":"2024-11-14T13:04:26","modified_gmt":"2024-11-14T12:04:26","slug":"la-copa-del-mundo-de-ciclocross-de-benidorm-se-adentrara-mas-en-el-moralet","status":"publish","type":"post","link":"https:\/\/serbenidorm.daliisolutions.com\/index.php\/2024\/11\/14\/la-copa-del-mundo-de-ciclocross-de-benidorm-se-adentrara-mas-en-el-moralet\/","title":{"rendered":"La Copa del Mundo de ciclocross de Benidorm se adentrar\u00e1 m\u00e1s en El Moralet"},"content":{"rendered":"  <p><\/p>   <p>Benidorm<\/p>   <p>El pr\u00f3ximo d\u00eda 19 de enero Benidorm volver\u00e1 a ser sede de la <a href=\"https:\/\/cadenaser.com\/tag\/ciclocross\/a\/\" target=\"_blank\">Copa del Mundo de ciclocross<\/a> y la organizaci\u00f3n del exitoso evento deportivo invernal de la capital tur\u00edstica ya ha comenzado a trabajar sobre el terreno en el circuito que volver\u00e1 a instalarse en los parques de Foietes y El Moralet y que, tal y como ha anunciado el m\u00e1ximo responsable de la prueba, Pascual Momparler, introducir\u00e1 en 2025 importantes novedades para hacerlo todav\u00eda m\u00e1s duro.<\/p>   <p>Mientras que la l\u00ednea de salida y meta se mantiene en el mismo lugar que en las dos ediciones previas, la tercera visita de la m\u00e1xima competici\u00f3n de la especialidad invernal del ciclismo<a href=\"https:\/\/cadenaser.com\/comunitat-valenciana\/2024\/04\/19\/la-copa-del-mundo-de-ciclocross-volvera-a-benidorm-en-2025-radio-benidorm\/\" target=\"_blank\"> incorporar\u00e1 ahora un paso m\u00e1s largo por la zona forestal de El Moralet<\/a>, que extender\u00e1 la cuerda del circuito y lo endurecer\u00e1 al incorporar m\u00e1s desnivel.<\/p>  <p><figure><img loading=\"lazy\" decoding=\"async\" src=\"https:\/\/cadenaser.com\/resizer\/v2\/I2WT5NNVR5GJHPLOV3YVCPB7IM.jpg?auth=d31848a197f58af7d94c293c75d4dcc0741e8801980505b954a364db60dc577b&amp;quality=70&amp;width=650&amp;height=487&amp;smart=true\" alt=\"As\u00ed ser\u00e1 el circuito de 2025\" width=\"4\" height=\"3\" \/><figcaption class=\"fc\"><p><span>As\u00ed ser\u00e1 el circuito de 2025<\/span><\/p><\/figcaption><\/figure><button class=\"bt-am\">Ampliar<\/button><\/p>   <p>El organizador de la prueba y seleccionador nacional de ciclismo en carretera y ciclocross, Pascual Momparler, ha justificado estos cambios explicando que \u201chemos identificado qu\u00e9 le gusta al aficionado y tambi\u00e9n qu\u00e9 les gusta a los ciclistas. \u00c9stos nos han pedido que el recorrido fuera un poco m\u00e1s duro, que era una caracter\u00edstica que apreciaron en 2023, y que mantuvi\u00e9ramos la parte t\u00e9cnica que introdujimos en 2024\u201d.<\/p>   <p>Por lo tanto, \u201cel resultado de escuchar a todo el mundo es un trazado tan t\u00e9cnico como exigente que creemos que ser\u00e1 perfecto y esperamos utilizar durante muchos a\u00f1os\u201d.<\/p>  <p><p>M\u00e1s informaci\u00f3n<\/p><figure><img loading=\"lazy\" decoding=\"async\" src=\"https:\/\/cadenaser.com\/resizer\/v2\/KOEC7MEQZ5AJPGMLIPAPAABTLU.jpg?auth=9817f02a64253461c46d462144fe72985bd776a6f589b42e8796e1d5362e7ab5&amp;quality=70&amp;width=360&amp;height=202&amp;smart=true\" width=\"820\" height=\"621\" \/><\/figure><ul><li><a href=\"https:\/\/cadenaser.com\/comunitat-valenciana\/2024\/11\/06\/felipe-orts-sigo-en-una-nube-fue-un-dia-que-siempre-suenas-y-muchas-veces-nunca-llega-radio-benidorm\/\"><span>Felipe Orts: \u00abSigo en una nube. Fue un d\u00eda que siempre sue\u00f1as y muchas veces nunca llega\u00bb<\/span><\/a><\/li><\/ul><\/p>   <p>Otra caracter\u00edstica que hace a la de Benidorm una prueba \u00fanica dentro del programa de la Copa del Mundo y que se mantiene en 2025 son<a href=\"https:\/\/cadenaser.com\/comunitat-valenciana\/2024\/09\/05\/la-copa-del-mundo-de-ciclocross-de-benidorm-arranca-la-preventa-de-entradas-radio-benidorm\/\" target=\"_blank\"> las carreras para categor\u00edas inferiores y M\u00e1ster del s\u00e1bado<\/a>.<\/p>   <p>     .c-w{         max-width:444px;         width:100%;         margin:32px auto;      background:#00755E;         border-radius:4px;         display:flex;         align-items:center;         justify-content:center;     }     .c-w a{         display:flex;         align-items:center;         justify-content:center;         padding:4px 24px;     }     .c-w img{         width:24px;         margin-right:12px;     }     .c-w p{         font:18px\/25px Poppins;         text-align:center;         color:#fff;         margin:0;     }     @media (max-width:444px){         .c-w a{             padding:4px 12px;         }         .c-w img{             width:24px;             margin-right:8px;         }         .c-w p{             font:14px\/25px Poppins;         }     }     @media (max-width:335px){         .c-w p{             font:13px\/25px Poppins;         }     }  <div class=\"c-w\">     <a href=\"https:\/\/www.whatsapp.com\/channel\/0029Va633PF9WtC4l7XUzh1e\" target=\"_blank\">         <img decoding=\"async\" src=\"https:\/\/cadenaser.com\/estaticos\/recursosgraficos\/responsive\/img\/ico-whatsapp.svg\" alt=\"Whatsapp\">         <p>\u00danete al <b>canal de WhatsApp<\/b> de la SER<\/p>     <\/a> <\/div><\/p>   <p>As\u00ed, el d\u00eda 18 de enero, adem\u00e1s de los entrenamientos oficiales, se celebrar\u00e1 el Benidorm CX, prueba de categor\u00eda nacional abierta a todas las categor\u00edas cuyos detalles se anunciar\u00e1n en breve.<\/p>   <p>El domingo 19 ser\u00e1 el turno de la \u00e9lite mundial, con carreras de todas las categor\u00edas contempladas en la Copa del Mundo de ciclocross.<\/p> ","protected":false},"excerpt":{"rendered":"<p>Pascual Momparler: \u00abLos ciclistas han pedido que el recorrido fuera un poco m\u00e1s duro\u00bb<\/p>\n","protected":false},"author":0,"featured_media":10310,"comment_status":"open","ping_status":"open","sticky":false,"template":"","format":"standard","meta":{"_acf_changed":false,"footnotes":""},"categories":[16],"tags":[],"class_list":["post-10309","post","type-post","status-publish","format-standard","has-post-thumbnail","hentry","category-deportes"],"acf":{"ser_id":"VEDGSYA6EZFHRLT75OM4JWQJ7I","ser_url":"https:\/\/cadenaser.com\/comunitat-valenciana\/2024\/11\/14\/la-copa-del-mundo-de-ciclocross-de-benidorm-se-adentrara-mas-en-el-moralet-radio-benidorm\/"},"_links":{"self":[{"href":"https:\/\/serbenidorm.daliisolutions.com\/index.php\/wp-json\/wp\/v2\/posts\/10309","targetHints":{"allow":["GET"]}}],"collection":[{"href":"https:\/\/serbenidorm.daliisolutions.com\/index.php\/wp-json\/wp\/v2\/posts"}],"about":[{"href":"https:\/\/serbenidorm.daliisolutions.com\/index.php\/wp-json\/wp\/v2\/types\/post"}],"replies":[{"embeddable":true,"href":"https:\/\/serbenidorm.daliisolutions.com\/index.php\/wp-json\/wp\/v2\/comments?post=10309"}],"version-history":[{"count":0,"href":"https:\/\/serbenidorm.daliisolutions.com\/index.php\/wp-json\/wp\/v2\/posts\/10309\/revisions"}],"wp:featuredmedia":[{"embeddable":true,"href":"https:\/\/serbenidorm.daliisolutions.com\/index.php\/wp-json\/wp\/v2\/media\/10310"}],"wp:attachment":[{"href":"https:\/\/serbenidorm.daliisolutions.com\/index.php\/wp-json\/wp\/v2\/media?parent=10309"}],"wp:term":[{"taxonomy":"category","embeddable":true,"href":"https:\/\/serbenidorm.daliisolutions.com\/index.php\/wp-json\/wp\/v2\/categories?post=10309"},{"taxonomy":"post_tag","embeddable":true,"href":"https:\/\/serbenidorm.daliisolutions.com\/index.php\/wp-json\/wp\/v2\/tags?post=10309"}],"curies":[{"name":"wp","href":"https:\/\/api.w.org\/{rel}","templated":true}]}}