{"id":10313,"date":"2024-11-14T15:11:45","date_gmt":"2024-11-14T14:11:45","guid":{"rendered":"https:\/\/serbenidorm.daliisolutions.com\/index.php\/2024\/11\/14\/desmantelada-en-la-nucia-una-banda-de-ladrones-que-se-hacia-pasar-por-la-policia\/"},"modified":"2024-11-14T15:11:45","modified_gmt":"2024-11-14T14:11:45","slug":"desmantelada-en-la-nucia-una-banda-de-ladrones-que-se-hacia-pasar-por-la-policia","status":"publish","type":"post","link":"https:\/\/serbenidorm.daliisolutions.com\/index.php\/2024\/11\/14\/desmantelada-en-la-nucia-una-banda-de-ladrones-que-se-hacia-pasar-por-la-policia\/","title":{"rendered":"Desmantelada en La Nuc\u00eda una banda de ladrones que se hac\u00eda pasar por la polic\u00eda"},"content":{"rendered":"  <p><\/p>   <p>La Nuc\u00eda<\/p>   <p>La Guardia Civil de Altea y la Polic\u00eda Local de La Nuc\u00eda han detenido a seis hombres de diversas nacionalidades como presuntos autores de un robo con violencia e intimidaci\u00f3n en Guardamar del Segura, empleando el m\u00e9todo<a href=\"https:\/\/cadenaser.com\/tag\/la_nucia\/a\/\" target=\"_blank\"> \u201cpolic\u00eda full\u201d<\/a> o falsos polic\u00edas. <\/p>   <p>Los arrestados, seg\u00fan ha detallado en un comunicado la benem\u00e9rita, simulaban ser agentes de la autoridad para cometer el robo, utilizando armas de fuego y material policial falso.<\/p>   <p>Las actuaciones se iniciaron gracias al aviso de un vecino que observ\u00f3 a varias personas repostando un veh\u00edculo con una garrafa en un aparcamiento de La Nuc\u00eda, <a href=\"https:\/\/cadenaser.com\/tag\/altea\/a\/\" target=\"_blank\">dando aviso a la Polic\u00eda Local, que a su vez pidi\u00f3 ayuda a la Guardia Civil del puesto de Altea<\/a>.<\/p>  <p><p>M\u00e1s informaci\u00f3n<\/p><figure><img loading=\"lazy\" decoding=\"async\" src=\"https:\/\/cadenaser.com\/resizer\/v2\/AJWFR66H5NFIJE4SBZWQMOHIWI.jpeg?auth=36c27bf432fca91b68b00bbf37d0f691fd38720dde8cd7fa12c96fc0f3c4218c&amp;quality=70&amp;width=360&amp;height=202&amp;smart=true\" width=\"820\" height=\"621\" \/><\/figure><ul><li><a href=\"https:\/\/cadenaser.com\/comunitat-valenciana\/2024\/11\/07\/la-policia-de-benidorm-da-un-golpe-al-robo-de-vehiculos-cuatro-detenidos-in-fraganti-radio-benidorm\/\"><span>La Polic\u00eda de Benidorm da un golpe al robo de veh\u00edculos: cuatro detenidos in fraganti<\/span><\/a><\/li><\/ul><\/p>   <p>Entre otros efectos, se han intervenido tres veh\u00edculos, m\u00e1s de 5.000 euros, dos armas de fuego, material con el logotipo de la Polic\u00eda Nacional y pertenencias de la v\u00edctima.<\/p>   <p>Los seis detenidos, de entre 24 y 50 a\u00f1os, se enfrentan a cargos por delitos de robo con violencia e intimidaci\u00f3n, tenencia il\u00edcita de armas y pertenencia a grupo criminal.<\/p>   <p>     .c-w{         max-width:444px;         width:100%;         margin:32px auto;      background:#00755E;         border-radius:4px;         display:flex;         align-items:center;         justify-content:center;     }     .c-w a{         display:flex;         align-items:center;         justify-content:center;         padding:4px 24px;     }     .c-w img{         width:24px;         margin-right:12px;     }     .c-w p{         font:18px\/25px Poppins;         text-align:center;         color:#fff;         margin:0;     }     @media (max-width:444px){         .c-w a{             padding:4px 12px;         }         .c-w img{             width:24px;             margin-right:8px;         }         .c-w p{             font:14px\/25px Poppins;         }     }     @media (max-width:335px){         .c-w p{             font:13px\/25px Poppins;         }     }  <div class=\"c-w\">     <a href=\"https:\/\/www.whatsapp.com\/channel\/0029Va633PF9WtC4l7XUzh1e\" target=\"_blank\">         <img decoding=\"async\" src=\"https:\/\/cadenaser.com\/estaticos\/recursosgraficos\/responsive\/img\/ico-whatsapp.svg\" alt=\"Whatsapp\">         <p>\u00danete al <b>canal de WhatsApp<\/b> de la SER<\/p>     <\/a> <\/div><\/p> ","protected":false},"excerpt":{"rendered":"<p>Gracias al aviso de un vecino se ha detenido a los responsables de un robo en Guardamar del Segura <\/p>\n","protected":false},"author":0,"featured_media":10314,"comment_status":"open","ping_status":"open","sticky":false,"template":"","format":"standard","meta":{"_acf_changed":false,"footnotes":""},"categories":[1],"tags":[],"class_list":["post-10313","post","type-post","status-publish","format-standard","has-post-thumbnail","hentry","category-sin-categoria"],"acf":{"ser_id":"PU4I7POKIVA2HP3E2JFIMUGRIY","ser_url":"https:\/\/cadenaser.com\/comunitat-valenciana\/2024\/11\/14\/desmantelada-en-la-nucia-una-banda-de-ladrones-que-se-hacia-pasar-por-la-policia-radio-benidorm\/"},"_links":{"self":[{"href":"https:\/\/serbenidorm.daliisolutions.com\/index.php\/wp-json\/wp\/v2\/posts\/10313","targetHints":{"allow":["GET"]}}],"collection":[{"href":"https:\/\/serbenidorm.daliisolutions.com\/index.php\/wp-json\/wp\/v2\/posts"}],"about":[{"href":"https:\/\/serbenidorm.daliisolutions.com\/index.php\/wp-json\/wp\/v2\/types\/post"}],"replies":[{"embeddable":true,"href":"https:\/\/serbenidorm.daliisolutions.com\/index.php\/wp-json\/wp\/v2\/comments?post=10313"}],"version-history":[{"count":0,"href":"https:\/\/serbenidorm.daliisolutions.com\/index.php\/wp-json\/wp\/v2\/posts\/10313\/revisions"}],"wp:featuredmedia":[{"embeddable":true,"href":"https:\/\/serbenidorm.daliisolutions.com\/index.php\/wp-json\/wp\/v2\/media\/10314"}],"wp:attachment":[{"href":"https:\/\/serbenidorm.daliisolutions.com\/index.php\/wp-json\/wp\/v2\/media?parent=10313"}],"wp:term":[{"taxonomy":"category","embeddable":true,"href":"https:\/\/serbenidorm.daliisolutions.com\/index.php\/wp-json\/wp\/v2\/categories?post=10313"},{"taxonomy":"post_tag","embeddable":true,"href":"https:\/\/serbenidorm.daliisolutions.com\/index.php\/wp-json\/wp\/v2\/tags?post=10313"}],"curies":[{"name":"wp","href":"https:\/\/api.w.org\/{rel}","templated":true}]}}