{"id":10315,"date":"2024-11-14T15:11:46","date_gmt":"2024-11-14T14:11:46","guid":{"rendered":"https:\/\/serbenidorm.daliisolutions.com\/index.php\/2024\/11\/14\/dos-anos-de-prision-por-tocar-los-genitales-a-un-menor-en-un-hotel-de-benidorm\/"},"modified":"2024-11-14T15:11:46","modified_gmt":"2024-11-14T14:11:46","slug":"dos-anos-de-prision-por-tocar-los-genitales-a-un-menor-en-un-hotel-de-benidorm","status":"publish","type":"post","link":"https:\/\/serbenidorm.daliisolutions.com\/index.php\/2024\/11\/14\/dos-anos-de-prision-por-tocar-los-genitales-a-un-menor-en-un-hotel-de-benidorm\/","title":{"rendered":"Dos a\u00f1os de prisi\u00f3n por tocar los genitales a un menor en un hotel de Benidorm"},"content":{"rendered":"  <p><\/p>   <p>Benidorm<\/p>   <p>Un hombre de 50 a\u00f1os ha sido condenado por la Audiencia de Alicante a dos a\u00f1os de c\u00e1rcel por tocar los genitales a un menor en un hotel de Benidorm, donde la v\u00edctima estaba alojada para participar en un torneo de f\u00fatbol.<\/p>   <p>El tocamiento tuvo lugar en torno a las 14.12 horas del 5 de julio de 2021 en el vest\u00edbulo del establecimiento hotelero. La sentencia detalla que, en ese momento en el que ambos coincidieron en el mismo espacio del edificio, el acusado se aproxim\u00f3 hasta el menor y \u201cle palp\u00f3 los genitales\u201d por fuera del pantal\u00f3n, guiado por \u201cun \u00e1nimo libidinoso\u201d.<\/p>  <p><p>M\u00e1s informaci\u00f3n<\/p><figure><img loading=\"lazy\" decoding=\"async\" src=\"https:\/\/cadenaser.com\/resizer\/v2\/GYK3XNKNWNF6TL7ODA2YNWSHKI.jpg?auth=18be67a3188dc95ea5d7f01fc8d010426844f2a777e226ff63156088138a8bd3&amp;quality=70&amp;width=360&amp;height=202&amp;smart=true\" width=\"820\" height=\"621\" \/><\/figure><ul><li><a href=\"https:\/\/cadenaser.com\/comunitat-valenciana\/2024\/11\/14\/desmantelada-en-la-nucia-una-banda-de-ladrones-que-se-hacia-pasar-por-la-policia-radio-benidorm\/\"><span>Desmantelada en La Nuc\u00eda una banda de ladrones que se hac\u00eda pasar por la polic\u00eda<\/span><\/a><\/li><\/ul><\/p>   <p>D\u00edas despu\u00e9s, la madre interpuso denuncia para que se dilucidasen responsabilidades por el comportamiento del encausado, sin llegar a reclamar indemnizaci\u00f3n en la causa.<\/p>   <p>El procesado asumi\u00f3 las acusaciones formuladas por la Fiscal\u00eda tras alcanzar un acuerdo de conformidad por el que reconoci\u00f3 los tocamientos en el inicio de la vista. As\u00ed, el tribunal le impone la pena concertada de dos a\u00f1os de prisi\u00f3n como responsable de un delito de abuso sexual a menor de 16 a\u00f1os, que queda en suspenso por un plazo de cuatro a\u00f1os con la condici\u00f3n de que no vuelva a delinquir.<\/p>   <p>Adem\u00e1s, establece la medida de alejamiento de 500 metros respecto al menor durante cinco a\u00f1os, as\u00ed como la prohibici\u00f3n de comunicarse con \u00e9l por el mismo periodo. Por \u00faltimo, a\u00f1ade otros cinco a\u00f1os de medida de libertad vigilada.<\/p>   <p>     .c-w{         max-width:444px;         width:100%;         margin:32px auto;      background:#00755E;         border-radius:4px;         display:flex;         align-items:center;         justify-content:center;     }     .c-w a{         display:flex;         align-items:center;         justify-content:center;         padding:4px 24px;     }     .c-w img{         width:24px;         margin-right:12px;     }     .c-w p{         font:18px\/25px Poppins;         text-align:center;         color:#fff;         margin:0;     }     @media (max-width:444px){         .c-w a{             padding:4px 12px;         }         .c-w img{             width:24px;             margin-right:8px;         }         .c-w p{             font:14px\/25px Poppins;         }     }     @media (max-width:335px){         .c-w p{             font:13px\/25px Poppins;         }     }  <div class=\"c-w\">     <a href=\"https:\/\/www.whatsapp.com\/channel\/0029Va633PF9WtC4l7XUzh1e\" target=\"_blank\">         <img decoding=\"async\" src=\"https:\/\/cadenaser.com\/estaticos\/recursosgraficos\/responsive\/img\/ico-whatsapp.svg\" alt=\"Whatsapp\">         <p>\u00danete al <b>canal de WhatsApp<\/b> de la SER<\/p>     <\/a> <\/div><\/p> ","protected":false},"excerpt":{"rendered":"<p>La v\u00edctima iba a participar en un torneo de f\u00fatbol<\/p>\n","protected":false},"author":0,"featured_media":10316,"comment_status":"open","ping_status":"open","sticky":false,"template":"","format":"standard","meta":{"_acf_changed":false,"footnotes":""},"categories":[1],"tags":[],"class_list":["post-10315","post","type-post","status-publish","format-standard","has-post-thumbnail","hentry","category-sin-categoria"],"acf":{"ser_id":"YPLJKZPXGJBPHABYDNX37EEVHY","ser_url":"https:\/\/cadenaser.com\/comunitat-valenciana\/2024\/11\/14\/dos-anos-de-prision-por-tocar-los-genitales-a-un-menor-en-un-hotel-de-benidorm-radio-benidorm\/"},"_links":{"self":[{"href":"https:\/\/serbenidorm.daliisolutions.com\/index.php\/wp-json\/wp\/v2\/posts\/10315","targetHints":{"allow":["GET"]}}],"collection":[{"href":"https:\/\/serbenidorm.daliisolutions.com\/index.php\/wp-json\/wp\/v2\/posts"}],"about":[{"href":"https:\/\/serbenidorm.daliisolutions.com\/index.php\/wp-json\/wp\/v2\/types\/post"}],"replies":[{"embeddable":true,"href":"https:\/\/serbenidorm.daliisolutions.com\/index.php\/wp-json\/wp\/v2\/comments?post=10315"}],"version-history":[{"count":0,"href":"https:\/\/serbenidorm.daliisolutions.com\/index.php\/wp-json\/wp\/v2\/posts\/10315\/revisions"}],"wp:featuredmedia":[{"embeddable":true,"href":"https:\/\/serbenidorm.daliisolutions.com\/index.php\/wp-json\/wp\/v2\/media\/10316"}],"wp:attachment":[{"href":"https:\/\/serbenidorm.daliisolutions.com\/index.php\/wp-json\/wp\/v2\/media?parent=10315"}],"wp:term":[{"taxonomy":"category","embeddable":true,"href":"https:\/\/serbenidorm.daliisolutions.com\/index.php\/wp-json\/wp\/v2\/categories?post=10315"},{"taxonomy":"post_tag","embeddable":true,"href":"https:\/\/serbenidorm.daliisolutions.com\/index.php\/wp-json\/wp\/v2\/tags?post=10315"}],"curies":[{"name":"wp","href":"https:\/\/api.w.org\/{rel}","templated":true}]}}