{"id":10343,"date":"2024-11-15T13:01:19","date_gmt":"2024-11-15T12:01:19","guid":{"rendered":"https:\/\/serbenidorm.daliisolutions.com\/index.php\/2024\/11\/15\/el-voleibol-playas-de-benidorm-quiere-atar-su-presencia-en-la-copa-principe\/"},"modified":"2024-11-15T13:01:19","modified_gmt":"2024-11-15T12:01:19","slug":"el-voleibol-playas-de-benidorm-quiere-atar-su-presencia-en-la-copa-principe","status":"publish","type":"post","link":"https:\/\/serbenidorm.daliisolutions.com\/index.php\/2024\/11\/15\/el-voleibol-playas-de-benidorm-quiere-atar-su-presencia-en-la-copa-principe\/","title":{"rendered":"El Voleibol Playas de Benidorm quiere atar su presencia en la Copa Pr\u00edncipe"},"content":{"rendered":"  <p><\/p>   <p>Benidorm<\/p>   <p>La Superliga 2 de voleibol vuelve este fin de semana a Benidorm y lo hace con triple raci\u00f3n ya que el equipo masculino del <a href=\"https:\/\/cadenaser.com\/tag\/club_voleibol_playas_benidorm\/a\/\" target=\"_blank\">Club Voleibol Playas de Benidorm<\/a> disputar\u00e1, adem\u00e1s del choque previsto para esta jornada, su partido aplazado ante el Universidad de Granada.<\/p>   <p>Los chicos de Adriano Lamb disputar\u00e1n dos partidos consecutivos ante su afici\u00f3n, una oportunidad perfecta para dar un paso importante hacia la clasificaci\u00f3n a la Copa Pr\u00edncipe que, en caso de poder seguir con esa imparable racha que les ha llevado a ganar todos sus partidos hasta la fecha con tres puntos, podr\u00eda quedar casi matem\u00e1ticamente amarrada .<\/p>   <p>El s\u00e1bado (19:30 horas), el Servigroup Benidorm masculino se enfrentar\u00e1 al Michel\u00edn Mintonette Almer\u00eda, que llega en la d\u00e9cima posici\u00f3n con 7 puntos y tras una victoria en casa ante el CV Utrera (3-0).<\/p>   <p>Los benidormenses, que vienen de lograr una s\u00f3lida victoria en Marbella (1-3), buscan mantener su racha de triunfos y sumar tres puntos m\u00e1s en su camino hacia la Copa Pr\u00edncipe.<\/p>  <p><p>M\u00e1s informaci\u00f3n<\/p><figure><img loading=\"lazy\" decoding=\"async\" src=\"https:\/\/cadenaser.com\/resizer\/v2\/7TPHZLTOPNEVRHBDISODCMNOQU.jpg?auth=5734c3cd152c91a7dbdce0318636f67f00d0b49024eaa0729a8836509cc536cb&amp;quality=70&amp;width=360&amp;height=202&amp;smart=true\" width=\"820\" height=\"621\" \/><\/figure><ul><li><a href=\"https:\/\/cadenaser.com\/comunitat-valenciana\/2024\/09\/02\/todos-los-partidos-horarios-y-resultados-del-voleibol-radio-benidorm\/\"><span>Todos los partidos, horarios y resultados del voleibol<\/span><\/a><\/li><\/ul><\/p>   <p>Apenas 24 horas m\u00e1s tarde, el domingo (17:00 horas), los de Adriano Lamb volver\u00e1n al pabell\u00f3n Ra\u00fal Mesa para v\u00e9rselas con el Universidad de Granada con el que tendr\u00edan que haber jugado en la quinta jornada, que qued\u00f3 aplazada en se\u00f1al de duelo por las v\u00edctimas de la Dana.<\/p>   <p>     .c-w{         max-width:444px;         width:100%;         margin:32px auto;      background:#00755E;         border-radius:4px;         display:flex;         align-items:center;         justify-content:center;     }     .c-w a{         display:flex;         align-items:center;         justify-content:center;         padding:4px 24px;     }     .c-w img{         width:24px;         margin-right:12px;     }     .c-w p{         font:18px\/25px Poppins;         text-align:center;         color:#fff;         margin:0;     }     @media (max-width:444px){         .c-w a{             padding:4px 12px;         }         .c-w img{             width:24px;             margin-right:8px;         }         .c-w p{             font:14px\/25px Poppins;         }     }     @media (max-width:335px){         .c-w p{             font:13px\/25px Poppins;         }     }  <div class=\"c-w\">     <a href=\"https:\/\/www.whatsapp.com\/channel\/0029Va633PF9WtC4l7XUzh1e\" target=\"_blank\">         <img decoding=\"async\" src=\"https:\/\/cadenaser.com\/estaticos\/recursosgraficos\/responsive\/img\/ico-whatsapp.svg\" alt=\"Whatsapp\">         <p>\u00danete al <b>canal de WhatsApp<\/b> de la SER<\/p>     <\/a> <\/div><\/p>   <p>Los granadinos, pen\u00faltimos en la clasificaci\u00f3n, buscar\u00e1n escapar de los puestos de descenso tras un gran esfuerzo en su \u00faltimo partido, aunque cayeron en el tie-break frente al SUAC Canarias (2-3).<\/p>   <p>Adriano Lamb, entrenador del equipo, aseguraba que este \u201ces un fin de semana clave para nosotros. Jugamos dos partidos en casa ante equipos muy j\u00f3venes que destacan por su fuerza f\u00edsica. El h\u00e1ndicap del equipo puede estar en el cansancio acumulado al disputar dos encuentros en apenas 24 horas, pero hemos trabajado muy bien esta semana, alejados de las Fiestas Patronales y centrados en este reto. Necesitamos el apoyo de nuestra afici\u00f3n en ambos partidos para que nos den ese empuje y calor adicional en la cancha. Sumar seis puntos ser\u00eda un paso muy importante hacia la Copa Pr\u00edncipe, un objetivo que el club nunca ha alcanzado, pese haber logrado la clasificaci\u00f3n en 2021\u201d.<\/p>   <p><b>Elena Sviridova, nuevo fichaje del Playas de Benidorm<\/b><\/p>  <p><figure><img loading=\"lazy\" decoding=\"async\" src=\"https:\/\/cadenaser.com\/resizer\/v2\/N5WQVJ3URVF5XLFSS3MSJWE4KI.JPG?auth=8a2e48d829e864ecd93336fb42228ef99da46f25eb4e0fc3bdcae7a8e8a8101b&amp;quality=70&amp;width=650&amp;height=487&amp;smart=true\" alt=\"Elena Sviridova, nuevo fichaje del Club Voleibol Playas de Benidorm\" width=\"4\" height=\"3\" \/><figcaption class=\"fc\"><p><span>Elena Sviridova, nuevo fichaje del Club Voleibol Playas de Benidorm<\/span><\/p><\/figcaption><\/figure><button class=\"bt-am\">Ampliar<\/button><\/p>   <p>Por su parte, el Servigroup Benidorm femenino, que viene de dejar buenas sensaciones en su enfrentamiento contra el l\u00edder Santa Cruz Cuesta Piedra, recibe este s\u00e1bado (17:00 horas), al Almer\u00eda, un reci\u00e9n ascendido dirigido por el entrenador argentino Mariano Riganti.<\/p>   <p>Las almerienses ocupan el noveno lugar en la tabla con 4 puntos y vienen de perder en el tie-break ante el CV Hidramar (2-3).<\/p>   <p>Este partido ser\u00e1 especial para el Servigroup Playas de Benidorm ya que marcar\u00e1 el debut de la jugadora rusa Elena Sviridova, una receptora experimentada en voleibol de playa que ha jugado en la liga israel\u00ed con el Maccabi Mosinzon (2021-2023).<\/p>   <p>Sviridova llega para reforzar una plantilla mermada por las bajas de tres jugadoras clave.<\/p>   <p>La entrenadora Noelia Santacreu expres\u00f3 su optimismo al explicar que \u201cestamos muy ilusionados con el debut de Elena, que viene a ayudar al equipo, mermado por las bajas en este inicio. Hemos trabajado muy duro esta semana y, aunque enfrentamos un rival complicado, estamos con muchas ganas de volver a sumar tres puntos en casa\u201d.<\/p>   <p><b>Nueva final para Medsur-Finestrat<\/b><\/p>   <p>Las que jugar\u00e1n lejos de casa son las chicas del <a href=\"https:\/\/cadenaser.com\/tag\/club_voleibol_finestrat\/a\/\" target=\"_blank\">Medsur-Finestrat<\/a>, que visitan este s\u00e1bado (19:00 horas) al Hidramar Gran Canaria, quinto clasificado con 8 puntos y que viene de ganar por la m\u00ednima (2-3), precisamente, frente al Almer\u00eda, el rival de las vecinas benidormenses.<\/p>   <p>Para las de Juanvi Llinares este partido vuelve a ser una aut\u00e9ntica final habida cuenta de su delicada situaci\u00f3n en la clasificaci\u00f3n, en la que son antepen\u00faltimas con 4 puntos (aunque con un partido menos que sus rivales m\u00e1s directos), por lo que necesitan con urgencia un triunfo bals\u00e1mico.<\/p> ","protected":false},"excerpt":{"rendered":"<p>El Servigroup Benidorm masculino afronta este fin de semana dos partidos en menos de 24 horas<\/p>\n","protected":false},"author":0,"featured_media":10344,"comment_status":"open","ping_status":"open","sticky":false,"template":"","format":"standard","meta":{"_acf_changed":false,"footnotes":""},"categories":[16],"tags":[],"class_list":["post-10343","post","type-post","status-publish","format-standard","has-post-thumbnail","hentry","category-deportes"],"acf":{"ser_id":"FUZBN6BG2RAQJDO2JKOBWZ4PAM","ser_url":"https:\/\/cadenaser.com\/comunitat-valenciana\/2024\/11\/15\/el-voleibol-playas-de-benidorm-quiere-atar-su-presencia-en-la-copa-principe-radio-benidorm\/"},"_links":{"self":[{"href":"https:\/\/serbenidorm.daliisolutions.com\/index.php\/wp-json\/wp\/v2\/posts\/10343","targetHints":{"allow":["GET"]}}],"collection":[{"href":"https:\/\/serbenidorm.daliisolutions.com\/index.php\/wp-json\/wp\/v2\/posts"}],"about":[{"href":"https:\/\/serbenidorm.daliisolutions.com\/index.php\/wp-json\/wp\/v2\/types\/post"}],"replies":[{"embeddable":true,"href":"https:\/\/serbenidorm.daliisolutions.com\/index.php\/wp-json\/wp\/v2\/comments?post=10343"}],"version-history":[{"count":0,"href":"https:\/\/serbenidorm.daliisolutions.com\/index.php\/wp-json\/wp\/v2\/posts\/10343\/revisions"}],"wp:featuredmedia":[{"embeddable":true,"href":"https:\/\/serbenidorm.daliisolutions.com\/index.php\/wp-json\/wp\/v2\/media\/10344"}],"wp:attachment":[{"href":"https:\/\/serbenidorm.daliisolutions.com\/index.php\/wp-json\/wp\/v2\/media?parent=10343"}],"wp:term":[{"taxonomy":"category","embeddable":true,"href":"https:\/\/serbenidorm.daliisolutions.com\/index.php\/wp-json\/wp\/v2\/categories?post=10343"},{"taxonomy":"post_tag","embeddable":true,"href":"https:\/\/serbenidorm.daliisolutions.com\/index.php\/wp-json\/wp\/v2\/tags?post=10343"}],"curies":[{"name":"wp","href":"https:\/\/api.w.org\/{rel}","templated":true}]}}