{"id":10345,"date":"2024-11-15T13:01:20","date_gmt":"2024-11-15T12:01:20","guid":{"rendered":"https:\/\/serbenidorm.daliisolutions.com\/index.php\/2024\/11\/15\/el-sporting-la-nucia-pone-a-prueba-su-buen-momento-ante-el-martorell\/"},"modified":"2024-11-15T13:01:20","modified_gmt":"2024-11-15T12:01:20","slug":"el-sporting-la-nucia-pone-a-prueba-su-buen-momento-ante-el-martorell","status":"publish","type":"post","link":"https:\/\/serbenidorm.daliisolutions.com\/index.php\/2024\/11\/15\/el-sporting-la-nucia-pone-a-prueba-su-buen-momento-ante-el-martorell\/","title":{"rendered":"El Sporting La Nuc\u00eda pone a prueba su buen momento ante el Martorell"},"content":{"rendered":"  <p><\/p>   <p>Benidorm<\/p>   <p>El <a href=\"https:\/\/cadenaser.com\/tag\/sporting_futbol_sala_la_nucia\/a\/\" target=\"_blank\">Sporting La Nuc\u00eda<\/a> regresa este s\u00e1bado (17:30 horas) al pabell\u00f3n Camilo Cano para medirse al Martorell en el partido correspondiente a la novena jornada de la Segunda Divisi\u00f3n del f\u00fatbol sala nacional, un choque en el que los de David \u2018Dada\u2019 Valverde est\u00e1n obligados a sumar para seguir enganchado al vag\u00f3n de cola de la clasificaci\u00f3n y con opciones de salir de ese pozo en el que ahora se encuentran.<\/p>  <p><p>M\u00e1s informaci\u00f3n<\/p><figure><img loading=\"lazy\" decoding=\"async\" src=\"https:\/\/cadenaser.com\/resizer\/v2\/ZNVKVBMR7ZCVNHINMVTPOCAK3A.jpg?auth=ec03db5aa17d22c05566e899e835a803de07c14f42a89651ada76680f939ae9e&amp;quality=70&amp;width=360&amp;height=202&amp;smart=true\" width=\"820\" height=\"621\" \/><\/figure><ul><li><a href=\"https:\/\/cadenaser.com\/comunitat-valenciana\/2024\/09\/04\/todos-los-partidos-horarios-y-resultados-del-sporting-futbol-sala-la-nucia-radio-benidorm\/\"><span>Todos los partidos, horarios y resultados del Sporting F\u00fatbol Sala La Nuc\u00eda<\/span><\/a><\/li><\/ul><\/p>   <p>Los rojillos ocupan ahora la \u00faltima plaza de la clasificaci\u00f3n con los mismos seis puntos que el Bar\u00e7a y el Legan\u00e9s, los dos equipos que preceden a los nucieros aunque, eso s\u00ed, con un partido m\u00e1s que los cul\u00e9s y uno menos que los madrile\u00f1os.<\/p>   <p>El <a href=\"https:\/\/cadenaser.com\/tag\/sporting_futbol_sala_la_nucia\/a\/\" target=\"_blank\">Sporting La Nuc\u00eda<\/a> llega, por lo tanto, necesitado de sacar algo positivo y con la intenci\u00f3n de seguir con esa racha positiva que les ha llevado a no conocer la derrota en las dos \u00faltimas jornadas (con una victoria y un empate), aunque frente a los nucieros formar\u00e1 un Martorell que sigue inmerso en la pelea por el liderato, que tiene a s\u00f3lo dos puntos de distancia.<\/p> ","protected":false},"excerpt":{"rendered":"<p>Los de David \u2018Dada\u2019 Valverde encadenan dos jornadas sin conocer la derrota<\/p>\n","protected":false},"author":0,"featured_media":10346,"comment_status":"open","ping_status":"open","sticky":false,"template":"","format":"standard","meta":{"_acf_changed":false,"footnotes":""},"categories":[16],"tags":[],"class_list":["post-10345","post","type-post","status-publish","format-standard","has-post-thumbnail","hentry","category-deportes"],"acf":{"ser_id":"7CCEOQKEARAG3GF75FZU6GIXOM","ser_url":"https:\/\/cadenaser.com\/comunitat-valenciana\/2024\/11\/15\/el-sporting-la-nucia-pone-a-prueba-su-buen-momento-ante-el-martorell-radio-benidorm\/"},"_links":{"self":[{"href":"https:\/\/serbenidorm.daliisolutions.com\/index.php\/wp-json\/wp\/v2\/posts\/10345","targetHints":{"allow":["GET"]}}],"collection":[{"href":"https:\/\/serbenidorm.daliisolutions.com\/index.php\/wp-json\/wp\/v2\/posts"}],"about":[{"href":"https:\/\/serbenidorm.daliisolutions.com\/index.php\/wp-json\/wp\/v2\/types\/post"}],"replies":[{"embeddable":true,"href":"https:\/\/serbenidorm.daliisolutions.com\/index.php\/wp-json\/wp\/v2\/comments?post=10345"}],"version-history":[{"count":0,"href":"https:\/\/serbenidorm.daliisolutions.com\/index.php\/wp-json\/wp\/v2\/posts\/10345\/revisions"}],"wp:featuredmedia":[{"embeddable":true,"href":"https:\/\/serbenidorm.daliisolutions.com\/index.php\/wp-json\/wp\/v2\/media\/10346"}],"wp:attachment":[{"href":"https:\/\/serbenidorm.daliisolutions.com\/index.php\/wp-json\/wp\/v2\/media?parent=10345"}],"wp:term":[{"taxonomy":"category","embeddable":true,"href":"https:\/\/serbenidorm.daliisolutions.com\/index.php\/wp-json\/wp\/v2\/categories?post=10345"},{"taxonomy":"post_tag","embeddable":true,"href":"https:\/\/serbenidorm.daliisolutions.com\/index.php\/wp-json\/wp\/v2\/tags?post=10345"}],"curies":[{"name":"wp","href":"https:\/\/api.w.org\/{rel}","templated":true}]}}