{"id":10347,"date":"2024-11-15T14:02:35","date_gmt":"2024-11-15T13:02:35","guid":{"rendered":"https:\/\/serbenidorm.daliisolutions.com\/index.php\/2024\/11\/15\/felipe-orts-busca-en-merksplas-alargar-el-sueno-de-todo-un-pais\/"},"modified":"2024-11-15T14:02:35","modified_gmt":"2024-11-15T13:02:35","slug":"felipe-orts-busca-en-merksplas-alargar-el-sueno-de-todo-un-pais","status":"publish","type":"post","link":"https:\/\/serbenidorm.daliisolutions.com\/index.php\/2024\/11\/15\/felipe-orts-busca-en-merksplas-alargar-el-sueno-de-todo-un-pais\/","title":{"rendered":"Felipe Orts busca en Merksplas alargar el sue\u00f1o de todo un pa\u00eds"},"content":{"rendered":"  <p><\/p>   <p>Benidorm<\/p>   <p>Tras haber encadenado tres grandes podios consecutivos con el subcampeonato de Europa, la victoria en Ruchpen (Pa\u00edses Bajos) y la segunda plaza en Niel (B\u00e9lgica), el vilero <a href=\"https:\/\/cadenaser.com\/tag\/felipe_orts_lloret\/a\/\" target=\"_blank\">Felipe Orts<\/a> vuelve este s\u00e1bado a la competici\u00f3n con la disputa de la cuarta cita puntuable para el Superprestigio, que se celebra en la localidad belga de Merksplas.<\/p>   <p>Orts se mantiene en la cuarta posici\u00f3n de la general del torneo m\u00e1s antiguo del ciclocross con 29 puntos, a s\u00f3lo diez de distancia del l\u00edder, el belga Niels Vandeputte, y a cuatro del tercer puesto que ahora mismo ocupa Michael Vanthourenhout.<\/p>  <p><p>M\u00e1s informaci\u00f3n<\/p><figure><img loading=\"lazy\" decoding=\"async\" src=\"https:\/\/cadenaser.com\/resizer\/v2\/KOEC7MEQZ5AJPGMLIPAPAABTLU.jpg?auth=9817f02a64253461c46d462144fe72985bd776a6f589b42e8796e1d5362e7ab5&amp;quality=70&amp;width=360&amp;height=202&amp;smart=true\" width=\"820\" height=\"621\" \/><\/figure><ul><li><a href=\"https:\/\/cadenaser.com\/tag\/felipe_orts_lloret\/a\/\"><span>Todas las noticias de Felipe Orts<\/span><\/a><\/li><\/ul><\/p>   <p>En cualquier caso, el mayor reto que debe de afrontar ahora el ciclista de La Vila Joiosa es <a href=\"https:\/\/cadenaser.com\/comunitat-valenciana\/2024\/11\/06\/felipe-orts-sigo-en-una-nube-fue-un-dia-que-siempre-suenas-y-muchas-veces-nunca-llega-radio-benidorm\/\" target=\"_blank\">alargar ese momento dulce, el mejor de su carrera, que est\u00e1 atravesando en este arranque de temporada<\/a> sin perder de vista que los grandes objetivos comienzan ya a aparecer en el horizonte con la siempre exigente gira navide\u00f1a y, sobre todo, el Campeonato de Espa\u00f1a y la <a href=\"https:\/\/cadenaser.com\/comunitat-valenciana\/2024\/11\/14\/la-copa-del-mundo-de-ciclocross-de-benidorm-se-adentrara-mas-en-el-moralet-radio-benidorm\/\" target=\"_blank\">Copa del Mundo de Benidorm<\/a>.<\/p>   <p>Los precedentes para Orts en Merksplas son muy halag\u00fce\u00f1os ya que el a\u00f1o pasado termin\u00f3 cuarto en este mismo circuito, en el que ha comparecido de manera ininterrumpida desde 2017.<\/p>   <p>Y todo ello, sin olvidar que el domingo volver\u00e1 a pasear su maillot de campe\u00f3n de Espa\u00f1a en el Flandriencross de Hamme (B\u00e9lgica), un circuito donde debut\u00f3 en 2020 con un noveno puesto y en el que el a\u00f1o pasado termin\u00f3 10\u00ba.<\/p>   <p>     .c-w{         max-width:444px;         width:100%;         margin:32px auto;      background:#00755E;         border-radius:4px;         display:flex;         align-items:center;         justify-content:center;     }     .c-w a{         display:flex;         align-items:center;         justify-content:center;         padding:4px 24px;     }     .c-w img{         width:24px;         margin-right:12px;     }     .c-w p{         font:18px\/25px Poppins;         text-align:center;         color:#fff;         margin:0;     }     @media (max-width:444px){         .c-w a{             padding:4px 12px;         }         .c-w img{             width:24px;             margin-right:8px;         }         .c-w p{             font:14px\/25px Poppins;         }     }     @media (max-width:335px){         .c-w p{             font:13px\/25px Poppins;         }     }  <div class=\"c-w\">     <a href=\"https:\/\/www.whatsapp.com\/channel\/0029Va633PF9WtC4l7XUzh1e\" target=\"_blank\">         <img decoding=\"async\" src=\"https:\/\/cadenaser.com\/estaticos\/recursosgraficos\/responsive\/img\/ico-whatsapp.svg\" alt=\"Whatsapp\">         <p>\u00danete al <b>canal de WhatsApp<\/b> de la SER<\/p>     <\/a> <\/div><\/p>   <p><b>Debut de H\u00e9ctor \u00c1lvarez<\/b><\/p>   <p>La prueba de Merksplas supondr\u00e1, a su vez, el debut en una gran carrera internacional de ciclocross del alfasino <a href=\"https:\/\/cadenaser.com\/tag\/hector_alvarez_martinez\/a\/\" target=\"_blank\">H\u00e9ctor \u00c1lvarez<\/a>, que cerr\u00f3 la campa\u00f1a de ruta como n\u00famero uno del r\u00e1nking mundial J\u00fanior y que el pr\u00f3ximo a\u00f1o pasar\u00e1 a formar parte de la estructura del Lidl-Trek.<\/p>  <p><p>M\u00e1s informaci\u00f3n<\/p><figure><img loading=\"lazy\" decoding=\"async\" src=\"https:\/\/cadenaser.com\/resizer\/v2\/WC7GXTB7AZD2PGWSWP3AT7TTW4.JPG?auth=04579c1185af0e90c3cf76e469f812947dc0f4b94c480f4d52070fbae6438825&amp;quality=70&amp;width=360&amp;height=202&amp;smart=true\" width=\"820\" height=\"621\" \/><\/figure><ul><li><a href=\"https:\/\/cadenaser.com\/tag\/hector_alvarez_martinez\/a\/\"><span>Todas las noticias de H\u00e9ctor \u00c1lvarez<\/span><\/a><\/li><\/ul><\/p>   <p>\u00c1lvarez, que el pr\u00f3ximo 12 de diciembre cumplir\u00e1 18 a\u00f1os, disputar\u00e1 la prueba en la categor\u00eda Elite y Sub-23 por lo que, a su juventud, se une su inexperiencia, lo que hace que no se espere una gran actuaci\u00f3n por su parte y que el objetivo para el que ya es la pr\u00f3xima gran esperanza del ciclismo espa\u00f1ol no sea otro que el de seguir aprendiendo y form\u00e1ndose en la disciplina invernal.<\/p> ","protected":false},"excerpt":{"rendered":"<p>El alfasino H\u00e9ctor \u00c1lvarez debutar\u00e1 en una prueba de primer nivel del ciclocross internacional<\/p>\n","protected":false},"author":0,"featured_media":10348,"comment_status":"open","ping_status":"open","sticky":false,"template":"","format":"standard","meta":{"_acf_changed":false,"footnotes":""},"categories":[16],"tags":[],"class_list":["post-10347","post","type-post","status-publish","format-standard","has-post-thumbnail","hentry","category-deportes"],"acf":{"ser_id":"3WN3BVHUHVCUBAPYA5PS3M65OI","ser_url":"https:\/\/cadenaser.com\/comunitat-valenciana\/2024\/11\/15\/felipe-orts-busca-en-merksplas-alargar-el-sueno-de-todo-un-pais-radio-benidorm\/"},"_links":{"self":[{"href":"https:\/\/serbenidorm.daliisolutions.com\/index.php\/wp-json\/wp\/v2\/posts\/10347","targetHints":{"allow":["GET"]}}],"collection":[{"href":"https:\/\/serbenidorm.daliisolutions.com\/index.php\/wp-json\/wp\/v2\/posts"}],"about":[{"href":"https:\/\/serbenidorm.daliisolutions.com\/index.php\/wp-json\/wp\/v2\/types\/post"}],"replies":[{"embeddable":true,"href":"https:\/\/serbenidorm.daliisolutions.com\/index.php\/wp-json\/wp\/v2\/comments?post=10347"}],"version-history":[{"count":0,"href":"https:\/\/serbenidorm.daliisolutions.com\/index.php\/wp-json\/wp\/v2\/posts\/10347\/revisions"}],"wp:featuredmedia":[{"embeddable":true,"href":"https:\/\/serbenidorm.daliisolutions.com\/index.php\/wp-json\/wp\/v2\/media\/10348"}],"wp:attachment":[{"href":"https:\/\/serbenidorm.daliisolutions.com\/index.php\/wp-json\/wp\/v2\/media?parent=10347"}],"wp:term":[{"taxonomy":"category","embeddable":true,"href":"https:\/\/serbenidorm.daliisolutions.com\/index.php\/wp-json\/wp\/v2\/categories?post=10347"},{"taxonomy":"post_tag","embeddable":true,"href":"https:\/\/serbenidorm.daliisolutions.com\/index.php\/wp-json\/wp\/v2\/tags?post=10347"}],"curies":[{"name":"wp","href":"https:\/\/api.w.org\/{rel}","templated":true}]}}