{"id":10351,"date":"2024-11-15T14:02:38","date_gmt":"2024-11-15T13:02:38","guid":{"rendered":"https:\/\/serbenidorm.daliisolutions.com\/index.php\/2024\/11\/15\/vuelve-el-futbol-tras-el-paron-por-la-dana-con-el-benidorm-y-la-nucia-buscando-la-recuperacion\/"},"modified":"2024-11-15T14:02:38","modified_gmt":"2024-11-15T13:02:38","slug":"vuelve-el-futbol-tras-el-paron-por-la-dana-con-el-benidorm-y-la-nucia-buscando-la-recuperacion","status":"publish","type":"post","link":"https:\/\/serbenidorm.daliisolutions.com\/index.php\/2024\/11\/15\/vuelve-el-futbol-tras-el-paron-por-la-dana-con-el-benidorm-y-la-nucia-buscando-la-recuperacion\/","title":{"rendered":"Vuelve el f\u00fatbol tras el par\u00f3n por la DANA con el Benidorm y La Nuc\u00eda buscando la recuperaci\u00f3n"},"content":{"rendered":"  <p><\/p>   <p>Benidorm<\/p>   <p>Tras dos semanas de par\u00f3n a causa de los efectos de la DANA, el f\u00fatbol valenciano vuelve a ponerse este fin de semana en marcha con la disputa de la und\u00e9cima jornada de la Tercera RFEF y con los dos equipos de la Marina Baixa, el C.F. Benidorm y el C.F. La Nuc\u00eda, buscando recuperarse de un irregular arranque de competici\u00f3n, una tarea que, eso s\u00ed, los rojillos ya tienen m\u00e1s avanzada que los benidormenses.<\/p>   <p>El C.F. Benidorm esperaba poder debutar, al fin, en su estadio Guillermo Amor, pero como ya adelant\u00f3 el jueves Radio Benidorm, el equipo de Miguel \u00c1ngel Mart\u00ednez volver\u00e1 a comparecer este domingo (12:00 horas), al menos una jornada m\u00e1s, en su exilio en el Nou Pla.<\/p>   <p>Frente a ellos, formar\u00e1 el Crevillente Deportivo que llega en la und\u00e9cima posici\u00f3n con 10 puntos, cinco m\u00e1s que un C.F. Benidorm que ha encadenado una racha m\u00e1s que negativa de cinco partidos sin puntuar (y siete sin conocer la victoria) y que, por lo tanto, precisa urgentemente de volver a tomarle el pulso a la competici\u00f3n para no verse todav\u00eda m\u00e1s lejos de una salvaci\u00f3n que cotiza ya a cuatro puntos de distancia.<\/p>   <p>Distinta es la situaci\u00f3n de La Nuc\u00eda, que tras haber encadenado dos triunfos ante el Castell\u00f3n B y el Rayo Ibense, ha escalado hasta la d\u00e9cima posici\u00f3n de la clasificaci\u00f3n y mira ya a la zona de ascenso, que tiene a s\u00f3lo dos puntos de distancia.<\/p>   <p>Para conseguir dar ese nuevo paso, visitar\u00e1 el domingo al Vall d\u2019Ux\u00f3, que tambi\u00e9n ha encadenado dos victorias consecutivas y que aventaja a los de Berna Ballester en un punto y dos posiciones en la tabla clasificatoria.<\/p>   <p>     .c-w{         max-width:444px;         width:100%;         margin:32px auto;      background:#00755E;         border-radius:4px;         display:flex;         align-items:center;         justify-content:center;     }     .c-w a{         display:flex;         align-items:center;         justify-content:center;         padding:4px 24px;     }     .c-w img{         width:24px;         margin-right:12px;     }     .c-w p{         font:18px\/25px Poppins;         text-align:center;         color:#fff;         margin:0;     }     @media (max-width:444px){         .c-w a{             padding:4px 12px;         }         .c-w img{             width:24px;             margin-right:8px;         }         .c-w p{             font:14px\/25px Poppins;         }     }     @media (max-width:335px){         .c-w p{             font:13px\/25px Poppins;         }     }  <div class=\"c-w\">     <a href=\"https:\/\/www.whatsapp.com\/channel\/0029Va633PF9WtC4l7XUzh1e\" target=\"_blank\">         <img decoding=\"async\" src=\"https:\/\/cadenaser.com\/estaticos\/recursosgraficos\/responsive\/img\/ico-whatsapp.svg\" alt=\"Whatsapp\">         <p>\u00danete al <b>canal de WhatsApp<\/b> de la SER<\/p>     <\/a> <\/div><\/p> ","protected":false},"excerpt":{"rendered":"<p>Los nucieros miran ya hacia la zona alta de la tabla y el Benidorm necesita salir del pozo<\/p>\n","protected":false},"author":0,"featured_media":10352,"comment_status":"open","ping_status":"open","sticky":false,"template":"","format":"standard","meta":{"_acf_changed":false,"footnotes":""},"categories":[16],"tags":[],"class_list":["post-10351","post","type-post","status-publish","format-standard","has-post-thumbnail","hentry","category-deportes"],"acf":{"ser_id":"GC4MFNLUGFHNHITDLZRUZ5CQJU","ser_url":"https:\/\/cadenaser.com\/comunitat-valenciana\/2024\/11\/15\/vuelve-el-futbol-tras-el-paron-por-la-dana-con-el-benidorm-y-la-nucia-buscando-la-recuperacion-radio-benidorm\/"},"_links":{"self":[{"href":"https:\/\/serbenidorm.daliisolutions.com\/index.php\/wp-json\/wp\/v2\/posts\/10351","targetHints":{"allow":["GET"]}}],"collection":[{"href":"https:\/\/serbenidorm.daliisolutions.com\/index.php\/wp-json\/wp\/v2\/posts"}],"about":[{"href":"https:\/\/serbenidorm.daliisolutions.com\/index.php\/wp-json\/wp\/v2\/types\/post"}],"replies":[{"embeddable":true,"href":"https:\/\/serbenidorm.daliisolutions.com\/index.php\/wp-json\/wp\/v2\/comments?post=10351"}],"version-history":[{"count":0,"href":"https:\/\/serbenidorm.daliisolutions.com\/index.php\/wp-json\/wp\/v2\/posts\/10351\/revisions"}],"wp:featuredmedia":[{"embeddable":true,"href":"https:\/\/serbenidorm.daliisolutions.com\/index.php\/wp-json\/wp\/v2\/media\/10352"}],"wp:attachment":[{"href":"https:\/\/serbenidorm.daliisolutions.com\/index.php\/wp-json\/wp\/v2\/media?parent=10351"}],"wp:term":[{"taxonomy":"category","embeddable":true,"href":"https:\/\/serbenidorm.daliisolutions.com\/index.php\/wp-json\/wp\/v2\/categories?post=10351"},{"taxonomy":"post_tag","embeddable":true,"href":"https:\/\/serbenidorm.daliisolutions.com\/index.php\/wp-json\/wp\/v2\/tags?post=10351"}],"curies":[{"name":"wp","href":"https:\/\/api.w.org\/{rel}","templated":true}]}}