{"id":10365,"date":"2024-11-15T18:32:24","date_gmt":"2024-11-15T17:32:24","guid":{"rendered":"https:\/\/serbenidorm.daliisolutions.com\/index.php\/2024\/11\/15\/el-pp-saca-adelante-los-presupuestos-de-la-vila-joiosa-con-el-apoyo-de-gent-per-la-vila\/"},"modified":"2024-11-15T18:32:24","modified_gmt":"2024-11-15T17:32:24","slug":"el-pp-saca-adelante-los-presupuestos-de-la-vila-joiosa-con-el-apoyo-de-gent-per-la-vila","status":"publish","type":"post","link":"https:\/\/serbenidorm.daliisolutions.com\/index.php\/2024\/11\/15\/el-pp-saca-adelante-los-presupuestos-de-la-vila-joiosa-con-el-apoyo-de-gent-per-la-vila\/","title":{"rendered":"El PP saca adelante los presupuestos de La Vila Joiosa con el apoyo de Gent per La Vila"},"content":{"rendered":"  <p><\/p>   <p>La Vila Joiosa<\/p>   <p>El pleno de La Vila Joiosa ha aprobado este viernes el presupuesto de 2025, que asciende a pr\u00e1cticamente <a href=\"https:\/\/cadenaser.com\/tag\/vila_joiosa\/a\/\" target=\"_blank\">50 millones de euros, un 19,6 % m\u00e1s respecto al del 2024<\/a>, con los votos a favor del equipo de gobierno local del PP y el apoyo del \u00fanico concejal de Gent per La Vila, los votos en contra de PSOE y Comprom\u00eds y la abstenci\u00f3n de Vox.<\/p>   <p>El concejal de Hacienda y portavoz del ejecutivo, Paco P\u00e9rez Buigues, ha rechazado la pr\u00e1ctica totalidad de la cr\u00edtica de la oposici\u00f3n tild\u00e1ndola de populista porque el aumento de la recaudaci\u00f3n ha permitido que crezcan a su vez las inversiones; respecto a los incumplimientos, ha dicho, no son tales: \u00abNecesita tiempo\u00bb.<\/p>   <p>El principal partido de la oposici\u00f3n, el PSOE, ha hecho hincapi\u00e9 en ese aumento de impuestos y el aumento de las partidas presupuestarias destinadas a publicidad mientras no se destina dinero, por ejemplo, a industria: \u00abEl gobierno de las fotos y los petardos\u00bb, ha concluido su portavoz Andreu Verd\u00fa.<\/p>  <p><p>M\u00e1s informaci\u00f3n<\/p><figure><img loading=\"lazy\" decoding=\"async\" src=\"https:\/\/cadenaser.com\/resizer\/v2\/YYG3TIOVLZF5ZA3NN7SWONQBYM.jpeg?auth=b48b99fe4d2b8e946dc1d40483c31b01171edb811608c0d7fe6dbc3af886d513&amp;quality=70&amp;width=360&amp;height=202&amp;smart=true\" width=\"820\" height=\"621\" \/><\/figure><ul><li><a href=\"https:\/\/cadenaser.com\/comunitat-valenciana\/2024\/11\/15\/palas-altavoces-o-una-urna-con-cenizas-asi-gestiona-la-policia-local-de-benidorm-mas-de-3000-objetos-perdidos-radio-benidorm\/\"><span>Palas, altavoces o una urna con cenizas: as\u00ed gestiona la Polic\u00eda Local de Benidorm m\u00e1s de 3.000 objetos perdidos<\/span><\/a><\/li><\/ul><\/p>   <p>Los socialistas tambi\u00e9n han presentado ocho enmiendas relativas a la creaci\u00f3n de zonas de sombras en colegios, arreglos en la biblioteca, m\u00e1s dinero para la asociaci\u00f3n Santa Marta o programaci\u00f3n cultural, pero se han tumbado todas.<\/p>   <p>El otro voto en contra, el de Comprom\u00eds, se ha empezado justificando en que no se haya dialogado con la formaci\u00f3n valencianista para elaborar las cuentas y cree que ser\u00e1n necesarias modificaciones a lo largo del a\u00f1o para paliar carencias. Tambi\u00e9n se han fijado en que no haya partida para el proyecto de la Casa de la M\u00fasica.<\/p>   <p>     .c-w{         max-width:444px;         width:100%;         margin:32px auto;      background:#00755E;         border-radius:4px;         display:flex;         align-items:center;         justify-content:center;     }     .c-w a{         display:flex;         align-items:center;         justify-content:center;         padding:4px 24px;     }     .c-w img{         width:24px;         margin-right:12px;     }     .c-w p{         font:18px\/25px Poppins;         text-align:center;         color:#fff;         margin:0;     }     @media (max-width:444px){         .c-w a{             padding:4px 12px;         }         .c-w img{             width:24px;             margin-right:8px;         }         .c-w p{             font:14px\/25px Poppins;         }     }     @media (max-width:335px){         .c-w p{             font:13px\/25px Poppins;         }     }  <div class=\"c-w\">     <a href=\"https:\/\/www.whatsapp.com\/channel\/0029Va633PF9WtC4l7XUzh1e\" target=\"_blank\">         <img decoding=\"async\" src=\"https:\/\/cadenaser.com\/estaticos\/recursosgraficos\/responsive\/img\/ico-whatsapp.svg\" alt=\"Whatsapp\">         <p>\u00danete al <b>canal de WhatsApp<\/b> de la SER<\/p>     <\/a> <\/div><\/p>   <p>Vox, por su parte, se ha abstenido. La ultraderecha agradece los esfuerzos en seguridad pero pide m\u00e1s resultados a los populares en materia deportiva o de limpieza. El voto decisivo, de nuevo, el favorable del \u00fanico concejal de Gent per La Vila: \u00abLlevo casi 25 a\u00f1os y es la cuarta vez que se sacan unos presupuestos antes dentro del a\u00f1o. Eso es una cosa a favor porque se ha trabajado\u00bb, ha justificado Pedro Alemany en una escueta intervenci\u00f3n.<\/p> ","protected":false},"excerpt":{"rendered":"<p>El PSOE y Comprom\u00eds han votado en contra<\/p>\n","protected":false},"author":0,"featured_media":10366,"comment_status":"open","ping_status":"open","sticky":false,"template":"","format":"standard","meta":{"_acf_changed":false,"footnotes":""},"categories":[1],"tags":[],"class_list":["post-10365","post","type-post","status-publish","format-standard","has-post-thumbnail","hentry","category-sin-categoria"],"acf":{"ser_id":"NNXWBAPPEBEZVOFV2LBTNNCNWA","ser_url":"https:\/\/cadenaser.com\/comunitat-valenciana\/2024\/11\/15\/el-pp-saca-adelante-los-presupuestos-de-la-vila-joiosa-con-el-apoyo-de-gent-per-la-vila-radio-benidorm\/"},"_links":{"self":[{"href":"https:\/\/serbenidorm.daliisolutions.com\/index.php\/wp-json\/wp\/v2\/posts\/10365","targetHints":{"allow":["GET"]}}],"collection":[{"href":"https:\/\/serbenidorm.daliisolutions.com\/index.php\/wp-json\/wp\/v2\/posts"}],"about":[{"href":"https:\/\/serbenidorm.daliisolutions.com\/index.php\/wp-json\/wp\/v2\/types\/post"}],"replies":[{"embeddable":true,"href":"https:\/\/serbenidorm.daliisolutions.com\/index.php\/wp-json\/wp\/v2\/comments?post=10365"}],"version-history":[{"count":0,"href":"https:\/\/serbenidorm.daliisolutions.com\/index.php\/wp-json\/wp\/v2\/posts\/10365\/revisions"}],"wp:featuredmedia":[{"embeddable":true,"href":"https:\/\/serbenidorm.daliisolutions.com\/index.php\/wp-json\/wp\/v2\/media\/10366"}],"wp:attachment":[{"href":"https:\/\/serbenidorm.daliisolutions.com\/index.php\/wp-json\/wp\/v2\/media?parent=10365"}],"wp:term":[{"taxonomy":"category","embeddable":true,"href":"https:\/\/serbenidorm.daliisolutions.com\/index.php\/wp-json\/wp\/v2\/categories?post=10365"},{"taxonomy":"post_tag","embeddable":true,"href":"https:\/\/serbenidorm.daliisolutions.com\/index.php\/wp-json\/wp\/v2\/tags?post=10365"}],"curies":[{"name":"wp","href":"https:\/\/api.w.org\/{rel}","templated":true}]}}