{"id":10377,"date":"2024-11-16T14:36:41","date_gmt":"2024-11-16T13:36:41","guid":{"rendered":"https:\/\/serbenidorm.daliisolutions.com\/index.php\/2024\/11\/16\/manuel-sanchez-lleva-a-cecilia-al-auditori-de-la-nucia-en-beneficio-de-afa\/"},"modified":"2024-11-16T14:36:41","modified_gmt":"2024-11-16T13:36:41","slug":"manuel-sanchez-lleva-a-cecilia-al-auditori-de-la-nucia-en-beneficio-de-afa","status":"publish","type":"post","link":"https:\/\/serbenidorm.daliisolutions.com\/index.php\/2024\/11\/16\/manuel-sanchez-lleva-a-cecilia-al-auditori-de-la-nucia-en-beneficio-de-afa\/","title":{"rendered":"Manuel S\u00e1nchez lleva a \u2018Cecilia\u2019 al Auditori de La Nuc\u00eda en beneficio de AFA"},"content":{"rendered":"  <p><\/p>   <p>Benidorm<\/p>   <p>El pr\u00f3ximo jueves, 21 de noviembre (20:00 horas), el escenario del Auditori de La Nuc\u00eda albergar\u00e1 una representaci\u00f3n solidaria de \u2018Cecilia\u2019 en beneficio de la Asociaci\u00f3n de Familiares de Enfermos de Alzheimer (AFA).<\/p>   <p>Aprovechando esa circunstancia, el autor de la obra, Manuel S\u00e1nchez, ha pasado por los micr\u00f3fonos de \u2018<a href=\"https:\/\/cadenaser.com\/radio-benidorm\/a-vivir-benidorm\/\" target=\"_blank\">A Vivir Benidorm<\/a>\u2019 para hacer un repaso no s\u00f3lo de su obra literaria, que abarca tanto el teatro como la novela y al p\u00fablico infantil y juvenil as\u00ed como el adulto, sino tambi\u00e9n de su carrera como profesor y de los cambios que ha podido observar en el alumnado y, sobre todo, en los padres.<\/p>  <p><p>M\u00e1s informaci\u00f3n<\/p><figure><img loading=\"lazy\" decoding=\"async\" src=\"https:\/\/cadenaser.com\/resizer\/v2\/GKZH3LEZENB2HGQEZO6R5KEECE.jpg?auth=2bd7912f2c0b072b749cdf45e366b35bda0e41e857683f6e467d560258478dea&amp;quality=70&amp;width=360&amp;height=202&amp;smart=true\" width=\"820\" height=\"621\" \/><\/figure><ul><li><a href=\"https:\/\/cadenaser.com\/comunitat-valenciana\/2024\/10\/26\/tachi-un-cuadro-es-un-residuo-fisico-de-un-juego-radio-benidorm\/\"><span>Tachi: \u00abUn cuadro es un residuo f\u00edsico de un juego\u00bb<\/span><\/a><\/li><\/ul><\/p>   <p>Aunque ni para S\u00e1nchez ni para \u2018Cecilia\u2019 la representaci\u00f3n del pr\u00f3ximo d\u00eda 21 de noviembre ser\u00e1 su primera vez, el maestro nacido en Dolores no niega que \u201csiempre es una verdadera ilusi\u00f3n el que una obra que ha permanecido escondida dentro de un ordenador, de repente cobre vida en un escenario. Eso es una satisfacci\u00f3n grand\u00edsima\u201d.<\/p>   <p>Adem\u00e1s, se encarga de subrayar, \u201csi, como ha ocurrido en esta ocasi\u00f3n, es a beneficio de una asociaci\u00f3n tan importante o tan interesante o tan de benefactora como es AFA, pues much\u00edsimo mejor todav\u00eda\u201d.<\/p>   <p>Escritor y profesor, cuando se le pregunta cu\u00e1l es su verdadera vocaci\u00f3n no duda en asegurar que la de maestro y desvela que la \u2018culpa\u2019 de que empezara a escribir la tiene una persona muy conocida en la comarca: Rafael Dom\u00e9nech, que le propuso escribir un guion para un cuento musical que, finalmente, nunca vio la luz en el formato inicialmente pensado.<\/p>   <p>     .c-w{         max-width:444px;         width:100%;         margin:32px auto;      background:#00755E;         border-radius:4px;         display:flex;         align-items:center;         justify-content:center;     }     .c-w a{         display:flex;         align-items:center;         justify-content:center;         padding:4px 24px;     }     .c-w img{         width:24px;         margin-right:12px;     }     .c-w p{         font:18px\/25px Poppins;         text-align:center;         color:#fff;         margin:0;     }     @media (max-width:444px){         .c-w a{             padding:4px 12px;         }         .c-w img{             width:24px;             margin-right:8px;         }         .c-w p{             font:14px\/25px Poppins;         }     }     @media (max-width:335px){         .c-w p{             font:13px\/25px Poppins;         }     }  <div class=\"c-w\">     <a href=\"https:\/\/www.whatsapp.com\/channel\/0029Va633PF9WtC4l7XUzh1e\" target=\"_blank\">         <img decoding=\"async\" src=\"https:\/\/cadenaser.com\/estaticos\/recursosgraficos\/responsive\/img\/ico-whatsapp.svg\" alt=\"Whatsapp\">         <p>\u00danete al <b>canal de WhatsApp<\/b> de la SER<\/p>     <\/a> <\/div><\/p>   <p>Ahora, adem\u00e1s, ultima las revisiones de su pr\u00f3xima novela, \u201cque ya tiene t\u00edtulo: \u2018El cantero de Cuelgamuros\u2019 y saldr\u00e1 para A\u00f1o Nuevo\u201d.<\/p> ","protected":false},"excerpt":{"rendered":"<p>El prol\u00edfico autor y profesor visita \u2018A Vivir Benidorm\u2019 para hablar de su obra y su carrera como maestro<\/p>\n","protected":false},"author":0,"featured_media":10378,"comment_status":"open","ping_status":"open","sticky":false,"template":"","format":"standard","meta":{"_acf_changed":false,"footnotes":""},"categories":[1],"tags":[],"class_list":["post-10377","post","type-post","status-publish","format-standard","has-post-thumbnail","hentry","category-sin-categoria"],"acf":{"ser_id":"2EUNKF24IZCBVP6DQVJ25T7OHE","ser_url":"https:\/\/cadenaser.com\/comunitat-valenciana\/2024\/11\/16\/manuel-sanchez-lleva-a-cecilia-al-auditori-de-la-nucia-en-beneficio-de-afa-radio-benidorm\/"},"_links":{"self":[{"href":"https:\/\/serbenidorm.daliisolutions.com\/index.php\/wp-json\/wp\/v2\/posts\/10377","targetHints":{"allow":["GET"]}}],"collection":[{"href":"https:\/\/serbenidorm.daliisolutions.com\/index.php\/wp-json\/wp\/v2\/posts"}],"about":[{"href":"https:\/\/serbenidorm.daliisolutions.com\/index.php\/wp-json\/wp\/v2\/types\/post"}],"replies":[{"embeddable":true,"href":"https:\/\/serbenidorm.daliisolutions.com\/index.php\/wp-json\/wp\/v2\/comments?post=10377"}],"version-history":[{"count":0,"href":"https:\/\/serbenidorm.daliisolutions.com\/index.php\/wp-json\/wp\/v2\/posts\/10377\/revisions"}],"wp:featuredmedia":[{"embeddable":true,"href":"https:\/\/serbenidorm.daliisolutions.com\/index.php\/wp-json\/wp\/v2\/media\/10378"}],"wp:attachment":[{"href":"https:\/\/serbenidorm.daliisolutions.com\/index.php\/wp-json\/wp\/v2\/media?parent=10377"}],"wp:term":[{"taxonomy":"category","embeddable":true,"href":"https:\/\/serbenidorm.daliisolutions.com\/index.php\/wp-json\/wp\/v2\/categories?post=10377"},{"taxonomy":"post_tag","embeddable":true,"href":"https:\/\/serbenidorm.daliisolutions.com\/index.php\/wp-json\/wp\/v2\/tags?post=10377"}],"curies":[{"name":"wp","href":"https:\/\/api.w.org\/{rel}","templated":true}]}}