{"id":10399,"date":"2024-11-17T16:46:37","date_gmt":"2024-11-17T15:46:37","guid":{"rendered":"https:\/\/serbenidorm.daliisolutions.com\/index.php\/2024\/11\/17\/felipe-orts-hace-rutina-de-lo-extraordinario\/"},"modified":"2024-11-17T16:46:37","modified_gmt":"2024-11-17T15:46:37","slug":"felipe-orts-hace-rutina-de-lo-extraordinario","status":"publish","type":"post","link":"https:\/\/serbenidorm.daliisolutions.com\/index.php\/2024\/11\/17\/felipe-orts-hace-rutina-de-lo-extraordinario\/","title":{"rendered":"Felipe Orts hace rutina de lo extraordinario"},"content":{"rendered":"  <p><\/p>   <p>Benidorm<\/p>   <p>En apenas dos semanas <a href=\"https:\/\/cadenaser.com\/tag\/felipe_orts_lloret\/a\/\" target=\"_blank\">Felipe Orts<\/a> ha sumado cuatro podios en cinco carreras del m\u00e1ximo nivel internacional en B\u00e9lgica y Pa\u00edses Bajos, la Tierra Santa del ciclocross. El \u00faltimo, lleg\u00f3 este domingo en Hamme (B\u00e9lgica) despu\u00e9s de una carrera que tuvo de todo y en la que el ciclista de La Vila Joiosa fue, <a href=\"https:\/\/cadenaser.com\/comunitat-valenciana\/2024\/11\/03\/felipe-orts-subcampeon-de-europa-radio-benidorm\/\" target=\"_blank\">como ya sucediera en el Campeonato de Europa<\/a>, el protagonista del movimiento decisivo que acabar\u00eda por desencadenar la gran traca final de un d\u00eda antol\u00f3gico.<\/p>   <p>Fue mediada la carrera cuando Orts, viendo que el grupo de cabeza era excesivamente numeroso y peligroso, como ya hab\u00edan demostrado varios enganchones entre los favoritos, aprovech\u00f3 un paso por la l\u00ednea de meta para lanzar un potente cambio de ritmo que pill\u00f3 con la guardia baja a todos sus rivales, empe\u00f1ados como estaban en vigilarse entre ellos y aprovechar ese peque\u00f1o tramo de asfalto para recuperar fuerzas.<\/p>  <p><p>M\u00e1s informaci\u00f3n<\/p><figure><img loading=\"lazy\" decoding=\"async\" src=\"https:\/\/cadenaser.com\/resizer\/v2\/JG7JZDC7ZFDR3I4VLA2BFQBJ44.jpg?auth=4ae789210bb63555cb9534be18ba18e8501327a9624938a7ad55469376a0f573&amp;quality=70&amp;width=360&amp;height=202&amp;smart=true\" width=\"820\" height=\"621\" \/><\/figure><ul><li><a href=\"https:\/\/cadenaser.com\/comunitat-valenciana\/2024\/11\/06\/felipe-orts-sigo-en-una-nube-fue-un-dia-que-siempre-suenas-y-muchas-veces-nunca-llega-radio-benidorm\/\"><span>Felipe Orts: \u00abSigo en una nube. Fue un d\u00eda que siempre sue\u00f1as y muchas veces nunca llega\u00bb<\/span><\/a><\/li><\/ul><\/p>   <p>Por detr\u00e1s, casi todos dudaron demasiado y s\u00f3lo el empe\u00f1o de <a href=\"https:\/\/cadenaser.com\/comunitat-valenciana\/2024\/11\/03\/felipe-orts-subcampeon-de-europa-radio-benidorm\/\" target=\"_blank\">Thibau Nys, el \u00fanico que pudo superar al vilero en el Europeo<\/a>, impedir\u00eda que la ventaja de Orts, que lleg\u00f3 a ser de algo m\u00e1s de diez segundos, acabara siendo definitiva.<\/p>   <p>Junto a Nys, Michael Vanthourenthout fue el \u00fanico corredor que se vio capaz de mantener a <a href=\"https:\/\/cadenaser.com\/tag\/felipe_orts_lloret\/a\/\" target=\"_blank\">Felipe Orts<\/a> a una distancia prudencial hasta que, a tres vueltas del final, acabaran por darle caza provocando un par\u00f3n que acabar\u00edan aprovechando tambi\u00e9n los Van der Haar, Vandeputte e Iserbyt para reengancharse con la cabeza de carrera.<\/p>   <p>Opt\u00f3 entonces Orts por mantenerse agazapado, cerrando casi siempre ese grupito de cinco unidades del que ya estaba claro que saldr\u00eda el nombre del ganador de la jornada. Por momento, incluso, dio la sensaci\u00f3n de que aquel tempranero ataque hab\u00eda acabado por completo con las fuerzas de un Orts que tir\u00f3 de sangre fr\u00eda manteni\u00e9ndose a rueda mientras que por delante Nys e Iserbyt se atizaban de lo lindo.<\/p>   <p>     .c-w{         max-width:444px;         width:100%;         margin:32px auto;      background:#00755E;         border-radius:4px;         display:flex;         align-items:center;         justify-content:center;     }     .c-w a{         display:flex;         align-items:center;         justify-content:center;         padding:4px 24px;     }     .c-w img{         width:24px;         margin-right:12px;     }     .c-w p{         font:18px\/25px Poppins;         text-align:center;         color:#fff;         margin:0;     }     @media (max-width:444px){         .c-w a{             padding:4px 12px;         }         .c-w img{             width:24px;             margin-right:8px;         }         .c-w p{             font:14px\/25px Poppins;         }     }     @media (max-width:335px){         .c-w p{             font:13px\/25px Poppins;         }     }  <div class=\"c-w\">     <a href=\"https:\/\/www.whatsapp.com\/channel\/0029Va633PF9WtC4l7XUzh1e\" target=\"_blank\">         <img decoding=\"async\" src=\"https:\/\/cadenaser.com\/estaticos\/recursosgraficos\/responsive\/img\/ico-whatsapp.svg\" alt=\"Whatsapp\">         <p>\u00danete al <b>canal de WhatsApp<\/b> de la SER<\/p>     <\/a> <\/div><\/p>  <p><p>M\u00e1s informaci\u00f3n<\/p><figure><img loading=\"lazy\" decoding=\"async\" src=\"https:\/\/cadenaser.com\/resizer\/v2\/KOEC7MEQZ5AJPGMLIPAPAABTLU.jpg?auth=9817f02a64253461c46d462144fe72985bd776a6f589b42e8796e1d5362e7ab5&amp;quality=70&amp;width=360&amp;height=202&amp;smart=true\" width=\"820\" height=\"621\" \/><\/figure><ul><li><a href=\"https:\/\/cadenaser.com\/tag\/felipe_orts_lloret\/a\/\"><span>Todas las noticias de Felipe Orts<\/span><\/a><\/li><\/ul><\/p>   <p>Ya en el \u00faltimo giro el de La Vila Joiosa no tard\u00f3 en destapar sus cartas. A la primera oportunidad que tuvo, comenz\u00f3 a retomar posiciones y se coloc\u00f3 a rueda de Nys. Por delante, Vandeputte e Iserbyt segu\u00edan a lo suyo, \u2018mat\u00e1ndose\u2019 a palos entre ellos, mientras que Nys y Orts, en un duelo similar al de Pontevedra, se concentraban en su duelo t\u00e1ctico por el podio.<\/p>   <p>As\u00ed las cosas, en el \u00faltimo paso por la zona m\u00e1s t\u00e9cnica del circuito, Orts adelant\u00f3 a Nys abriendo un peque\u00f1o hueco que obligaba al hijo del \u2018Can\u00edbal de Baal\u2019 a asumir m\u00e1s riesgos de los aconsejables, terminando estrellado contra una valla y perdiendo con ello tambi\u00e9n el tren de la pelea por el podio.<\/p>   <p>Ese tercer puesto (por detr\u00e1s de Vandeputte e Iserbyt), el cuarto podio en cinco carreras y en s\u00f3lo dos semanas, confirma (una vez m\u00e1s) a Felipe Orts como uno de los mejores especialistas del planeta y sigue haciendo que algo tan extraordinario como esto empiece a ser la rutina de cada fin de semana para los amantes de la especialidad invernal del ciclismo.<\/p> ","protected":false},"excerpt":{"rendered":"<p>El mejor especialista espa\u00f1ol de todos los tiempos suma un nuevo podio en Hamme<\/p>\n","protected":false},"author":0,"featured_media":10400,"comment_status":"open","ping_status":"open","sticky":false,"template":"","format":"standard","meta":{"_acf_changed":false,"footnotes":""},"categories":[1],"tags":[],"class_list":["post-10399","post","type-post","status-publish","format-standard","has-post-thumbnail","hentry","category-sin-categoria"],"acf":{"ser_id":"JLM2O4FXX5HBTCOECUNLEOJ6IM","ser_url":"https:\/\/cadenaser.com\/comunitat-valenciana\/2024\/11\/17\/felipe-orts-hace-rutina-de-lo-extraordinario-radio-benidorm\/"},"_links":{"self":[{"href":"https:\/\/serbenidorm.daliisolutions.com\/index.php\/wp-json\/wp\/v2\/posts\/10399","targetHints":{"allow":["GET"]}}],"collection":[{"href":"https:\/\/serbenidorm.daliisolutions.com\/index.php\/wp-json\/wp\/v2\/posts"}],"about":[{"href":"https:\/\/serbenidorm.daliisolutions.com\/index.php\/wp-json\/wp\/v2\/types\/post"}],"replies":[{"embeddable":true,"href":"https:\/\/serbenidorm.daliisolutions.com\/index.php\/wp-json\/wp\/v2\/comments?post=10399"}],"version-history":[{"count":0,"href":"https:\/\/serbenidorm.daliisolutions.com\/index.php\/wp-json\/wp\/v2\/posts\/10399\/revisions"}],"wp:featuredmedia":[{"embeddable":true,"href":"https:\/\/serbenidorm.daliisolutions.com\/index.php\/wp-json\/wp\/v2\/media\/10400"}],"wp:attachment":[{"href":"https:\/\/serbenidorm.daliisolutions.com\/index.php\/wp-json\/wp\/v2\/media?parent=10399"}],"wp:term":[{"taxonomy":"category","embeddable":true,"href":"https:\/\/serbenidorm.daliisolutions.com\/index.php\/wp-json\/wp\/v2\/categories?post=10399"},{"taxonomy":"post_tag","embeddable":true,"href":"https:\/\/serbenidorm.daliisolutions.com\/index.php\/wp-json\/wp\/v2\/tags?post=10399"}],"curies":[{"name":"wp","href":"https:\/\/api.w.org\/{rel}","templated":true}]}}