{"id":10403,"date":"2024-11-17T19:14:27","date_gmt":"2024-11-17T18:14:27","guid":{"rendered":"https:\/\/serbenidorm.daliisolutions.com\/index.php\/2024\/11\/17\/el-voley-masculino-no-afloja-y-ata-su-presencia-en-la-copa\/"},"modified":"2024-11-17T19:14:27","modified_gmt":"2024-11-17T18:14:27","slug":"el-voley-masculino-no-afloja-y-ata-su-presencia-en-la-copa","status":"publish","type":"post","link":"https:\/\/serbenidorm.daliisolutions.com\/index.php\/2024\/11\/17\/el-voley-masculino-no-afloja-y-ata-su-presencia-en-la-copa\/","title":{"rendered":"El v\u00f3ley masculino no afloja y ata su presencia en la Copa"},"content":{"rendered":"  <p><\/p>   <p>Benidorm<\/p>   <p>Seis puntos en menos de 24 horas. Ese es el bagaje de un fin de semana redondo para el equipo masculino del <a href=\"https:\/\/cadenaser.com\/tag\/club_voleibol_playas_benidorm\/a\/\" target=\"_blank\">Club Voleibol Playas de Benidorm<\/a> que, adem\u00e1s de aumentar hasta los seis puntos su ventaja al frente de la clasificaci\u00f3n de la Superliga 2 masculina, ha dejado pr\u00e1cticamente sentenciada su presencia en la pr\u00f3xima edici\u00f3n de la Copa del Pr\u00edncipe.<\/p>   <p>Para ello, el <a href=\"https:\/\/cadenaser.com\/tag\/club_voleibol_playas_benidorm\/a\/\" target=\"_blank\">Servigroup Benidorm masculino<\/a> se impuso en la tarde del s\u00e1bado por 3-0 (25-23\/28-26\/25-17) al Almer\u00eda en un choque bastante m\u00e1s igualado de lo que la realidad de la tabla podr\u00eda haber hecho esperar, con los visitantes poniendo en muchos aprietos al equipo del pabell\u00f3n Ra\u00fal Mesa que, una vez m\u00e1s, supo sufrir en los instantes clave de cada set para hacerse con la victoria por la v\u00eda r\u00e1pida.<\/p>   <p>Mucho m\u00e1s pl\u00e1cido fue el choque del domingo ante el Universidad de Granada, un partido que hab\u00eda quedado aplazado en la quinta jornada como consecuencia del par\u00f3n total del deporte valenciano en se\u00f1al de duelo por las v\u00edctimas de la DANA.<\/p>  <p><p>M\u00e1s informaci\u00f3n<\/p><figure><img loading=\"lazy\" decoding=\"async\" src=\"https:\/\/cadenaser.com\/resizer\/v2\/7TPHZLTOPNEVRHBDISODCMNOQU.jpg?auth=5734c3cd152c91a7dbdce0318636f67f00d0b49024eaa0729a8836509cc536cb&amp;quality=70&amp;width=360&amp;height=202&amp;smart=true\" width=\"820\" height=\"621\" \/><\/figure><ul><li><a href=\"https:\/\/cadenaser.com\/comunitat-valenciana\/2024\/09\/02\/todos-los-partidos-horarios-y-resultados-del-voleibol-radio-benidorm\/\"><span>Todos los partidos, horarios y resultados del voleibol<\/span><\/a><\/li><\/ul><\/p>   <p>En la tarde dominical, los de Adriano Lamb repitieron resultado de 3-0 (25-13\/25-18\/25-17), aunque en esta ocasi\u00f3n los andaluces no llegaron a incomodar en ning\u00fan momento al equipo benidormense.<\/p>   <p>Todo ello, unido a las derrotas del Villena-Petrer y de Marbella (hasta el s\u00e1bado, segundo y tercer clasificados), ha supuesto un premio extraordinario para un Servigroup Benidorm al que ya s\u00f3lo el Legan\u00e9s es capaz de seguir de lejos su estela con seis puntos menos.<\/p>   <p>     .c-w{         max-width:444px;         width:100%;         margin:32px auto;      background:#00755E;         border-radius:4px;         display:flex;         align-items:center;         justify-content:center;     }     .c-w a{         display:flex;         align-items:center;         justify-content:center;         padding:4px 24px;     }     .c-w img{         width:24px;         margin-right:12px;     }     .c-w p{         font:18px\/25px Poppins;         text-align:center;         color:#fff;         margin:0;     }     @media (max-width:444px){         .c-w a{             padding:4px 12px;         }         .c-w img{             width:24px;             margin-right:8px;         }         .c-w p{             font:14px\/25px Poppins;         }     }     @media (max-width:335px){         .c-w p{             font:13px\/25px Poppins;         }     }  <div class=\"c-w\">     <a href=\"https:\/\/www.whatsapp.com\/channel\/0029Va633PF9WtC4l7XUzh1e\" target=\"_blank\">         <img decoding=\"async\" src=\"https:\/\/cadenaser.com\/estaticos\/recursosgraficos\/responsive\/img\/ico-whatsapp.svg\" alt=\"Whatsapp\">         <p>\u00danete al <b>canal de WhatsApp<\/b> de la SER<\/p>     <\/a> <\/div><\/p>   <p><a href=\"https:\/\/cadenaser.com\/comunitat-valenciana\/2024\/09\/02\/todos-los-partidos-horarios-y-resultados-del-voleibol-radio-benidorm\/\" target=\"_blank\">El pr\u00f3ximo s\u00e1bado (19:00 horas), los de Adriano Lamb visitar\u00e1n la dif\u00edcil cancha del Villena-Petrer<\/a> donde no s\u00f3lo podr\u00edan darle otro importante zarpazo a la Superliga 2, sino, sobre todo, dejar matem\u00e1ticamente atado su pase a la Copa del Pr\u00edncipe, algo que conseguir\u00edan si logran una nueva victoria de tres puntos.<\/p>   <p><b>Sufrimiento extremo para las chicas<\/b><\/p>   <p>Por su parte, el <a href=\"https:\/\/cadenaser.com\/tag\/club_voleibol_playas_benidorm\/a\/\" target=\"_blank\">Servigroup Benidorm femenino<\/a> arranc\u00f3 una victoria por 3-2 (20-25\/18-25\/25-18\/25-22\/15-10) ante el Almer\u00eda en un partido que se puso muy cuesta arriba cuando las andaluzas se colocaron con dos sets de ventaja nada m\u00e1s comenzar el choque.<\/p>   <p>El equipo de Noelia Santacreu reaccion\u00f3 cuando estaba al borde del KO y pudo darle la vuelta al asunto para terminar sumando una victoria m\u00ednima de dos puntos que lo sit\u00faa en la sexta posici\u00f3n de la clasificaci\u00f3n con nueve puntos.<\/p>   <p><b>Derrota del Medsur-Finestrat<\/b><\/p>   <p>Todo ello, s\u00f3lo <a href=\"https:\/\/cadenaser.com\/comunitat-valenciana\/2024\/09\/02\/todos-los-partidos-horarios-y-resultados-del-voleibol-radio-benidorm\/\" target=\"_blank\">una semana antes de que la Superliga 2 femenina depare el primer derbi comarcal de la temporada<\/a> que, en esta ocasi\u00f3n, se disputar\u00e1 el s\u00e1bado (19:30 horas) en la cancha de un <a href=\"https:\/\/cadenaser.com\/tag\/club_voleibol_finestrat\/a\/\" target=\"_blank\">Medsur-Finestrat<\/a> que esta semana ha ca\u00eddo derrotado por 3-0 (27-25\/25-20\/25-21) en la cancha del Hidramar-Gran Canaria.<\/p> ","protected":false},"excerpt":{"rendered":"<p>La doble victoria coloca a los de Adriano Lamb con seis puntos de ventaja en la clasificaci\u00f3n<\/p>\n","protected":false},"author":0,"featured_media":10404,"comment_status":"open","ping_status":"open","sticky":false,"template":"","format":"standard","meta":{"_acf_changed":false,"footnotes":""},"categories":[16],"tags":[],"class_list":["post-10403","post","type-post","status-publish","format-standard","has-post-thumbnail","hentry","category-deportes"],"acf":{"ser_id":"U7AU7XALXFASHAP23ZNET23PPE","ser_url":"https:\/\/cadenaser.com\/comunitat-valenciana\/2024\/11\/17\/el-voley-masculino-no-afloja-y-ata-su-presencia-en-la-copa-radio-benidorm\/"},"_links":{"self":[{"href":"https:\/\/serbenidorm.daliisolutions.com\/index.php\/wp-json\/wp\/v2\/posts\/10403","targetHints":{"allow":["GET"]}}],"collection":[{"href":"https:\/\/serbenidorm.daliisolutions.com\/index.php\/wp-json\/wp\/v2\/posts"}],"about":[{"href":"https:\/\/serbenidorm.daliisolutions.com\/index.php\/wp-json\/wp\/v2\/types\/post"}],"replies":[{"embeddable":true,"href":"https:\/\/serbenidorm.daliisolutions.com\/index.php\/wp-json\/wp\/v2\/comments?post=10403"}],"version-history":[{"count":0,"href":"https:\/\/serbenidorm.daliisolutions.com\/index.php\/wp-json\/wp\/v2\/posts\/10403\/revisions"}],"wp:featuredmedia":[{"embeddable":true,"href":"https:\/\/serbenidorm.daliisolutions.com\/index.php\/wp-json\/wp\/v2\/media\/10404"}],"wp:attachment":[{"href":"https:\/\/serbenidorm.daliisolutions.com\/index.php\/wp-json\/wp\/v2\/media?parent=10403"}],"wp:term":[{"taxonomy":"category","embeddable":true,"href":"https:\/\/serbenidorm.daliisolutions.com\/index.php\/wp-json\/wp\/v2\/categories?post=10403"},{"taxonomy":"post_tag","embeddable":true,"href":"https:\/\/serbenidorm.daliisolutions.com\/index.php\/wp-json\/wp\/v2\/tags?post=10403"}],"curies":[{"name":"wp","href":"https:\/\/api.w.org\/{rel}","templated":true}]}}