{"id":10405,"date":"2024-11-17T19:49:35","date_gmt":"2024-11-17T18:49:35","guid":{"rendered":"https:\/\/serbenidorm.daliisolutions.com\/index.php\/2024\/11\/17\/empates-con-poco-premio-para-benidorm-y-la-nucia\/"},"modified":"2024-11-17T19:49:35","modified_gmt":"2024-11-17T18:49:35","slug":"empates-con-poco-premio-para-benidorm-y-la-nucia","status":"publish","type":"post","link":"https:\/\/serbenidorm.daliisolutions.com\/index.php\/2024\/11\/17\/empates-con-poco-premio-para-benidorm-y-la-nucia\/","title":{"rendered":"Empates con poco premio para Benidorm y La Nuc\u00eda"},"content":{"rendered":"  <p><\/p>   <p>Benidorm<\/p>   <p>La Tercera RFEF volv\u00eda a ponerse en marcha tras dos semanas de par\u00f3n como consecuencia de la DANA y lo hizo con los dos equipos de la Marina Baixa, el C.F. Benidorm y el C.F. La Nuc\u00eda, empatando sus partidos ante el Crevillente Deportivo y el Vall d\u2019Ux\u00f3, respectivamente.<\/p>   <p>El C.F. Benidorm afrontaba a mediod\u00eda del domingo el que, as\u00ed se espera en la entidad, fuera su \u00faltimo partido en el exilio del Nou Pla al que los de Miguel \u00c1ngel Mart\u00ednez llegaban tras una terrible racha de cinco derrotas consecutivas a la que pudieron poner fin gracias al empate a un gol cosechado en un partido que se resolvi\u00f3 en los minutos finales.<\/p>   <p>Primero fue Mi\u00f1ano el que, de penalti, pon\u00eda por delante al C.F. Benidorm en el minuto 79 del choque para, apenas cinco minutos despu\u00e9s, ver c\u00f3mo Domin pon\u00eda el definitivo 1-1 en el luminoso vilero, un resultado que deja al equipo de la capital tur\u00edstica en la misma \u00faltima posici\u00f3n y a los mismos cuatro puntos de la salvaci\u00f3n que el viernes.<\/p>   <p>No le fueron mejor las cosas a La Nuc\u00eda que, actuando como visitante, arranc\u00f3 un empate sin goles en su visita a la cancha del Vall d\u2019Ux\u00f3, un reparto de puntos que, en el caso de los de Berna Ballester, los mantienes en la d\u00e9cima posici\u00f3n a dos puntos de la promoci\u00f3n de ascenso y a cuatro del descenso.<\/p> ","protected":false},"excerpt":{"rendered":"<p>Ninguno de los dos equipos mejora su situaci\u00f3n en la tabla en la Tercera RFEF<\/p>\n","protected":false},"author":0,"featured_media":10406,"comment_status":"open","ping_status":"open","sticky":false,"template":"","format":"standard","meta":{"_acf_changed":false,"footnotes":""},"categories":[16],"tags":[],"class_list":["post-10405","post","type-post","status-publish","format-standard","has-post-thumbnail","hentry","category-deportes"],"acf":{"ser_id":"O7V5QMYAEVENPFJ7MMGZRK2HIM","ser_url":"https:\/\/cadenaser.com\/comunitat-valenciana\/2024\/11\/17\/empates-con-poco-premio-para-benidorm-y-la-nucia-radio-benidorm\/"},"_links":{"self":[{"href":"https:\/\/serbenidorm.daliisolutions.com\/index.php\/wp-json\/wp\/v2\/posts\/10405","targetHints":{"allow":["GET"]}}],"collection":[{"href":"https:\/\/serbenidorm.daliisolutions.com\/index.php\/wp-json\/wp\/v2\/posts"}],"about":[{"href":"https:\/\/serbenidorm.daliisolutions.com\/index.php\/wp-json\/wp\/v2\/types\/post"}],"replies":[{"embeddable":true,"href":"https:\/\/serbenidorm.daliisolutions.com\/index.php\/wp-json\/wp\/v2\/comments?post=10405"}],"version-history":[{"count":0,"href":"https:\/\/serbenidorm.daliisolutions.com\/index.php\/wp-json\/wp\/v2\/posts\/10405\/revisions"}],"wp:featuredmedia":[{"embeddable":true,"href":"https:\/\/serbenidorm.daliisolutions.com\/index.php\/wp-json\/wp\/v2\/media\/10406"}],"wp:attachment":[{"href":"https:\/\/serbenidorm.daliisolutions.com\/index.php\/wp-json\/wp\/v2\/media?parent=10405"}],"wp:term":[{"taxonomy":"category","embeddable":true,"href":"https:\/\/serbenidorm.daliisolutions.com\/index.php\/wp-json\/wp\/v2\/categories?post=10405"},{"taxonomy":"post_tag","embeddable":true,"href":"https:\/\/serbenidorm.daliisolutions.com\/index.php\/wp-json\/wp\/v2\/tags?post=10405"}],"curies":[{"name":"wp","href":"https:\/\/api.w.org\/{rel}","templated":true}]}}