{"id":10420,"date":"2024-11-18T15:10:34","date_gmt":"2024-11-18T14:10:34","guid":{"rendered":"https:\/\/serbenidorm.daliisolutions.com\/index.php\/2024\/11\/18\/conoce-los-actos-el-dia-internacional-para-la-eliminacion-de-la-violencia-contra-la-mujer-en-benidorm\/"},"modified":"2024-11-18T15:10:34","modified_gmt":"2024-11-18T14:10:34","slug":"conoce-los-actos-el-dia-internacional-para-la-eliminacion-de-la-violencia-contra-la-mujer-en-benidorm","status":"publish","type":"post","link":"https:\/\/serbenidorm.daliisolutions.com\/index.php\/2024\/11\/18\/conoce-los-actos-el-dia-internacional-para-la-eliminacion-de-la-violencia-contra-la-mujer-en-benidorm\/","title":{"rendered":"Conoce los actos el D\u00eda Internacional para la Eliminaci\u00f3n de la Violencia contra la Mujer en Benidorm"},"content":{"rendered":"  <p><\/p>   <p>Benidorm<\/p>   <p>Benidorm ha programado un completo calendario de actividades para conmemorar el D\u00eda Internacional para la Eliminaci\u00f3n de la Violencia Contra la Mujer que se celebra el pr\u00f3ximo 25 de noviembre. Exposiciones, charlas, talleres, m\u00fasica y teatro forman parte de la programaci\u00f3n que ya ha dado inicio y que se prolongar\u00e1 hasta el mes de diciembre.<\/p>   <p>As\u00ed lo ha detallado la edil de Bienestar Social, \u00c1ngela Zaragoz\u00ed, en <a href=\"https:\/\/radiobenidorm.es\" rel=\"nofollow\" target=\"_blank\">Hoy por Hoy Benidorm <\/a>donde tambi\u00e9n ha revelado que \u00aben muchos de los puntos violeta que instalamos en fiestas y festivales ha sido superior el n\u00famero de varones que han ido a pedir informaci\u00f3n que de mujeres. En muchos casos para poder saber como actuar o detectar si sus amigas o pareja sufren alguna agresi\u00f3n. Esto nos demuestra que hay esperanza en la gente joven, aunque a\u00fan queda mucho trabajo por hacer porque este es un problema que nos afecta a todos y en el que hay que implicar a toda la poblaci\u00f3n de todas las edades\u00bb.<\/p>   <p>Los actos daban el viernes, 15 de noviembre, con la inauguraci\u00f3n de la \u2018VIII Muestra de Carteles contra la Violencia de G\u00e9nero\u2019, una exposici\u00f3n realizada por alumnos de Bachillerato Art\u00edstico del IES Pere Maria Orts i Bosch y que este a\u00f1o gira en torno al lema \u2018Que la verg\u00fcenza cambie de bando\u2019, popularizado por la francesa Gis\u00e8le Pelicot, tras ser v\u00edctima de reiterados abusos sexuales y violaciones facilitados por su marido a m\u00e1s de medio centenar de hombres durante una d\u00e9cada. Podr\u00e1 visitarse en l\u2019Espai d\u2019Art del Ayuntamiento hasta el pr\u00f3ximo viernes, 29 de noviembre. <\/p>   <p>El mi\u00e9rcoles, 20 de noviembre, a las 19:00 horas, el Sal\u00f3n de Actos del Ayuntamiento acoger\u00e1 la segunda de las actividades programadas: la conferencia-concierto \u2018Neurociencia musical\u2019, dentro tambi\u00e9n del programa \u2018Cultura por la Igualdad\u2019, y que correr\u00e1 a cargo de la Gema Mart\u00ednez y Mar\u00eda Eugenia Palomares. \u00abQueremos dar a conocer y reivindicar el papel de mujeres que han sido silenciadas por la historia pero que realizaron importantes aportaciones al mundo de la ciencia y las artes, a la vez que ha recordado que, como en el resto de actividades, la entrada es libre pero limitada al aforo de la sala\u00bb, ha recordado Zaragoz\u00ed.  <\/p>   <p>El domingo, 24 de noviembre, a las 19:00 horas y tambi\u00e9n en el Sal\u00f3n de Actos del Consistorio se desarrollar\u00e1 la representaci\u00f3n teatral \u2018EmpodeRaras\u2019, a cargo de \u00c1ngela Conde y Paloma Jim\u00e9nez, que tambi\u00e9n forma parte del ciclo \u2018Cultura por la Igualdad\u2019. <\/p>   <p>     .c-w{         max-width:444px;         width:100%;         margin:32px auto;      background:#00755E;         border-radius:4px;         display:flex;         align-items:center;         justify-content:center;     }     .c-w a{         display:flex;         align-items:center;         justify-content:center;         padding:4px 24px;     }     .c-w img{         width:24px;         margin-right:12px;     }     .c-w p{         font:18px\/25px Poppins;         text-align:center;         color:#fff;         margin:0;     }     @media (max-width:444px){         .c-w a{             padding:4px 12px;         }         .c-w img{             width:24px;             margin-right:8px;         }         .c-w p{             font:14px\/25px Poppins;         }     }     @media (max-width:335px){         .c-w p{             font:13px\/25px Poppins;         }     }  <div class=\"c-w\">     <a href=\"https:\/\/www.whatsapp.com\/channel\/0029Va633PF9WtC4l7XUzh1e\" target=\"_blank\">         <img decoding=\"async\" src=\"https:\/\/cadenaser.com\/estaticos\/recursosgraficos\/responsive\/img\/ico-whatsapp.svg\" alt=\"Whatsapp\">         <p>\u00danete al <b>canal de WhatsApp<\/b> de la SER<\/p>     <\/a> <\/div><\/p>   <p>El lunes 25, D\u00eda Internacional para la Eliminaci\u00f3n de la Violencia contra la Mujer, el programa se iniciar\u00e1 con la colocaci\u00f3n de una pancarta con el lema \u2018Benidorm contra la violencia de g\u00e9nero\u2019 en el Ayuntamiento de Benidorm. Por la tarde, a las 19:00 horas, se proyectar\u00e1 en el Sal\u00f3n de Actos municipal el documental \u2018El peso de la ausencia\u2019, una obra dirigida por Alberto G\u00f3mez Uriol y que recoge el testimonio de familiares de Mar\u00eda del Carmen G\u00f3mez Uriol, asesinada por su marido de tres disparos a quemarropa en el a\u00f1o 1973.  <\/p>   <p>Dos d\u00edas despu\u00e9s, el 27 de noviembre, a las 18:30 horas, se celebrar\u00e1 el concierto \u2018Voces por la Igualdad: por un futuro sin violencia\u2019, a cargo del coro de la Asociaci\u00f3n de Amas de Casa de Benidorm, con la direcci\u00f3n de Francisco Jos\u00e9 Rovira. Tendr\u00e1 lugar en el Sal\u00f3n de Actos del Ayuntamiento.  <\/p>   <p>Por \u00faltimo, la Concejal\u00eda de Igualdad tambi\u00e9n ha incluido dentro de esta programaci\u00f3n una actividad dirigida especialmente a j\u00f3venes y adolescentes de distintos centros educativos de la ciudad. Se trata del espect\u00e1culo teatral \u2018No solo duelen los golpes\u2019, una representaci\u00f3n protagonizada por Pamela Palenciano que incluye un coloquio posterior y que se desarrollar\u00e1 en el Sal\u00f3n de Actos del IES Bernat de Sarri\u00e0 los d\u00edas 3 y 4 de diciembre. <\/p> ","protected":false},"excerpt":{"rendered":"<p>\u00c1ngela Zaragoz\u00ed, edil de Bienestar Social, detalla el programa de actividades que incluye, charlas, exposiciones, talleres, teatro hasta el mes de diciembre<\/p>\n","protected":false},"author":0,"featured_media":10421,"comment_status":"open","ping_status":"open","sticky":false,"template":"","format":"standard","meta":{"_acf_changed":false,"footnotes":""},"categories":[1],"tags":[],"class_list":["post-10420","post","type-post","status-publish","format-standard","has-post-thumbnail","hentry","category-sin-categoria"],"acf":{"ser_id":"LMD6XB773BGQ5FQLVGLHEJ4UVY","ser_url":"https:\/\/cadenaser.com\/comunitat-valenciana\/2024\/11\/18\/conoce-los-actos-el-dia-internacional-para-la-eliminacion-de-la-violencia-contra-la-mujer-en-benidorm-radio-benidorm\/"},"_links":{"self":[{"href":"https:\/\/serbenidorm.daliisolutions.com\/index.php\/wp-json\/wp\/v2\/posts\/10420","targetHints":{"allow":["GET"]}}],"collection":[{"href":"https:\/\/serbenidorm.daliisolutions.com\/index.php\/wp-json\/wp\/v2\/posts"}],"about":[{"href":"https:\/\/serbenidorm.daliisolutions.com\/index.php\/wp-json\/wp\/v2\/types\/post"}],"replies":[{"embeddable":true,"href":"https:\/\/serbenidorm.daliisolutions.com\/index.php\/wp-json\/wp\/v2\/comments?post=10420"}],"version-history":[{"count":0,"href":"https:\/\/serbenidorm.daliisolutions.com\/index.php\/wp-json\/wp\/v2\/posts\/10420\/revisions"}],"wp:featuredmedia":[{"embeddable":true,"href":"https:\/\/serbenidorm.daliisolutions.com\/index.php\/wp-json\/wp\/v2\/media\/10421"}],"wp:attachment":[{"href":"https:\/\/serbenidorm.daliisolutions.com\/index.php\/wp-json\/wp\/v2\/media?parent=10420"}],"wp:term":[{"taxonomy":"category","embeddable":true,"href":"https:\/\/serbenidorm.daliisolutions.com\/index.php\/wp-json\/wp\/v2\/categories?post=10420"},{"taxonomy":"post_tag","embeddable":true,"href":"https:\/\/serbenidorm.daliisolutions.com\/index.php\/wp-json\/wp\/v2\/tags?post=10420"}],"curies":[{"name":"wp","href":"https:\/\/api.w.org\/{rel}","templated":true}]}}