{"id":10430,"date":"2024-11-18T18:24:59","date_gmt":"2024-11-18T17:24:59","guid":{"rendered":"https:\/\/serbenidorm.daliisolutions.com\/index.php\/2024\/11\/18\/obras-en-la-calle-ibiza-de-benidorm-como-seran-y-cuanto-van-a-durar\/"},"modified":"2024-11-18T18:24:59","modified_gmt":"2024-11-18T17:24:59","slug":"obras-en-la-calle-ibiza-de-benidorm-como-seran-y-cuanto-van-a-durar","status":"publish","type":"post","link":"https:\/\/serbenidorm.daliisolutions.com\/index.php\/2024\/11\/18\/obras-en-la-calle-ibiza-de-benidorm-como-seran-y-cuanto-van-a-durar\/","title":{"rendered":"Obras en la calle Ibiza de Benidorm: \u00bfC\u00f3mo ser\u00e1n y cu\u00e1nto van a durar?"},"content":{"rendered":"  <p><\/p>   <p>Benidorm<\/p>   <p>El Ayuntamiento de Benidorm destinar\u00e1, a trav\u00e9s de la concesionaria del Ciclo Integral del Agua, Hidraqua, 399.979 euros para renovar la red de agua potable y alcantarillado de la calle Ibiza. La inversi\u00f3n procede del Fondo de Renovaci\u00f3n de la adjudicataria. <a href=\"https:\/\/cadenaser.com\/tag\/benidorm\/a\/\" target=\"_blank\">Las obras comenzar\u00e1n el pr\u00f3ximo lunes 25 de noviembre y se prev\u00e9 que est\u00e9n finalizados antes de Semana Santa de 2025<\/a>.<\/p>   <p>Los trabajos comprenden el tramo de la calle Ibiza que discurre entre las calles Esperanto y Murcia y que presenta \u201csignos de desgaste\u201d seg\u00fan ha indicado el edil de Ciclo del Agua Jos\u00e9 Ram\u00f3n Gonz\u00e1lez de Z\u00e1rate quien tambi\u00e9n ha asegurado que el estado de las conducciones que van a ser renovadas estaba generando \u201caver\u00edas e intervenciones continuas del servicio municipal\u201d.<\/p>  <p><p>M\u00e1s informaci\u00f3n<\/p><figure><img loading=\"lazy\" decoding=\"async\" src=\"https:\/\/cadenaser.com\/resizer\/v2\/ME3P647ZP5DNDDR2B4PRE7MP3E.jpg?auth=267fb3f7d12abd48bc90d5a87c02f2f47ea2a3092a32a19d3ecf85ffaba60463&amp;quality=70&amp;width=360&amp;height=202&amp;smart=true\" width=\"820\" height=\"621\" \/><\/figure><ul><li><a href=\"https:\/\/cadenaser.com\/comunitat-valenciana\/2024\/11\/18\/conoce-los-actos-el-dia-internacional-para-la-eliminacion-de-la-violencia-contra-la-mujer-en-benidorm-radio-benidorm\/\"><span>Conoce los actos el D\u00eda Internacional para la Eliminaci\u00f3n de la Violencia contra la Mujer en Benidorm<\/span><\/a><\/li><\/ul><\/p>   <p>Concretamente se cambiar\u00e1 el alcantarillado, se preparar\u00e1 la red para diferentes servicios y para el agua reutilizada y al mismo tiempo \u201caprovechamos para mejorar la escena urbana ya que hay que levantar todo el ancho de la calle\u201d ha precisado el concejal. <\/p>   <p>De esta forma se renovar\u00e1 tambi\u00e9n las aceras \u201cgarantizando accesibilidad, seguridad y que est\u00e9ticamente sean acordes al entorno urbano de la zona\u201d, a\u00f1ade<\/p>   <p>Con esta actuaci\u00f3n se cierra, en palabras del edil, las intervenciones en el espacio p\u00fablico y la escena urbana de todo el centro de la ciudad hasta la avenida Europa, \u201cdejando todo listo adem\u00e1s para instalar otros servicios en el subsuelo de esa zona\u201d.<\/p>   <p>     .c-w{         max-width:444px;         width:100%;         margin:32px auto;      background:#00755E;         border-radius:4px;         display:flex;         align-items:center;         justify-content:center;     }     .c-w a{         display:flex;         align-items:center;         justify-content:center;         padding:4px 24px;     }     .c-w img{         width:24px;         margin-right:12px;     }     .c-w p{         font:18px\/25px Poppins;         text-align:center;         color:#fff;         margin:0;     }     @media (max-width:444px){         .c-w a{             padding:4px 12px;         }         .c-w img{             width:24px;             margin-right:8px;         }         .c-w p{             font:14px\/25px Poppins;         }     }     @media (max-width:335px){         .c-w p{             font:13px\/25px Poppins;         }     }  <div class=\"c-w\">     <a href=\"https:\/\/www.whatsapp.com\/channel\/0029Va633PF9WtC4l7XUzh1e\" target=\"_blank\">         <img decoding=\"async\" src=\"https:\/\/cadenaser.com\/estaticos\/recursosgraficos\/responsive\/img\/ico-whatsapp.svg\" alt=\"Whatsapp\">         <p>\u00danete al <b>canal de WhatsApp<\/b> de la SER<\/p>     <\/a> <\/div><\/p> ","protected":false},"excerpt":{"rendered":"<p>El presupuesto es de 400.000 euros<\/p>\n","protected":false},"author":0,"featured_media":10431,"comment_status":"open","ping_status":"open","sticky":false,"template":"","format":"standard","meta":{"_acf_changed":false,"footnotes":""},"categories":[1],"tags":[],"class_list":["post-10430","post","type-post","status-publish","format-standard","has-post-thumbnail","hentry","category-sin-categoria"],"acf":{"ser_id":"BVQNR2S4UZE7HMXDB476IR6UHM","ser_url":"https:\/\/cadenaser.com\/comunitat-valenciana\/2024\/11\/18\/obras-en-la-calle-ibiza-de-benidorm-como-seran-y-cuanto-van-a-durar-radio-benidorm\/"},"_links":{"self":[{"href":"https:\/\/serbenidorm.daliisolutions.com\/index.php\/wp-json\/wp\/v2\/posts\/10430","targetHints":{"allow":["GET"]}}],"collection":[{"href":"https:\/\/serbenidorm.daliisolutions.com\/index.php\/wp-json\/wp\/v2\/posts"}],"about":[{"href":"https:\/\/serbenidorm.daliisolutions.com\/index.php\/wp-json\/wp\/v2\/types\/post"}],"replies":[{"embeddable":true,"href":"https:\/\/serbenidorm.daliisolutions.com\/index.php\/wp-json\/wp\/v2\/comments?post=10430"}],"version-history":[{"count":0,"href":"https:\/\/serbenidorm.daliisolutions.com\/index.php\/wp-json\/wp\/v2\/posts\/10430\/revisions"}],"wp:featuredmedia":[{"embeddable":true,"href":"https:\/\/serbenidorm.daliisolutions.com\/index.php\/wp-json\/wp\/v2\/media\/10431"}],"wp:attachment":[{"href":"https:\/\/serbenidorm.daliisolutions.com\/index.php\/wp-json\/wp\/v2\/media?parent=10430"}],"wp:term":[{"taxonomy":"category","embeddable":true,"href":"https:\/\/serbenidorm.daliisolutions.com\/index.php\/wp-json\/wp\/v2\/categories?post=10430"},{"taxonomy":"post_tag","embeddable":true,"href":"https:\/\/serbenidorm.daliisolutions.com\/index.php\/wp-json\/wp\/v2\/tags?post=10430"}],"curies":[{"name":"wp","href":"https:\/\/api.w.org\/{rel}","templated":true}]}}