{"id":10432,"date":"2024-11-18T18:25:00","date_gmt":"2024-11-18T17:25:00","guid":{"rendered":"https:\/\/serbenidorm.daliisolutions.com\/index.php\/2024\/11\/18\/mazon-cesa-a-nuria-montes-como-consellera-de-industria-y-turismo-por-sus-declaraciones-durante-la-dana\/"},"modified":"2024-11-18T18:25:00","modified_gmt":"2024-11-18T17:25:00","slug":"mazon-cesa-a-nuria-montes-como-consellera-de-industria-y-turismo-por-sus-declaraciones-durante-la-dana","status":"publish","type":"post","link":"https:\/\/serbenidorm.daliisolutions.com\/index.php\/2024\/11\/18\/mazon-cesa-a-nuria-montes-como-consellera-de-industria-y-turismo-por-sus-declaraciones-durante-la-dana\/","title":{"rendered":"Maz\u00f3n cesa a Nuria Montes como consellera de Industria y Turismo por sus declaraciones durante la DANA"},"content":{"rendered":"  <p><\/p>   <p>Valencia<\/p>   <p>La gesti\u00f3n de la DANA comienza a cobrarse v\u00edctimas pol\u00edticas. La primera en ser cesada ha sido la consellera de Industria y Turismo, Nuria Montes, en el ojo del hurac\u00e1n desde que realiz\u00f3 unas<a href=\"https:\/\/cadenaser.com\/nacional\/2024\/11\/01\/criticas-contra-de-la-consellera-de-turismo-por-la-forma-en-que-ha-comunicado-a-los-familiares-de-los-fallecidos-que-no-pueden-acceder-a-los-cuerpos-cadena-ser\/\" target=\"_blank\"> pol\u00e9micas declaraciones<\/a> sobre el acceso de las familias de las v\u00edctimas a la morgue instalada en Feria Valencia. <\/p>   <p>El president de la Generalitat prescinde de Montes y pone en su lugar como responsable de Industria a Mari\u00e1n Cano, presidenta de la patronal del calzado. <\/p>   <p>La nueva consellera<\/p>   <p>Mari\u00e1n Cano es licenciada en Derecho por la Universidad Complutense de Madrid, tiene un postgrado en Direcci\u00f3n Comercial y Marketing de la ESIC y actualmente es la presidenta ejecutiva de la Asociaci\u00f3n Valenciana de Empresarios del Calzado (AVECAL) desde 2015. <\/p>   <p>Su relaci\u00f3n con el sector del calzado comenz\u00f3 en 2010 cuando fue nombrada secretaria general de la  Asociaci\u00f3n de Industriales del Calzado de Elche (AICE). En 2020 asumi\u00f3 la presidencia interina de la Federaci\u00f3n de Industrias del Calzado Espa\u00f1ol (FICE), que mantuvo hasta 2022. Actualmente, ostenta el cargo de secretaria general de FICE (Federaci\u00f3n de Industrias del Calzado Espa\u00f1ol). En 2023 fue nombrada vocal del Comit\u00e9 Ejecutivo de la C\u00e1mara de Alicante.<\/p>  <p><figure><img loading=\"lazy\" decoding=\"async\" src=\"https:\/\/cadenaser.com\/resizer\/v2\/4V7LMP257ZBSFKGRC7LEOGWYPY.PNG?auth=d61603a67d0c906a1811acd81a67190e343930c9593d3fb1d8b3982484aae28b&amp;quality=70&amp;width=650&amp;height=780&amp;smart=true\" alt=\"Marian Cano, presidenta de Avecal y nueva consellera de Industria y Turismo\" width=\"5\" height=\"6\" \/><figcaption class=\"fc\"><p><span>Marian Cano, presidenta de Avecal y nueva consellera de Industria y Turismo<\/span> \/ <span>avecal<\/span><\/p><\/figcaption><\/figure><button class=\"bt-am\">Ampliar<\/button><\/p>   <p>Entre otros \u00f3rganos de representaci\u00f3n, tambi\u00e9n forma parte del Comit\u00e9 Ejecutivo de la Confederaci\u00f3n Empresarial Comunitat Valenciana(CEV), Pleno de la Mesa de Di\u00e1logo Social de la Generalitat, miembro del Observatorio de Industria y los Sectores Econ\u00f3micos Valencianos,  Asamblea General de Confederaci\u00f3n Espa\u00f1ola de Organizaciones Empresariales (CEOE) y Asamblea de Confederaci\u00f3n Espa\u00f1ola de la Peque\u00f1a y Mediana Empresa (Cepyme), entre otros cargos. <\/p>   <p>     .c-w{         max-width:444px;         width:100%;         margin:32px auto;      background:#00755E;         border-radius:4px;         display:flex;         align-items:center;         justify-content:center;     }     .c-w a{         display:flex;         align-items:center;         justify-content:center;         padding:4px 24px;     }     .c-w img{         width:24px;         margin-right:12px;     }     .c-w p{         font:18px\/25px Poppins;         text-align:center;         color:#fff;         margin:0;     }     @media (max-width:444px){         .c-w a{             padding:4px 12px;         }         .c-w img{             width:24px;             margin-right:8px;         }         .c-w p{             font:14px\/25px Poppins;         }     }     @media (max-width:335px){         .c-w p{             font:13px\/25px Poppins;         }     }  <div class=\"c-w\">     <a href=\"https:\/\/www.whatsapp.com\/channel\/0029Va633PF9WtC4l7XUzh1e\" target=\"_blank\">         <img decoding=\"async\" src=\"https:\/\/cadenaser.com\/estaticos\/recursosgraficos\/responsive\/img\/ico-whatsapp.svg\" alt=\"Whatsapp\">         <p>\u00danete al <b>canal de WhatsApp<\/b> de la SER<\/p>     <\/a> <\/div><\/p>   <p>La Conselleria de Innovaci\u00f3n, Industria, Comercio y Turismo seguir\u00e1 manteniendo las mismas competencias que ha venido desarrollando bajo la direcci\u00f3n de Nuria Montes. <\/p>   <p>El Consell destaca que durante su gesti\u00f3n se ha desarrollado una pol\u00edtica de impulso de los sectores productivos en la Comunitat y del turismo valenciano. <\/p>   <p>Entre las iniciativas resalta la aprobaci\u00f3n del decreto ley de Viviendas Tur\u00edsticas de la Comunitat Valenciana, la simplificaci\u00f3n, agilizaci\u00f3n y reducci\u00f3n de la tramitaci\u00f3n administrativa necesaria para la autorizaci\u00f3n de proyectos de energ\u00edas renovables y el Plan Estrat\u00e9gico para el periodo 2024-2034 de la Sociedad Valenciana de la Inspecci\u00f3n T\u00e9cnica de Veh\u00edculos (Sitval), as\u00ed como el desbloqueo definitivo del proceso de reversi\u00f3n de las ITV en la Comunitat. <\/p>   <p>Adem\u00e1s, se aprob\u00f3 un nuevo marco normativo para proteger los derechos de las personas consumidoras y usuarias ante las cl\u00e1usulas abusivas, las pr\u00e1cticas comerciales desleales y las irregularidades en el comercio electr\u00f3nico, entre otras. As\u00ed mismo, es rese\u00f1able la eliminaci\u00f3n de la tasa tur\u00edstica y que en 2024 se ha logrado r\u00e9cord hist\u00f3rico de visitas tur\u00edsticas y de gasto tur\u00edstico. Tambi\u00e9n durante su etapa de gesti\u00f3n destaca la reactivaci\u00f3n de Ciudad de la Luz como polo de atracci\u00f3n de inversiones y rodajes cinematogr\u00e1ficos<\/p>   <p><i>Sigue toda la \u00faltima hora en el canal de Whatsapp de Radio Valencia: <\/i><a href=\"https:\/\/eur01.safelinks.protection.outlook.com\/?url=https%3A%2F%2Fwhatsapp.com%2Fchannel%2F0029VaHjyqSFHWq2Q3iHB33R&amp;data=05%7C02%7CADuran%40prisaradio.com%7C02ea95022c714975f8a308dc815e6812%7Cc4fd49f3e15a44d882e2c909735d2e45%7C0%7C0%7C638527489700967202%7CUnknown%7CTWFpbGZsb3d8eyJWIjoiMC4wLjAwMDAiLCJQIjoiV2luMzIiLCJBTiI6Ik1haWwiLCJXVCI6Mn0%3D%7C0%7C%7C%7C&amp;sdata=bDP1arXEhYFoHtvYLOEppFDnR6On2zoB2LqKP8VJn%2Fo%3D&amp;reserved=0\" rel=\"nofollow\" target=\"_blank\"><i>haz clic aqu\u00ed y suscr\u00edbete<\/i><\/a><i>\u00a0para recibir toda la informaci\u00f3n y la actualidad del d\u00eda en tu m\u00f3vil.<\/i><\/p> ","protected":false},"excerpt":{"rendered":"<p>Le sustituir\u00e1 al frente de Industria Mari\u00e1n Cano, presidenta de la patronal del calzado<\/p>\n","protected":false},"author":0,"featured_media":10433,"comment_status":"open","ping_status":"open","sticky":false,"template":"","format":"standard","meta":{"_acf_changed":false,"footnotes":""},"categories":[1],"tags":[],"class_list":["post-10432","post","type-post","status-publish","format-standard","has-post-thumbnail","hentry","category-sin-categoria"],"acf":{"ser_id":"VVIUPI4O4JH4DOW3WIISJZJNBA","ser_url":"https:\/\/cadenaser.com\/comunitat-valenciana\/2024\/11\/18\/mazon-cesa-a-nuria-montes-como-consellera-de-industria-y-turismo-por-sus-declaraciones-durante-la-dana-radio-valencia\/"},"_links":{"self":[{"href":"https:\/\/serbenidorm.daliisolutions.com\/index.php\/wp-json\/wp\/v2\/posts\/10432","targetHints":{"allow":["GET"]}}],"collection":[{"href":"https:\/\/serbenidorm.daliisolutions.com\/index.php\/wp-json\/wp\/v2\/posts"}],"about":[{"href":"https:\/\/serbenidorm.daliisolutions.com\/index.php\/wp-json\/wp\/v2\/types\/post"}],"replies":[{"embeddable":true,"href":"https:\/\/serbenidorm.daliisolutions.com\/index.php\/wp-json\/wp\/v2\/comments?post=10432"}],"version-history":[{"count":0,"href":"https:\/\/serbenidorm.daliisolutions.com\/index.php\/wp-json\/wp\/v2\/posts\/10432\/revisions"}],"wp:featuredmedia":[{"embeddable":true,"href":"https:\/\/serbenidorm.daliisolutions.com\/index.php\/wp-json\/wp\/v2\/media\/10433"}],"wp:attachment":[{"href":"https:\/\/serbenidorm.daliisolutions.com\/index.php\/wp-json\/wp\/v2\/media?parent=10432"}],"wp:term":[{"taxonomy":"category","embeddable":true,"href":"https:\/\/serbenidorm.daliisolutions.com\/index.php\/wp-json\/wp\/v2\/categories?post=10432"},{"taxonomy":"post_tag","embeddable":true,"href":"https:\/\/serbenidorm.daliisolutions.com\/index.php\/wp-json\/wp\/v2\/tags?post=10432"}],"curies":[{"name":"wp","href":"https:\/\/api.w.org\/{rel}","templated":true}]}}