{"id":10457,"date":"2024-11-19T15:19:06","date_gmt":"2024-11-19T14:19:06","guid":{"rendered":"https:\/\/serbenidorm.daliisolutions.com\/index.php\/2024\/11\/19\/la-vila-joiosa-empieza-la-restauracion-del-puente-del-amadorio-se-desviara-el-trafico-a-partir-de-navidad\/"},"modified":"2024-11-19T15:19:06","modified_gmt":"2024-11-19T14:19:06","slug":"la-vila-joiosa-empieza-la-restauracion-del-puente-del-amadorio-se-desviara-el-trafico-a-partir-de-navidad","status":"publish","type":"post","link":"https:\/\/serbenidorm.daliisolutions.com\/index.php\/2024\/11\/19\/la-vila-joiosa-empieza-la-restauracion-del-puente-del-amadorio-se-desviara-el-trafico-a-partir-de-navidad\/","title":{"rendered":"La Vila Joiosa empieza la restauraci\u00f3n del puente del Amadorio: se desviar\u00e1 el tr\u00e1fico a partir de Navidad"},"content":{"rendered":"  <p><\/p>   <p>La Vila Joiosa<\/p>   <p>Ya se han iniciado en La Vila Joiosa las obras del proyecto de rehabilitaci\u00f3n del puente de la calle Cervantes situado sobre el cauce del r\u00edo Amadorio con el fin de garantizar la conservaci\u00f3n y funcionalidad de esta infraestructura, as\u00ed como la seguridad de sus usuarios, seg\u00fan ha informado el Ayuntamiento en un comunicado.<\/p>   <p>Estas actuaciones contemplan tambi\u00e9n la renovaci\u00f3n de la calzada y de las aceras, cuya anchura se ampliar\u00e1, as\u00ed como la restauraci\u00f3n de la balaustrada y las luminarias.<\/p>  <p><p>M\u00e1s informaci\u00f3n<\/p><figure><img loading=\"lazy\" decoding=\"async\" src=\"https:\/\/cadenaser.com\/resizer\/v2\/LDICTITLVJEPBJG5HG426S42BQ.jpg?auth=fc2fd1f010862fd3850f20954129db5be3fd18f10366dcb0f96be9d45406b6b8&amp;quality=70&amp;width=360&amp;height=202&amp;smart=true\" width=\"820\" height=\"621\" \/><\/figure><ul><li><a href=\"https:\/\/cadenaser.com\/comunitat-valenciana\/2024\/11\/15\/el-pp-saca-adelante-los-presupuestos-de-la-vila-joiosa-con-el-apoyo-de-gent-per-la-vila-radio-benidorm\/\"><span>El PP saca adelante los presupuestos de La Vila Joiosa con el apoyo de Gent per La Vila<\/span><\/a><\/li><\/ul><\/p>   <p>El puente est\u00e1 catalogado como bien de relevancia local como obra de ingenier\u00eda, por lo que las actuaciones a realizar deben limitarse al mantenimiento de sus caracter\u00edsticas est\u00e9ticas garantizado su conservaci\u00f3n y funcionalidad, explica el consistorio.<\/p>   <p>Los trabajos se han panificado con el fin de no suponer una molestia para los vecinos hasta pasadas las fiestas navide\u00f1as, momento en el que se acometer\u00e1 la <a href=\"https:\/\/cadenaser.com\/tag\/vila_joiosa\/a\/\" target=\"_blank\">actuaci\u00f3n en el tablero, con una duraci\u00f3n prevista de dos meses en los que ser\u00e1 necesario desviar parte del tr\u00e1fico<\/a>. <\/p>   <p>Este puente une la plaza de la Generalitat con la calle Cervantes y es un vial clave de la vertebraci\u00f3n de la movilidad del municipio, puesto que combina el acceso de veh\u00edculos y viandantes. Esta infraestructura fue construida entre 1.840 y 1.878 y se compone de cinco b\u00f3vedas de ladrillo que dan paso a cinco arcos de medio punto de nueve metros de luz cada uno sustentados en pilas de distinto grosor. <\/p>   <p>     .c-w{         max-width:444px;         width:100%;         margin:32px auto;      background:#00755E;         border-radius:4px;         display:flex;         align-items:center;         justify-content:center;     }     .c-w a{         display:flex;         align-items:center;         justify-content:center;         padding:4px 24px;     }     .c-w img{         width:24px;         margin-right:12px;     }     .c-w p{         font:18px\/25px Poppins;         text-align:center;         color:#fff;         margin:0;     }     @media (max-width:444px){         .c-w a{             padding:4px 12px;         }         .c-w img{             width:24px;             margin-right:8px;         }         .c-w p{             font:14px\/25px Poppins;         }     }     @media (max-width:335px){         .c-w p{             font:13px\/25px Poppins;         }     }  <div class=\"c-w\">     <a href=\"https:\/\/www.whatsapp.com\/channel\/0029Va633PF9WtC4l7XUzh1e\" target=\"_blank\">         <img decoding=\"async\" src=\"https:\/\/cadenaser.com\/estaticos\/recursosgraficos\/responsive\/img\/ico-whatsapp.svg\" alt=\"Whatsapp\">         <p>\u00danete al <b>canal de WhatsApp<\/b> de la SER<\/p>     <\/a> <\/div><\/p> ","protected":false},"excerpt":{"rendered":"<p>Un proyecto de cerca de 1.400.000 euros<\/p>\n","protected":false},"author":0,"featured_media":10458,"comment_status":"open","ping_status":"open","sticky":false,"template":"","format":"standard","meta":{"_acf_changed":false,"footnotes":""},"categories":[1],"tags":[],"class_list":["post-10457","post","type-post","status-publish","format-standard","has-post-thumbnail","hentry","category-sin-categoria"],"acf":{"ser_id":"E4SHBQUUJNFGPOE5MNRPVX3QAM","ser_url":"https:\/\/cadenaser.com\/comunitat-valenciana\/2024\/11\/19\/la-vila-joiosa-empieza-la-restauracion-del-puente-del-amadorio-se-desviara-el-trafico-a-partir-de-navidad-radio-benidorm\/"},"_links":{"self":[{"href":"https:\/\/serbenidorm.daliisolutions.com\/index.php\/wp-json\/wp\/v2\/posts\/10457","targetHints":{"allow":["GET"]}}],"collection":[{"href":"https:\/\/serbenidorm.daliisolutions.com\/index.php\/wp-json\/wp\/v2\/posts"}],"about":[{"href":"https:\/\/serbenidorm.daliisolutions.com\/index.php\/wp-json\/wp\/v2\/types\/post"}],"replies":[{"embeddable":true,"href":"https:\/\/serbenidorm.daliisolutions.com\/index.php\/wp-json\/wp\/v2\/comments?post=10457"}],"version-history":[{"count":0,"href":"https:\/\/serbenidorm.daliisolutions.com\/index.php\/wp-json\/wp\/v2\/posts\/10457\/revisions"}],"wp:featuredmedia":[{"embeddable":true,"href":"https:\/\/serbenidorm.daliisolutions.com\/index.php\/wp-json\/wp\/v2\/media\/10458"}],"wp:attachment":[{"href":"https:\/\/serbenidorm.daliisolutions.com\/index.php\/wp-json\/wp\/v2\/media?parent=10457"}],"wp:term":[{"taxonomy":"category","embeddable":true,"href":"https:\/\/serbenidorm.daliisolutions.com\/index.php\/wp-json\/wp\/v2\/categories?post=10457"},{"taxonomy":"post_tag","embeddable":true,"href":"https:\/\/serbenidorm.daliisolutions.com\/index.php\/wp-json\/wp\/v2\/tags?post=10457"}],"curies":[{"name":"wp","href":"https:\/\/api.w.org\/{rel}","templated":true}]}}