{"id":10459,"date":"2024-11-19T15:19:07","date_gmt":"2024-11-19T14:19:07","guid":{"rendered":"https:\/\/serbenidorm.daliisolutions.com\/index.php\/2024\/11\/19\/lalfas-del-pi-benidorm-y-finestrat-tres-de-los-cuatro-alquileres-mas-caros-de-la-comunitat-valenciana\/"},"modified":"2024-11-19T15:19:07","modified_gmt":"2024-11-19T14:19:07","slug":"lalfas-del-pi-benidorm-y-finestrat-tres-de-los-cuatro-alquileres-mas-caros-de-la-comunitat-valenciana","status":"publish","type":"post","link":"https:\/\/serbenidorm.daliisolutions.com\/index.php\/2024\/11\/19\/lalfas-del-pi-benidorm-y-finestrat-tres-de-los-cuatro-alquileres-mas-caros-de-la-comunitat-valenciana\/","title":{"rendered":"L&#8217;Alf\u00e0s del Pi, Benidorm y Finestrat, tres de los cuatro alquileres m\u00e1s caros de la Comunitat Valenciana"},"content":{"rendered":"  <p><\/p>   <p>Benidorm<\/p>   <p>Tres de las cuatro localidades de la Comunitat Valenciana con el alquiler m\u00e1s caro durante el \u00faltimo mes est\u00e1n en la Marina Baixa seg\u00fan los \u00faltimos datos del portal inmobiliario Fotocasa. Lidera Alboraya por encima de los 17 euros el metro cuadrado y le siguen en este orden L\u2019Alf\u00e0s del Pi, Benidorm y Finestrat con un precio por encima de los 16 euros el metro cuadrado.<\/p>   <p><a href=\"https:\/\/cadenaser.com\/tag\/benidorm\/a\/\" target=\"_blank\">En l\u2019Alf\u00e0s y Benidorm los alquileres subieron un 5,9 % y 0,4 % respectivamente durante octubre, mientras en Finestrat, que antes lideraba el ranking, ha ca\u00eddo m\u00e1s de seis puntos en el \u00faltimo mes<\/a>.  En el caso de la capital tur\u00edstica de la Comunitat Valenciana la estad\u00edstica refleja adem\u00e1s un incremento en el \u00faltimo a\u00f1o de un 7,4 %.<\/p>  <p><p>M\u00e1s informaci\u00f3n<\/p><figure><img loading=\"lazy\" decoding=\"async\" src=\"https:\/\/cadenaser.com\/resizer\/v2\/XKJEFVAGJZCWNFRZ2IYFKBDMI4.jpg?auth=202855d655d3caefa71bab511a3961d4e6aac39b2c091eb7e410d6dceb4efda6&amp;quality=70&amp;width=360&amp;height=202&amp;smart=true\" width=\"820\" height=\"621\" \/><\/figure><ul><li><a href=\"https:\/\/cadenaser.com\/comunitat-valenciana\/2024\/11\/18\/obras-en-la-calle-ibiza-de-benidorm-como-seran-y-cuanto-van-a-durar-radio-benidorm\/\"><span>Obras en la calle Ibiza de Benidorm: \u00bfC\u00f3mo ser\u00e1n y cu\u00e1nto van a durar?<\/span><\/a><\/li><\/ul><\/p>   <p>Siguiendo con las comparativas, en Valencia y Alicante capital el precio no llega a los 15 euros. En Altea la renta media supera los 11 euros el metro y en La Vila Joiosa los 12 euros.<\/p>   <p>As\u00ed evoluciona el alquiler en la Comunitat<\/p>   <p>En el conjunto de la Comunitat Valenciana el precio de la vivienda en alquiler sube un 1,9 % en su variaci\u00f3n mensual un 8,5 % en su variaci\u00f3n interanual, situando su precio medio en 12,32 euros el metro cuadrado al mes en octubre.<\/p>   <p>En las tres provincias se incrementa esa renta interanual de la siguiente manera Alicante (10,6%), Castell\u00f3n (6,7%) y Valencia (4,6%).<\/p>   <p>     .c-w{         max-width:444px;         width:100%;         margin:32px auto;      background:#00755E;         border-radius:4px;         display:flex;         align-items:center;         justify-content:center;     }     .c-w a{         display:flex;         align-items:center;         justify-content:center;         padding:4px 24px;     }     .c-w img{         width:24px;         margin-right:12px;     }     .c-w p{         font:18px\/25px Poppins;         text-align:center;         color:#fff;         margin:0;     }     @media (max-width:444px){         .c-w a{             padding:4px 12px;         }         .c-w img{             width:24px;             margin-right:8px;         }         .c-w p{             font:14px\/25px Poppins;         }     }     @media (max-width:335px){         .c-w p{             font:13px\/25px Poppins;         }     }  <div class=\"c-w\">     <a href=\"https:\/\/www.whatsapp.com\/channel\/0029Va633PF9WtC4l7XUzh1e\" target=\"_blank\">         <img decoding=\"async\" src=\"https:\/\/cadenaser.com\/estaticos\/recursosgraficos\/responsive\/img\/ico-whatsapp.svg\" alt=\"Whatsapp\">         <p>\u00danete al <b>canal de WhatsApp<\/b> de la SER<\/p>     <\/a> <\/div><\/p> ","protected":false},"excerpt":{"rendered":"<p>Solo superados por Alboraya en el \u00faltimo estudio de Fotocasa<\/p>\n","protected":false},"author":0,"featured_media":10460,"comment_status":"open","ping_status":"open","sticky":false,"template":"","format":"standard","meta":{"_acf_changed":false,"footnotes":""},"categories":[1],"tags":[],"class_list":["post-10459","post","type-post","status-publish","format-standard","has-post-thumbnail","hentry","category-sin-categoria"],"acf":{"ser_id":"BOZUBBBAYRGZ5IEZEV2IQICL74","ser_url":"https:\/\/cadenaser.com\/comunitat-valenciana\/2024\/11\/19\/lalfas-del-pi-benidorm-y-finestrat-tres-de-los-alquileres-mas-caros-de-la-comunitat-valenciana-radio-benidorm\/"},"_links":{"self":[{"href":"https:\/\/serbenidorm.daliisolutions.com\/index.php\/wp-json\/wp\/v2\/posts\/10459","targetHints":{"allow":["GET"]}}],"collection":[{"href":"https:\/\/serbenidorm.daliisolutions.com\/index.php\/wp-json\/wp\/v2\/posts"}],"about":[{"href":"https:\/\/serbenidorm.daliisolutions.com\/index.php\/wp-json\/wp\/v2\/types\/post"}],"replies":[{"embeddable":true,"href":"https:\/\/serbenidorm.daliisolutions.com\/index.php\/wp-json\/wp\/v2\/comments?post=10459"}],"version-history":[{"count":0,"href":"https:\/\/serbenidorm.daliisolutions.com\/index.php\/wp-json\/wp\/v2\/posts\/10459\/revisions"}],"wp:featuredmedia":[{"embeddable":true,"href":"https:\/\/serbenidorm.daliisolutions.com\/index.php\/wp-json\/wp\/v2\/media\/10460"}],"wp:attachment":[{"href":"https:\/\/serbenidorm.daliisolutions.com\/index.php\/wp-json\/wp\/v2\/media?parent=10459"}],"wp:term":[{"taxonomy":"category","embeddable":true,"href":"https:\/\/serbenidorm.daliisolutions.com\/index.php\/wp-json\/wp\/v2\/categories?post=10459"},{"taxonomy":"post_tag","embeddable":true,"href":"https:\/\/serbenidorm.daliisolutions.com\/index.php\/wp-json\/wp\/v2\/tags?post=10459"}],"curies":[{"name":"wp","href":"https:\/\/api.w.org\/{rel}","templated":true}]}}