{"id":10486,"date":"2024-11-20T16:36:07","date_gmt":"2024-11-20T15:36:07","guid":{"rendered":"https:\/\/serbenidorm.daliisolutions.com\/index.php\/2024\/11\/20\/juzgan-a-un-hombre-por-violar-a-su-sobrina-en-un-piso-de-benidorm\/"},"modified":"2024-11-20T16:36:07","modified_gmt":"2024-11-20T15:36:07","slug":"juzgan-a-un-hombre-por-violar-a-su-sobrina-en-un-piso-de-benidorm","status":"publish","type":"post","link":"https:\/\/serbenidorm.daliisolutions.com\/index.php\/2024\/11\/20\/juzgan-a-un-hombre-por-violar-a-su-sobrina-en-un-piso-de-benidorm\/","title":{"rendered":"Juzgan a un hombre por violar a su sobrina en un piso de Benidorm"},"content":{"rendered":"  <p><\/p>   <p>Benidorm<\/p>   <p>Este jueves est\u00e1 previsto en la secci\u00f3n d\u00e9cima de la Audiencia Provincial de Alicante el inicio del juicio a un hombre acusado de violar y someter a tocamientos a su sobrina, que ten\u00eda 20 a\u00f1os en el momento de los hechos, y <a href=\"https:\/\/cadenaser.com\/tag\/benidorm\/a\/\" target=\"_blank\">con la que compart\u00eda piso en Benidorm<\/a>.<\/p>   <p>Seg\u00fan ha informado el Tribunal Superior de Justicia de la Comunitat Valenciana (TSJCV) los hechos sucedieron en el verano de 2015 cuando la v\u00edctima comenz\u00f3 a residir en casa de unos t\u00edos por los estudios.<\/p>  <p><p>M\u00e1s informaci\u00f3n<\/p><figure><img loading=\"lazy\" decoding=\"async\" src=\"https:\/\/cadenaser.com\/resizer\/v2\/6NW7KECTOBAHTF6RQADBVQWJ5U.jpg?auth=364e3b8578cfa7eee920385e9a91f7edf7a8fb94063fca049e188cfa43a58f83&amp;quality=70&amp;width=360&amp;height=202&amp;smart=true\" width=\"820\" height=\"621\" \/><\/figure><ul><li><a href=\"https:\/\/cadenaser.com\/comunitat-valenciana\/2024\/11\/18\/a-juicio-dos-funcionarios-de-lalfas-del-pi-por-pedir-2000-euros-a-un-hombre-a-cambio-de-un-puesto-en-el-mercadillo-radio-benidorm\/\"><span>A juicio dos funcionarios de l&#8217;Alf\u00e0s del Pi por pedir 2.000 euros a cambio de un puesto en el mercadillo<\/span><\/a><\/li><\/ul><\/p>   <p>La Fiscal\u00eda sostiene que el encausado, otro t\u00edo de la joven, acudi\u00f3 a residir en el mismo domicilio y aprovech\u00f3 esta circunstancia para agredirla sexualmente y para abusar de ella.<\/p>   <p>Todo hasta que la v\u00edctima abandon\u00f3 la casa y se fue a residir temporalmente a la vivienda de un amigo. La acusaci\u00f3n publica pide para el presunto violador 12 a\u00f1os de c\u00e1rcel por un delito de agresi\u00f3n sexual y otro de abuso sexual.<\/p> ","protected":false},"excerpt":{"rendered":"<p>La Fiscal\u00eda pide 12 a\u00f1os de c\u00e1rcel<\/p>\n","protected":false},"author":0,"featured_media":10487,"comment_status":"open","ping_status":"open","sticky":false,"template":"","format":"standard","meta":{"_acf_changed":false,"footnotes":""},"categories":[1],"tags":[],"class_list":["post-10486","post","type-post","status-publish","format-standard","has-post-thumbnail","hentry","category-sin-categoria"],"acf":{"ser_id":"A3EVUCAWK5EP7N33W7MTVTFLWE","ser_url":"https:\/\/cadenaser.com\/comunitat-valenciana\/2024\/11\/20\/juzgan-a-un-hombre-por-violar-a-su-sobrina-en-un-piso-de-benidorm-radio-benidorm\/"},"_links":{"self":[{"href":"https:\/\/serbenidorm.daliisolutions.com\/index.php\/wp-json\/wp\/v2\/posts\/10486","targetHints":{"allow":["GET"]}}],"collection":[{"href":"https:\/\/serbenidorm.daliisolutions.com\/index.php\/wp-json\/wp\/v2\/posts"}],"about":[{"href":"https:\/\/serbenidorm.daliisolutions.com\/index.php\/wp-json\/wp\/v2\/types\/post"}],"replies":[{"embeddable":true,"href":"https:\/\/serbenidorm.daliisolutions.com\/index.php\/wp-json\/wp\/v2\/comments?post=10486"}],"version-history":[{"count":0,"href":"https:\/\/serbenidorm.daliisolutions.com\/index.php\/wp-json\/wp\/v2\/posts\/10486\/revisions"}],"wp:featuredmedia":[{"embeddable":true,"href":"https:\/\/serbenidorm.daliisolutions.com\/index.php\/wp-json\/wp\/v2\/media\/10487"}],"wp:attachment":[{"href":"https:\/\/serbenidorm.daliisolutions.com\/index.php\/wp-json\/wp\/v2\/media?parent=10486"}],"wp:term":[{"taxonomy":"category","embeddable":true,"href":"https:\/\/serbenidorm.daliisolutions.com\/index.php\/wp-json\/wp\/v2\/categories?post=10486"},{"taxonomy":"post_tag","embeddable":true,"href":"https:\/\/serbenidorm.daliisolutions.com\/index.php\/wp-json\/wp\/v2\/tags?post=10486"}],"curies":[{"name":"wp","href":"https:\/\/api.w.org\/{rel}","templated":true}]}}