{"id":10488,"date":"2024-11-20T16:36:08","date_gmt":"2024-11-20T15:36:08","guid":{"rendered":"https:\/\/serbenidorm.daliisolutions.com\/index.php\/2024\/11\/20\/maria-botella-presidenta-de-anemona-marina-baixa-medalla-corporativa-de-benidorm\/"},"modified":"2024-11-20T16:36:08","modified_gmt":"2024-11-20T15:36:08","slug":"maria-botella-presidenta-de-anemona-marina-baixa-medalla-corporativa-de-benidorm","status":"publish","type":"post","link":"https:\/\/serbenidorm.daliisolutions.com\/index.php\/2024\/11\/20\/maria-botella-presidenta-de-anemona-marina-baixa-medalla-corporativa-de-benidorm\/","title":{"rendered":"Mar\u00eda Botella, presidenta de An\u00e9mona Marina Baixa, Medalla Corporativa de Benidorm"},"content":{"rendered":"  <p><\/p>   <p>Benidorm<\/p>   <p>El pr\u00f3ximo d\u00eda 6 de diciembre, en el acto institucional del D\u00eda de la  Constituci\u00f3n, el Ayuntamiento de Benidorm conceder\u00e1 la Medalla Corporativa de la ciudad a Mar\u00eda Botella, presidenta de<a href=\"https:\/\/cadenaser.com\/tag\/benidorm\/a\/\" target=\"_blank\"> An\u00e9mona, el Grupo de Autoayuda para Mujeres con C\u00e1ncer de Mama y Ginecol\u00f3gico  de Benidorm y la Marina Baixa<\/a>.<\/p>   <p>El Consistorio distingue a Botella por \u201csu entrega altruista a trav\u00e9s de An\u00e9mona para el acompa\u00f1amiento de afectadas, la reivindicaci\u00f3n de m\u00e1s recursos para la investigaci\u00f3n y la promoci\u00f3n del deporte\u201d.<\/p>  <p><p>M\u00e1s informaci\u00f3n<\/p><figure><img loading=\"lazy\" decoding=\"async\" src=\"https:\/\/cadenaser.com\/resizer\/v2\/YYG3TIOVLZF5ZA3NN7SWONQBYM.jpeg?auth=b48b99fe4d2b8e946dc1d40483c31b01171edb811608c0d7fe6dbc3af886d513&amp;quality=70&amp;width=360&amp;height=202&amp;smart=true\" width=\"820\" height=\"621\" \/><\/figure><ul><li><a href=\"https:\/\/cadenaser.com\/comunitat-valenciana\/2024\/11\/15\/palas-altavoces-o-una-urna-con-cenizas-asi-gestiona-la-policia-local-de-benidorm-mas-de-3000-objetos-perdidos-radio-benidorm\/\"><span>Palas, altavoces o una urna con cenizas: as\u00ed gestiona la Polic\u00eda Local de Benidorm m\u00e1s de 3.000 objetos perdidos<\/span><\/a><\/li><\/ul><\/p>   <p>La propuesta ha sido aprobada hoy por unanimidad por la Junta de Portavoces y ser\u00e1 ratificada en el pleno ordinario de noviembre.<\/p>   <p>Botella, junto con un reducido grupo de mujeres, fue<a href=\"https:\/\/cadenaser.com\/tag\/comarca_la_marina_baixa\/a\/\" target=\"_blank\"> fundadora de An\u00e9mona en febrero de 2002 <\/a>con el objetivo de apoyar y acompa\u00f1ar a pacientes con c\u00e1ncer de mama y dar visibilidad a esta enfermedad. Actualmente la entidad cuenta con m\u00e1s de 700 socias.<\/p>   <p>La moci\u00f3n que propone a Botella como merecedora de la distinci\u00f3n reconoce que el Grupo de Autoayuda \u201cno s\u00f3lo ha cumplido estos objetivos, sino que ha ido ampliando sus metas y radio de actuaci\u00f3n, situando en el radar de su acci\u00f3n la divulgaci\u00f3n y la sensibilizaci\u00f3n  sobre el c\u00e1ncer de mama y ginecol\u00f3gico, y multiplicando los servicios a disposici\u00f3n de las afectadas para combatir las secuelas f\u00edsicas, psicol\u00f3gicas y sociales de la enfermedad\u201d.<\/p>   <p>     .c-w{         max-width:444px;         width:100%;         margin:32px auto;      background:#00755E;         border-radius:4px;         display:flex;         align-items:center;         justify-content:center;     }     .c-w a{         display:flex;         align-items:center;         justify-content:center;         padding:4px 24px;     }     .c-w img{         width:24px;         margin-right:12px;     }     .c-w p{         font:18px\/25px Poppins;         text-align:center;         color:#fff;         margin:0;     }     @media (max-width:444px){         .c-w a{             padding:4px 12px;         }         .c-w img{             width:24px;             margin-right:8px;         }         .c-w p{             font:14px\/25px Poppins;         }     }     @media (max-width:335px){         .c-w p{             font:13px\/25px Poppins;         }     }  <div class=\"c-w\">     <a href=\"https:\/\/www.whatsapp.com\/channel\/0029Va633PF9WtC4l7XUzh1e\" target=\"_blank\">         <img decoding=\"async\" src=\"https:\/\/cadenaser.com\/estaticos\/recursosgraficos\/responsive\/img\/ico-whatsapp.svg\" alt=\"Whatsapp\">         <p>\u00danete al <b>canal de WhatsApp<\/b> de la SER<\/p>     <\/a> <\/div><\/p>   <p>Adem\u00e1s, destaca la labor reivindicativa del colectivo \u201creclamando m\u00e1s investigaci\u00f3n m\u00e9dica y cient\u00edfica y mayores y mejores recursos asistenciales desde el diagn\u00f3stico hasta el periodo de recuperaci\u00f3n\u201d.<\/p>   <p>La Corporaci\u00f3n Municipal tambi\u00e9n ha destacado la contribuci\u00f3n de Mar\u00eda  Botella en la \u201capuesta decidida de esta asociaci\u00f3n por la actividad deportiva como aliado para la recuperaci\u00f3n f\u00edsica y emocional de las mujeres afectadas\u201d. Destaca especialmente la puesta en marcha de un equipo de remo, con competiciones y retos deportivos nacionales e internacionales.<\/p> ","protected":false},"excerpt":{"rendered":"<p> Por su labor en el Grupo de Autoayuda para Mujeres con C\u00e1ncer de Mama<\/p>\n","protected":false},"author":0,"featured_media":10489,"comment_status":"open","ping_status":"open","sticky":false,"template":"","format":"standard","meta":{"_acf_changed":false,"footnotes":""},"categories":[1],"tags":[],"class_list":["post-10488","post","type-post","status-publish","format-standard","has-post-thumbnail","hentry","category-sin-categoria"],"acf":{"ser_id":"SQ3EWHBUDBGZVGQFCELD75ZBNA","ser_url":"https:\/\/cadenaser.com\/comunitat-valenciana\/2024\/11\/20\/maria-botella-presidenta-de-anemona-marina-baixa-medalla-corporativa-de-benidorm-radio-benidorm\/"},"_links":{"self":[{"href":"https:\/\/serbenidorm.daliisolutions.com\/index.php\/wp-json\/wp\/v2\/posts\/10488","targetHints":{"allow":["GET"]}}],"collection":[{"href":"https:\/\/serbenidorm.daliisolutions.com\/index.php\/wp-json\/wp\/v2\/posts"}],"about":[{"href":"https:\/\/serbenidorm.daliisolutions.com\/index.php\/wp-json\/wp\/v2\/types\/post"}],"replies":[{"embeddable":true,"href":"https:\/\/serbenidorm.daliisolutions.com\/index.php\/wp-json\/wp\/v2\/comments?post=10488"}],"version-history":[{"count":0,"href":"https:\/\/serbenidorm.daliisolutions.com\/index.php\/wp-json\/wp\/v2\/posts\/10488\/revisions"}],"wp:featuredmedia":[{"embeddable":true,"href":"https:\/\/serbenidorm.daliisolutions.com\/index.php\/wp-json\/wp\/v2\/media\/10489"}],"wp:attachment":[{"href":"https:\/\/serbenidorm.daliisolutions.com\/index.php\/wp-json\/wp\/v2\/media?parent=10488"}],"wp:term":[{"taxonomy":"category","embeddable":true,"href":"https:\/\/serbenidorm.daliisolutions.com\/index.php\/wp-json\/wp\/v2\/categories?post=10488"},{"taxonomy":"post_tag","embeddable":true,"href":"https:\/\/serbenidorm.daliisolutions.com\/index.php\/wp-json\/wp\/v2\/tags?post=10488"}],"curies":[{"name":"wp","href":"https:\/\/api.w.org\/{rel}","templated":true}]}}