{"id":10490,"date":"2024-11-20T19:19:50","date_gmt":"2024-11-20T18:19:50","guid":{"rendered":"https:\/\/serbenidorm.daliisolutions.com\/index.php\/2024\/11\/20\/altea-burguer-gourmet-se-supera-y-entra-en-la-recta-final-de-su-segunda-edicion\/"},"modified":"2024-11-20T19:19:50","modified_gmt":"2024-11-20T18:19:50","slug":"altea-burguer-gourmet-se-supera-y-entra-en-la-recta-final-de-su-segunda-edicion","status":"publish","type":"post","link":"https:\/\/serbenidorm.daliisolutions.com\/index.php\/2024\/11\/20\/altea-burguer-gourmet-se-supera-y-entra-en-la-recta-final-de-su-segunda-edicion\/","title":{"rendered":"Altea Burguer Gourmet se supera y entra en la recta final de su segunda edici\u00f3n"},"content":{"rendered":"  <p><\/p>   <p>Altea<\/p>   <p>\u00daltimos d\u00edas para degustar las mejores creaciones culinarias en forma de hamburguesa en Altea o no, porque dado el \u00e9xito de la segunda edici\u00f3n de la Altea Burguer Gourmet van a ser varios de los <a href=\"https:\/\/cadenaser.com\/tag\/altea\/a\/\" target=\"_blank\">16 establecimientos participantes<\/a> los que dejen su receta como fija de la carta.<\/p>   <p>Entre el 15 y el 24 de noviembre se est\u00e1 celebrando una segunda edici\u00f3n de verdadero \u00e9xito, como han celebrado en <a href=\"https:\/\/cadenaser.com\/tag\/comarca_la_marina_baixa\/a\/\" target=\"_blank\">La Ventana de la Marina Baixa<\/a> el responsable de Gastroeventos Mario Ay\u00fas junto a Francisco de La Clau y Pablo de Bodeg\u00f3n T\u00edo Ennio.<\/p>  <p><p>M\u00e1s informaci\u00f3n<\/p><figure><img loading=\"lazy\" decoding=\"async\" src=\"https:\/\/cadenaser.com\/resizer\/v2\/7QZSJYNUFJA3NH5ZGMPC7WFZ5U.jpeg?auth=d901ba2778fa8701ab331310b9a4812673bba47e2f01f9095a691095b4f2b3c4&amp;quality=70&amp;width=360&amp;height=202&amp;smart=true\" width=\"820\" height=\"621\" \/><\/figure><ul><li><a href=\"https:\/\/cadenaser.com\/comunitat-valenciana\/2024\/11\/03\/un-policia-local-rescata-en-altea-a-un-conductor-que-atravesaba-un-paso-inundado-radio-benidorm\/\"><span>Un polic\u00eda local rescata en Altea a un conductor que atravesaba un paso inundado<\/span><\/a><\/li><\/ul><\/p>   <p>Este evento, organizado por la Asociaci\u00f3n de Hosteleros y Empresarios de Altea (AHEA), tiene como protagonistas a los men\u00fas, que incluyen hamburguesa, acompa\u00f1amiento y bebida por 18 euros.<\/p>   <p>Participantes<\/p>   <p>\u201cEl Austriaco\u201d, \u201cMan\u00e1 Lounge-Beach\u201d, \u201cCarnicero Loco\u201d,  \u201cE-Tika\u201d \u201cAsambra\u201d, \u201cBodeg\u00f3n T\u00edo Ennio\u201d, \u201cCafeteria Mix\u201d, \u201cCalifornia Old Style\u201d, \u201cLa Casa\u201d, \u201cIl Bandito\u201d, \u201cCasa Vital\u201d, \u201cla Clau\u201d, \u201cEukaliptus\u201d, \u201cMelit\u00f3n Jard\u00edn\u201d, \u201cRumors\u201d y \u201cStreet Burguer\u201d.<\/p>   <p>Se trata, adem\u00e1s, de un concurso en el que los comensales elegir\u00e1n a trav\u00e9s de un c\u00f3digo QR a los ocho primeros clasificados que elaborar\u00e1n de nuevo la hamburguesa en el Aula Municipal de Cuina para que un jurado profesional elija la mejor propuesta.<\/p>   <p>     .c-w{         max-width:444px;         width:100%;         margin:32px auto;      background:#00755E;         border-radius:4px;         display:flex;         align-items:center;         justify-content:center;     }     .c-w a{         display:flex;         align-items:center;         justify-content:center;         padding:4px 24px;     }     .c-w img{         width:24px;         margin-right:12px;     }     .c-w p{         font:18px\/25px Poppins;         text-align:center;         color:#fff;         margin:0;     }     @media (max-width:444px){         .c-w a{             padding:4px 12px;         }         .c-w img{             width:24px;             margin-right:8px;         }         .c-w p{             font:14px\/25px Poppins;         }     }     @media (max-width:335px){         .c-w p{             font:13px\/25px Poppins;         }     }  <div class=\"c-w\">     <a href=\"https:\/\/www.whatsapp.com\/channel\/0029Va633PF9WtC4l7XUzh1e\" target=\"_blank\">         <img decoding=\"async\" src=\"https:\/\/cadenaser.com\/estaticos\/recursosgraficos\/responsive\/img\/ico-whatsapp.svg\" alt=\"Whatsapp\">         <p>\u00danete al <b>canal de WhatsApp<\/b> de la SER<\/p>     <\/a> <\/div><\/p> ","protected":false},"excerpt":{"rendered":"<p>16 restaurantes de la villa blanca ofrecen sus mejores propuestas de hamburguesas hasta este domingo<\/p>\n","protected":false},"author":0,"featured_media":10491,"comment_status":"open","ping_status":"open","sticky":false,"template":"","format":"standard","meta":{"_acf_changed":false,"footnotes":""},"categories":[1],"tags":[],"class_list":["post-10490","post","type-post","status-publish","format-standard","has-post-thumbnail","hentry","category-sin-categoria"],"acf":{"ser_id":"VVUF72EJ4FFAVICTREFYBMMBYA","ser_url":"https:\/\/cadenaser.com\/comunitat-valenciana\/2024\/11\/20\/altea-burguer-gourmet-se-supera-y-entra-en-la-recta-final-de-su-segunda-edicion-radio-benidorm\/"},"_links":{"self":[{"href":"https:\/\/serbenidorm.daliisolutions.com\/index.php\/wp-json\/wp\/v2\/posts\/10490","targetHints":{"allow":["GET"]}}],"collection":[{"href":"https:\/\/serbenidorm.daliisolutions.com\/index.php\/wp-json\/wp\/v2\/posts"}],"about":[{"href":"https:\/\/serbenidorm.daliisolutions.com\/index.php\/wp-json\/wp\/v2\/types\/post"}],"replies":[{"embeddable":true,"href":"https:\/\/serbenidorm.daliisolutions.com\/index.php\/wp-json\/wp\/v2\/comments?post=10490"}],"version-history":[{"count":0,"href":"https:\/\/serbenidorm.daliisolutions.com\/index.php\/wp-json\/wp\/v2\/posts\/10490\/revisions"}],"wp:featuredmedia":[{"embeddable":true,"href":"https:\/\/serbenidorm.daliisolutions.com\/index.php\/wp-json\/wp\/v2\/media\/10491"}],"wp:attachment":[{"href":"https:\/\/serbenidorm.daliisolutions.com\/index.php\/wp-json\/wp\/v2\/media?parent=10490"}],"wp:term":[{"taxonomy":"category","embeddable":true,"href":"https:\/\/serbenidorm.daliisolutions.com\/index.php\/wp-json\/wp\/v2\/categories?post=10490"},{"taxonomy":"post_tag","embeddable":true,"href":"https:\/\/serbenidorm.daliisolutions.com\/index.php\/wp-json\/wp\/v2\/tags?post=10490"}],"curies":[{"name":"wp","href":"https:\/\/api.w.org\/{rel}","templated":true}]}}