{"id":10510,"date":"2024-11-22T07:14:13","date_gmt":"2024-11-22T06:14:13","guid":{"rendered":"https:\/\/serbenidorm.daliisolutions.com\/index.php\/2024\/11\/22\/el-gobierno-de-la-vila-joiosa-aprueba-el-reglamento-del-cementerio-y-rechaza-bajar-el-ibi\/"},"modified":"2024-11-22T07:14:13","modified_gmt":"2024-11-22T06:14:13","slug":"el-gobierno-de-la-vila-joiosa-aprueba-el-reglamento-del-cementerio-y-rechaza-bajar-el-ibi","status":"publish","type":"post","link":"https:\/\/serbenidorm.daliisolutions.com\/index.php\/2024\/11\/22\/el-gobierno-de-la-vila-joiosa-aprueba-el-reglamento-del-cementerio-y-rechaza-bajar-el-ibi\/","title":{"rendered":"El gobierno de La Vila Joiosa aprueba el reglamento del cementerio y rechaza bajar el IBI"},"content":{"rendered":"  <p><\/p>   <p>La Vila Joiosa<\/p>   <p>El pleno de La Vila Joiosa ha aprobado este jueves el reglamento de r\u00e9gimen interno del cementerio municipal, inexistente hasta el momento. Un reglamento que determina, entre otras cuestiones, los derechos funerarios con un per\u00edodo m\u00e1ximo de 75 a\u00f1os y la capacidad de las sepulturas.<\/p>   <p>En la sesi\u00f3n se ha dado luz verde adem\u00e1s para articular la carrera profesional del personal del ayuntamiento y la petici\u00f3n al Gobierno de Espa\u00f1a de derogar la implantaci\u00f3n obligatoria de la tasa de recogida de residuos urbanos. <\/p>  <p><p>M\u00e1s informaci\u00f3n<\/p><figure><img loading=\"lazy\" decoding=\"async\" src=\"https:\/\/cadenaser.com\/resizer\/v2\/LDICTITLVJEPBJG5HG426S42BQ.jpg?auth=fc2fd1f010862fd3850f20954129db5be3fd18f10366dcb0f96be9d45406b6b8&amp;quality=70&amp;width=360&amp;height=202&amp;smart=true\" width=\"820\" height=\"621\" \/><\/figure><ul><li><a href=\"https:\/\/cadenaser.com\/comunitat-valenciana\/2024\/11\/15\/el-pp-saca-adelante-los-presupuestos-de-la-vila-joiosa-con-el-apoyo-de-gent-per-la-vila-radio-benidorm\/\"><span>El PP saca adelante los presupuestos de La Vila Joiosa con el apoyo de Gent per La Vila<\/span><\/a><\/li><\/ul><\/p>   <p>Sin embargo, los votos del gobierno del PP y del \u00fanico edil de Gent Per La Vila tambi\u00e9n han servido para tumbar la propuesta del PSOE de bajar el IBI.<\/p>   <p>Los socialistas solicitaban a trav\u00e9s de una moci\u00f3n el estudio y la <a href=\"https:\/\/cadenaser.com\/tag\/vila_joiosa\/a\/\" target=\"_blank\">posible implementaci\u00f3n de una reducci\u00f3n del tipo de gravamen del Impuesto de Bienes Inmuebles (IBI) en hasta el 0,45 por ciento frente al 0,58 por ciento actual<\/a>. En esta ocasi\u00f3n, no se aprobaba ni el estudio de la propuesta. <\/p>   <p>S\u00ed ha salido adelante una propuesta presentada conjuntamente por los grupos municipales PP, PSOE, Comprom\u00eds y Gent per La Vila sobre la declaraci\u00f3n institucional del D\u00eda Internacional de la Eliminaci\u00f3n de la Violencia contra la Mujer el pr\u00f3ximo 25 de noviembre. Solo se ha desmarcado la ultraderecha de Vox.<\/p>   <p>     .c-w{         max-width:444px;         width:100%;         margin:32px auto;      background:#00755E;         border-radius:4px;         display:flex;         align-items:center;         justify-content:center;     }     .c-w a{         display:flex;         align-items:center;         justify-content:center;         padding:4px 24px;     }     .c-w img{         width:24px;         margin-right:12px;     }     .c-w p{         font:18px\/25px Poppins;         text-align:center;         color:#fff;         margin:0;     }     @media (max-width:444px){         .c-w a{             padding:4px 12px;         }         .c-w img{             width:24px;             margin-right:8px;         }         .c-w p{             font:14px\/25px Poppins;         }     }     @media (max-width:335px){         .c-w p{             font:13px\/25px Poppins;         }     }  <div class=\"c-w\">     <a href=\"https:\/\/www.whatsapp.com\/channel\/0029Va633PF9WtC4l7XUzh1e\" target=\"_blank\">         <img decoding=\"async\" src=\"https:\/\/cadenaser.com\/estaticos\/recursosgraficos\/responsive\/img\/ico-whatsapp.svg\" alt=\"Whatsapp\">         <p>\u00danete al <b>canal de WhatsApp<\/b> de la SER<\/p>     <\/a> <\/div><\/p> ","protected":false},"excerpt":{"rendered":"<p>Los socialistas propon\u00edan reducir el tipo impositivo al 0,45 %<\/p>\n","protected":false},"author":0,"featured_media":10511,"comment_status":"open","ping_status":"open","sticky":false,"template":"","format":"standard","meta":{"_acf_changed":false,"footnotes":""},"categories":[1],"tags":[],"class_list":["post-10510","post","type-post","status-publish","format-standard","has-post-thumbnail","hentry","category-sin-categoria"],"acf":{"ser_id":"5OSBXMPAE5FSLHAQ3TJAIPZUFU","ser_url":"https:\/\/cadenaser.com\/comunitat-valenciana\/2024\/11\/21\/el-gobierno-de-la-vila-joiosa-aprueba-el-reglamento-del-cementerio-y-rechaza-bajar-el-ibi-radio-benidorm\/"},"_links":{"self":[{"href":"https:\/\/serbenidorm.daliisolutions.com\/index.php\/wp-json\/wp\/v2\/posts\/10510","targetHints":{"allow":["GET"]}}],"collection":[{"href":"https:\/\/serbenidorm.daliisolutions.com\/index.php\/wp-json\/wp\/v2\/posts"}],"about":[{"href":"https:\/\/serbenidorm.daliisolutions.com\/index.php\/wp-json\/wp\/v2\/types\/post"}],"replies":[{"embeddable":true,"href":"https:\/\/serbenidorm.daliisolutions.com\/index.php\/wp-json\/wp\/v2\/comments?post=10510"}],"version-history":[{"count":0,"href":"https:\/\/serbenidorm.daliisolutions.com\/index.php\/wp-json\/wp\/v2\/posts\/10510\/revisions"}],"wp:featuredmedia":[{"embeddable":true,"href":"https:\/\/serbenidorm.daliisolutions.com\/index.php\/wp-json\/wp\/v2\/media\/10511"}],"wp:attachment":[{"href":"https:\/\/serbenidorm.daliisolutions.com\/index.php\/wp-json\/wp\/v2\/media?parent=10510"}],"wp:term":[{"taxonomy":"category","embeddable":true,"href":"https:\/\/serbenidorm.daliisolutions.com\/index.php\/wp-json\/wp\/v2\/categories?post=10510"},{"taxonomy":"post_tag","embeddable":true,"href":"https:\/\/serbenidorm.daliisolutions.com\/index.php\/wp-json\/wp\/v2\/tags?post=10510"}],"curies":[{"name":"wp","href":"https:\/\/api.w.org\/{rel}","templated":true}]}}