{"id":10512,"date":"2024-11-22T07:14:15","date_gmt":"2024-11-22T06:14:15","guid":{"rendered":"https:\/\/serbenidorm.daliisolutions.com\/index.php\/2024\/11\/22\/amparo-cumple-104-anos-la-receta-de-una-de-las-vecinas-mas-longevas-de-benidorm\/"},"modified":"2024-11-22T07:14:15","modified_gmt":"2024-11-22T06:14:15","slug":"amparo-cumple-104-anos-la-receta-de-una-de-las-vecinas-mas-longevas-de-benidorm","status":"publish","type":"post","link":"https:\/\/serbenidorm.daliisolutions.com\/index.php\/2024\/11\/22\/amparo-cumple-104-anos-la-receta-de-una-de-las-vecinas-mas-longevas-de-benidorm\/","title":{"rendered":"Amparo cumple 104 a\u00f1os: la receta de una de las vecinas m\u00e1s longevas de Benidorm"},"content":{"rendered":"  <p><\/p>   <p>Benidorm<\/p>   <p>Hace nueves meses, en febrero, celebramos con ella el D\u00eda Mundial de la Radio. Amparo, que hoy cumple 104 a\u00f1os, es <a href=\"https:\/\/cadenaser.com\/tag\/benidorm\/a\/\" target=\"_blank\">vecina e historia viva de Benidorm<\/a> adem\u00e1s de la afiliada a la ONCE m\u00e1s longeva de la provincia de Alicante.<\/p>   <p>Este jueves hemos vuelto a visitarla y felicitarla junto al director de la organizaci\u00f3n de personas ciegas en las marinas Vicente V\u00e1zquez y ha resumido su receta en una vida normal: \u00abNo he bebido, no he fumado, todo normal y dieta valenciana\u00bb.<\/p>  <p><p>M\u00e1s informaci\u00f3n<\/p><figure><img loading=\"lazy\" decoding=\"async\" src=\"https:\/\/cadenaser.com\/resizer\/v2\/SYGMWOJGHJBRTARFQALJH2E2EE.jpeg?auth=65601926d7f16513df48897da3b48464d6317918ceb9c45edd9d8b0634510721&amp;quality=70&amp;width=360&amp;height=202&amp;smart=true\" width=\"820\" height=\"621\" \/><\/figure><ul><li><a href=\"https:\/\/cadenaser.com\/comunitat-valenciana\/2024\/02\/13\/benidorm-en-la-memoria-de-amparo-la-afiliada-a-la-once-mas-longeva-de-alicante-radio-benidorm\/\"><span>D\u00eda Mundial de la Radio: Benidorm en la memoria de Amparo<\/span><\/a><\/li><\/ul><\/p>   <p>Su cuidadora, Sara, nos cuenta c\u00f3mo es el trabajo diario junto a una persona centenaria, c\u00f3mo Amparo no quiere saber nada de la muerte y reitera la importancia que tiene la radio en su vida diaria.<\/p>   <p>Amparo ha ido a primera hora de la ma\u00f1ana a la peluquer\u00eda. Este es un d\u00eda de recibir visitas, no solo de familiares si no tambi\u00e9n de autoridades municipales que el pasado verano dedicaron a una calle a su t\u00edo, el sacerdote e historiador Lu\u00eds Duart, como ella misma celebra.<\/p>   <p>Algunas de las \u00e1nforas que todav\u00eda conserva en casa del yacimiento del Tossal de la Cala van a ser donadas ahora al Ayuntamiento para su exhibici\u00f3n. Amparo, que asegura visitar poco al m\u00e9dico y tener un estado de salud casi perfecto, presta mucha atenci\u00f3n a difundir el legado de su t\u00edo.<\/p>   <p>     .c-w{         max-width:444px;         width:100%;         margin:32px auto;      background:#00755E;         border-radius:4px;         display:flex;         align-items:center;         justify-content:center;     }     .c-w a{         display:flex;         align-items:center;         justify-content:center;         padding:4px 24px;     }     .c-w img{         width:24px;         margin-right:12px;     }     .c-w p{         font:18px\/25px Poppins;         text-align:center;         color:#fff;         margin:0;     }     @media (max-width:444px){         .c-w a{             padding:4px 12px;         }         .c-w img{             width:24px;             margin-right:8px;         }         .c-w p{             font:14px\/25px Poppins;         }     }     @media (max-width:335px){         .c-w p{             font:13px\/25px Poppins;         }     }  <div class=\"c-w\">     <a href=\"https:\/\/www.whatsapp.com\/channel\/0029Va633PF9WtC4l7XUzh1e\" target=\"_blank\">         <img decoding=\"async\" src=\"https:\/\/cadenaser.com\/estaticos\/recursosgraficos\/responsive\/img\/ico-whatsapp.svg\" alt=\"Whatsapp\">         <p>\u00danete al <b>canal de WhatsApp<\/b> de la SER<\/p>     <\/a> <\/div><\/p> ","protected":false},"excerpt":{"rendered":"<p>Sobrina del hist\u00f3rico sacerdote Lu\u00eds Duart, va a donar algunas de las \u00e1nforas que descubri\u00f3 su t\u00edo en el Tossal de la Cala<\/p>\n","protected":false},"author":0,"featured_media":10513,"comment_status":"open","ping_status":"open","sticky":false,"template":"","format":"standard","meta":{"_acf_changed":false,"footnotes":""},"categories":[1],"tags":[],"class_list":["post-10512","post","type-post","status-publish","format-standard","has-post-thumbnail","hentry","category-sin-categoria"],"acf":{"ser_id":"5VW5SFHIGRCKDNMXYPNBBLKTKE","ser_url":"https:\/\/cadenaser.com\/comunitat-valenciana\/2024\/11\/21\/amparo-cumple-104-anos-la-receta-de-una-de-las-vecinas-mas-longevas-de-benidorm-radio-benidorm\/"},"_links":{"self":[{"href":"https:\/\/serbenidorm.daliisolutions.com\/index.php\/wp-json\/wp\/v2\/posts\/10512","targetHints":{"allow":["GET"]}}],"collection":[{"href":"https:\/\/serbenidorm.daliisolutions.com\/index.php\/wp-json\/wp\/v2\/posts"}],"about":[{"href":"https:\/\/serbenidorm.daliisolutions.com\/index.php\/wp-json\/wp\/v2\/types\/post"}],"replies":[{"embeddable":true,"href":"https:\/\/serbenidorm.daliisolutions.com\/index.php\/wp-json\/wp\/v2\/comments?post=10512"}],"version-history":[{"count":0,"href":"https:\/\/serbenidorm.daliisolutions.com\/index.php\/wp-json\/wp\/v2\/posts\/10512\/revisions"}],"wp:featuredmedia":[{"embeddable":true,"href":"https:\/\/serbenidorm.daliisolutions.com\/index.php\/wp-json\/wp\/v2\/media\/10513"}],"wp:attachment":[{"href":"https:\/\/serbenidorm.daliisolutions.com\/index.php\/wp-json\/wp\/v2\/media?parent=10512"}],"wp:term":[{"taxonomy":"category","embeddable":true,"href":"https:\/\/serbenidorm.daliisolutions.com\/index.php\/wp-json\/wp\/v2\/categories?post=10512"},{"taxonomy":"post_tag","embeddable":true,"href":"https:\/\/serbenidorm.daliisolutions.com\/index.php\/wp-json\/wp\/v2\/tags?post=10512"}],"curies":[{"name":"wp","href":"https:\/\/api.w.org\/{rel}","templated":true}]}}