{"id":10516,"date":"2024-11-22T07:14:18","date_gmt":"2024-11-22T06:14:18","guid":{"rendered":"https:\/\/serbenidorm.daliisolutions.com\/index.php\/2024\/11\/22\/fin-de-semana-de-alto-voltaje-para-el-voley-de-la-marina-baixa\/"},"modified":"2024-11-22T07:14:18","modified_gmt":"2024-11-22T06:14:18","slug":"fin-de-semana-de-alto-voltaje-para-el-voley-de-la-marina-baixa","status":"publish","type":"post","link":"https:\/\/serbenidorm.daliisolutions.com\/index.php\/2024\/11\/22\/fin-de-semana-de-alto-voltaje-para-el-voley-de-la-marina-baixa\/","title":{"rendered":"Fin de semana de alto voltaje para el v\u00f3ley de la Marina Baixa"},"content":{"rendered":"  <p><\/p>   <p>Benidorm<\/p>   <p>La comarca de la Marina Baixa afronta este fin de semana la jornada de m\u00e1s alto voltaje en lo que va de temporada para los tres equipos de la regi\u00f3n en la Superliga 2, la categor\u00eda de plata del v\u00f3ley nacional.<\/p>   <p>Por un lado, los equipos femeninos del <a href=\"https:\/\/cadenaser.com\/tag\/club_voleibol_finestrat\/a\/\" target=\"_blank\">Medsur-Finestrat<\/a> y el <a href=\"https:\/\/cadenaser.com\/tag\/club_voleibol_playas_benidorm\/a\/\" target=\"_blank\">Club Voleibol Playas de Benidorm<\/a> se medir\u00e1n el s\u00e1bado (19:30 horas) en casa del primero de ellos en el siempre apasionante derbi comarcal que, en esta ocasi\u00f3n, llega con ambos rivales necesitados de darle la vuelta a su irregular arranque de temporada.<\/p>   <p>Las m\u00e1s necesitadas, al menos si hacemos caso a lo que dicta la clasificaci\u00f3n, son las finestratenses, que ocupan la antepen\u00faltima posici\u00f3n con cuatro puntos tras haber conseguido una sola victoria en los seis partidos ya disputados.<\/p>  <p><p>M\u00e1s informaci\u00f3n<\/p><figure><img loading=\"lazy\" decoding=\"async\" src=\"https:\/\/cadenaser.com\/resizer\/v2\/7TPHZLTOPNEVRHBDISODCMNOQU.jpg?auth=5734c3cd152c91a7dbdce0318636f67f00d0b49024eaa0729a8836509cc536cb&amp;quality=70&amp;width=360&amp;height=202&amp;smart=true\" width=\"820\" height=\"621\" \/><\/figure><ul><li><a href=\"https:\/\/cadenaser.com\/comunitat-valenciana\/2024\/09\/02\/todos-los-partidos-horarios-y-resultados-del-voleibol-radio-benidorm\/\"><span>Todos los partidos, horarios y resultados del voleibol<\/span><\/a><\/li><\/ul><\/p>   <p>Las visitantes, por su parte, navegan este a\u00f1o lejos de la pelea por meterse en la fase de ascenso a la m\u00e1xima categor\u00eda y necesitan, sobre todo en el plano an\u00edmico, volver a ser ese equipo constante que s\u00ed demostr\u00f3 ser en otras temporadas.<\/p>   <p><b>Los chicos, a por la Copa<\/b><\/p>   <p>Muy distintas son las sensaciones en el plano masculino. Ah\u00ed, el <a href=\"https:\/\/cadenaser.com\/tag\/club_voleibol_playas_benidorm\/a\/\" target=\"_blank\">Servigroup Benidorm<\/a> ha contado por victoria (de tres puntos) las siete jornadas ya disputadas, lo que les ha colocado no s\u00f3lo como el claro l\u00edder de la clasificaci\u00f3n, con seis puntos de ventaja sobre el Legan\u00e9s, segundo clasificado; sino como el m\u00e1ximo favorito a todo.<\/p>   <p>     .c-w{         max-width:444px;         width:100%;         margin:32px auto;      background:#00755E;         border-radius:4px;         display:flex;         align-items:center;         justify-content:center;     }     .c-w a{         display:flex;         align-items:center;         justify-content:center;         padding:4px 24px;     }     .c-w img{         width:24px;         margin-right:12px;     }     .c-w p{         font:18px\/25px Poppins;         text-align:center;         color:#fff;         margin:0;     }     @media (max-width:444px){         .c-w a{             padding:4px 12px;         }         .c-w img{             width:24px;             margin-right:8px;         }         .c-w p{             font:14px\/25px Poppins;         }     }     @media (max-width:335px){         .c-w p{             font:13px\/25px Poppins;         }     }  <div class=\"c-w\">     <a href=\"https:\/\/www.whatsapp.com\/channel\/0029Va633PF9WtC4l7XUzh1e\" target=\"_blank\">         <img decoding=\"async\" src=\"https:\/\/cadenaser.com\/estaticos\/recursosgraficos\/responsive\/img\/ico-whatsapp.svg\" alt=\"Whatsapp\">         <p>\u00danete al <b>canal de WhatsApp<\/b> de la SER<\/p>     <\/a> <\/div><\/p>   <p>Y para seguir afianz\u00e1ndose como el equipo a batir de la categor\u00eda, los de Adriano Lamb buscan este s\u00e1bado (19:00 horas) seguir con su fenomenal racha ante el Villena-Petrer, un rival directo (tercer clasificado a siete puntos de distancia) en la lucha por la fase de ascenso.<\/p>   <p>En caso de sumar una nueva victoria, adem\u00e1s, el equipo del pabell\u00f3n Ra\u00fal Mesa dejar\u00eda matem\u00e1ticamente amarrada su presencia en la pr\u00f3xima edici\u00f3n de la Copa del Rey y lo har\u00eda con tres jornadas de adelanto para el final de la primera vuelta, lo que supondr\u00eda otro importante golpe sobre la mesa de los benidormenses.<\/p> ","protected":false},"excerpt":{"rendered":"<p>La Superliga 2 femenina nos deja el derbi comarcal y el equipo masculino busca amarrar la Copa del Pr\u00edncipe<\/p>\n","protected":false},"author":0,"featured_media":10517,"comment_status":"open","ping_status":"open","sticky":false,"template":"","format":"standard","meta":{"_acf_changed":false,"footnotes":""},"categories":[16],"tags":[],"class_list":["post-10516","post","type-post","status-publish","format-standard","has-post-thumbnail","hentry","category-deportes"],"acf":{"ser_id":"23LKSJHXY5D5FLJAFXL33AYWFQ","ser_url":"https:\/\/cadenaser.com\/comunitat-valenciana\/2024\/11\/21\/fin-de-semana-de-alto-voltaje-para-el-voley-de-la-marina-baixa-radio-benidorm\/"},"_links":{"self":[{"href":"https:\/\/serbenidorm.daliisolutions.com\/index.php\/wp-json\/wp\/v2\/posts\/10516","targetHints":{"allow":["GET"]}}],"collection":[{"href":"https:\/\/serbenidorm.daliisolutions.com\/index.php\/wp-json\/wp\/v2\/posts"}],"about":[{"href":"https:\/\/serbenidorm.daliisolutions.com\/index.php\/wp-json\/wp\/v2\/types\/post"}],"replies":[{"embeddable":true,"href":"https:\/\/serbenidorm.daliisolutions.com\/index.php\/wp-json\/wp\/v2\/comments?post=10516"}],"version-history":[{"count":0,"href":"https:\/\/serbenidorm.daliisolutions.com\/index.php\/wp-json\/wp\/v2\/posts\/10516\/revisions"}],"wp:featuredmedia":[{"embeddable":true,"href":"https:\/\/serbenidorm.daliisolutions.com\/index.php\/wp-json\/wp\/v2\/media\/10517"}],"wp:attachment":[{"href":"https:\/\/serbenidorm.daliisolutions.com\/index.php\/wp-json\/wp\/v2\/media?parent=10516"}],"wp:term":[{"taxonomy":"category","embeddable":true,"href":"https:\/\/serbenidorm.daliisolutions.com\/index.php\/wp-json\/wp\/v2\/categories?post=10516"},{"taxonomy":"post_tag","embeddable":true,"href":"https:\/\/serbenidorm.daliisolutions.com\/index.php\/wp-json\/wp\/v2\/tags?post=10516"}],"curies":[{"name":"wp","href":"https:\/\/api.w.org\/{rel}","templated":true}]}}