{"id":10518,"date":"2024-11-22T07:14:18","date_gmt":"2024-11-22T06:14:18","guid":{"rendered":"https:\/\/serbenidorm.daliisolutions.com\/index.php\/2024\/11\/22\/el-balonmano-benidorm-afronta-este-viernes-una-final-ante-el-huesca\/"},"modified":"2024-11-22T07:14:18","modified_gmt":"2024-11-22T06:14:18","slug":"el-balonmano-benidorm-afronta-este-viernes-una-final-ante-el-huesca","status":"publish","type":"post","link":"https:\/\/serbenidorm.daliisolutions.com\/index.php\/2024\/11\/22\/el-balonmano-benidorm-afronta-este-viernes-una-final-ante-el-huesca\/","title":{"rendered":"El Balonmano Benidorm afronta este viernes una \u2018final\u2019 ante el Huesca"},"content":{"rendered":"  <p><\/p>   <p>Benidorm<\/p>   <p>Un mes y dos d\u00edas habr\u00e1n pasado ma\u00f1ana viernes (20:30 horas) desde <a href=\"https:\/\/cadenaser.com\/comunitat-valenciana\/2024\/10\/20\/dolorosa-y-polemica-derrota-del-balonmano-benidorm-frente-a-logrono-radio-benidorm\/\" target=\"_blank\">la \u00faltima vez que el Servigroup Balonmano Benidorm actuara como local<\/a> en el Palau d\u2019Esports l\u2019Illa de Benidorm, una ausencia que cerrar\u00e1 midi\u00e9ndose al Huesca en un partido de vital importancia para ambos conjuntos y en el que los de Sergio Carballeira necesitan cortar por lo sano <a href=\"https:\/\/cadenaser.com\/comunitat-valenciana\/2024\/08\/08\/todos-los-partidos-horarios-y-resultados-del-balonmano-servigroup-benidorm-radio-benidorm\/\" target=\"_blank\">la mala racha de resultados que les ha llevado a encadenar cinco partidos sin conocer la victoria<\/a> con un balance de un empate y cuatro derrotas.<\/p>  <p><p>M\u00e1s informaci\u00f3n<\/p><figure><img loading=\"lazy\" decoding=\"async\" src=\"https:\/\/cadenaser.com\/resizer\/v2\/MLI35A2MWNE7ZJMR4RTW3ATLCM.JPG?auth=64abb52c76b934d546ba5acdabd485355967935e4ad1905a24074ec5260b07e3&amp;quality=70&amp;width=360&amp;height=202&amp;smart=true\" width=\"820\" height=\"621\" \/><\/figure><ul><li><a href=\"https:\/\/cadenaser.com\/comunitat-valenciana\/2024\/08\/08\/todos-los-partidos-horarios-y-resultados-del-balonmano-servigroup-benidorm-radio-benidorm\/\"><span>Todos los partidos, horarios y resultados del Balonmano Servigroup Benidorm<\/span><\/a><\/li><\/ul><\/p>   <p>Los oscenses llegan Benidorm ocupando la \u00faltima plaza de la <a href=\"https:\/\/cadenaser.com\/tag\/liga_asobal\/a\/\" target=\"_blank\">Liga Asobal<\/a>, una posici\u00f3n que es se\u00f1alada por todos como \u2018enga\u00f1osa\u2019 ya que, de las nueve jornadas ya disputadas, ha disputado seis como visitante, lo que siempre juega en contra de los intereses particulares del equipo.<\/p>   <p>El Huesca llega al Palau d\u2019Esports a dos puntos de distancia de un <a href=\"https:\/\/cadenaser.com\/tag\/club_balonmano_benidorm\/a\/\" target=\"_blank\">Servigroup Benidorm<\/a> que, eso s\u00ed, suma un partido menos que su rival, un choque que tuvo que ser aplazado en su momento por el par\u00f3n del deporte valenciano a causa de la DANA y que recuperar\u00e1n el pr\u00f3ximo mi\u00e9rcoles en la cancha del Aranda.<\/p>   <p>El entrenador de Benidorm conf\u00eda en que el Palau d\u2019Esports l\u2019Illa lleve en volandas a sus jugadores y hagan valer su condici\u00f3n de equipo de casa. Para este partido, Carballeira seguir\u00e1 sin contar con Lucas Moscariello que sigue cedido en Kuwait y que se reincorporar\u00e1 ya este pr\u00f3ximo lunes a los entrenamientos del Servigroup Hoteles Benidorm.<\/p> ","protected":false},"excerpt":{"rendered":"<p>Los de Sergio Carballeira vuelven al Palau m\u00e1s de un mes despu\u00e9s de su \u00faltimo partido como locales<\/p>\n","protected":false},"author":0,"featured_media":10519,"comment_status":"open","ping_status":"open","sticky":false,"template":"","format":"standard","meta":{"_acf_changed":false,"footnotes":""},"categories":[16],"tags":[],"class_list":["post-10518","post","type-post","status-publish","format-standard","has-post-thumbnail","hentry","category-deportes"],"acf":{"ser_id":"PVK63SLXTNFH5OGW32QDETGJ5A","ser_url":"https:\/\/cadenaser.com\/comunitat-valenciana\/2024\/11\/21\/el-balonmano-benidorm-afronta-este-viernes-una-final-ante-el-huesca-radio-benidorm\/"},"_links":{"self":[{"href":"https:\/\/serbenidorm.daliisolutions.com\/index.php\/wp-json\/wp\/v2\/posts\/10518","targetHints":{"allow":["GET"]}}],"collection":[{"href":"https:\/\/serbenidorm.daliisolutions.com\/index.php\/wp-json\/wp\/v2\/posts"}],"about":[{"href":"https:\/\/serbenidorm.daliisolutions.com\/index.php\/wp-json\/wp\/v2\/types\/post"}],"replies":[{"embeddable":true,"href":"https:\/\/serbenidorm.daliisolutions.com\/index.php\/wp-json\/wp\/v2\/comments?post=10518"}],"version-history":[{"count":0,"href":"https:\/\/serbenidorm.daliisolutions.com\/index.php\/wp-json\/wp\/v2\/posts\/10518\/revisions"}],"wp:featuredmedia":[{"embeddable":true,"href":"https:\/\/serbenidorm.daliisolutions.com\/index.php\/wp-json\/wp\/v2\/media\/10519"}],"wp:attachment":[{"href":"https:\/\/serbenidorm.daliisolutions.com\/index.php\/wp-json\/wp\/v2\/media?parent=10518"}],"wp:term":[{"taxonomy":"category","embeddable":true,"href":"https:\/\/serbenidorm.daliisolutions.com\/index.php\/wp-json\/wp\/v2\/categories?post=10518"},{"taxonomy":"post_tag","embeddable":true,"href":"https:\/\/serbenidorm.daliisolutions.com\/index.php\/wp-json\/wp\/v2\/tags?post=10518"}],"curies":[{"name":"wp","href":"https:\/\/api.w.org\/{rel}","templated":true}]}}