{"id":10520,"date":"2024-11-22T07:14:20","date_gmt":"2024-11-22T06:14:20","guid":{"rendered":"https:\/\/serbenidorm.daliisolutions.com\/index.php\/2024\/11\/22\/arranca-una-copa-del-mundo-de-ciclocross-que-puede-ser-historica-para-felipe-orts\/"},"modified":"2024-11-22T07:14:20","modified_gmt":"2024-11-22T06:14:20","slug":"arranca-una-copa-del-mundo-de-ciclocross-que-puede-ser-historica-para-felipe-orts","status":"publish","type":"post","link":"https:\/\/serbenidorm.daliisolutions.com\/index.php\/2024\/11\/22\/arranca-una-copa-del-mundo-de-ciclocross-que-puede-ser-historica-para-felipe-orts\/","title":{"rendered":"Arranca una Copa del Mundo de ciclocross que puede ser hist\u00f3rica para Felipe Orts"},"content":{"rendered":"  <p><\/p>   <p>Benidorm<\/p>   <p>Tras haber disputado ya once pruebas en lo que llevamos de invierno deportivo, el vilero <a href=\"https:\/\/cadenaser.com\/tag\/felipe_orts_lloret\/a\/\" target=\"_blank\">Felipe Orts<\/a> se enfrenta este fin de semana, como lo har\u00e1n el resto de las grandes estrellas del <a href=\"https:\/\/cadenaser.com\/tag\/ciclocross\/a\/\" target=\"_blank\">ciclocross<\/a> internacional, al inicio de la Copa del Mundo, el torneo m\u00e1s importante de la especialidad invernal del ciclismo y que, conformado por un total de doce citas puntuables, <a href=\"https:\/\/cadenaser.com\/comunitat-valenciana\/2024\/11\/14\/la-copa-del-mundo-de-ciclocross-de-benidorm-se-adentrara-mas-en-el-moralet-radio-benidorm\/\" target=\"_blank\">visitar\u00e1 Benidorm el pr\u00f3ximo d\u00eda 19 de enero por tercer a\u00f1o consecutivo<\/a>.<\/p>   <p>Esta edici\u00f3n de la Copa del Mundo puede ser, adem\u00e1s, hist\u00f3rica para el ciclismo espa\u00f1ol, que tiene m\u00e1s opciones que nunca de ver, al fin, a uno de sus representantes hollando un podio en esta prestigiosa \u2018challenge\u2019, un logro que parece tener a su alcance, sobre todo, despu\u00e9s de <a href=\"https:\/\/cadenaser.com\/comunitat-valenciana\/2024\/11\/03\/felipe-orts-subcampeon-de-europa-radio-benidorm\/\" target=\"_blank\">haberse proclamado subcampe\u00f3n de Europa<\/a> y haberse <a href=\"https:\/\/cadenaser.com\/comunitat-valenciana\/2024\/11\/17\/felipe-orts-hace-rutina-de-lo-extraordinario-radio-benidorm\/\" target=\"_blank\">subido al caj\u00f3n en cuatro de las \u00faltimas cinco carreras disputadas<\/a>.<\/p>   <p>Esa primera carrera de la Copa del Mundo se disputar\u00e1 este domingo en la ciudad belga de Amberes arrancando as\u00ed un frenes\u00ed que llevar\u00e1 a los mejores especialistas a visitar Dubl\u00edn (1 de diciembre), Cerde\u00f1a (8 de diciembre), Namur (15 de diciembre), Hulst (21 de diciembre), Zonhoven (22 de diciembre), Gavere (26 de diciembre), Besan\u00e7on (29 de diciembre) y Dendermonde (5 de enero) antes de hacer esa parada en Benidorm del d\u00eda 19 de enero. Despu\u00e9s, ya s\u00f3lo restar\u00e1n las pruebas de Maasmechelen (25 de enero) y Hoogerheide (26 de enero).<\/p> ","protected":false},"excerpt":{"rendered":"<p>Tras su gran arranque de temporada, el ciclista vilero parece estar m\u00e1s cerca que nunca de poder brindar el primer podio de la historia para Espa\u00f1a<\/p>\n","protected":false},"author":0,"featured_media":10521,"comment_status":"open","ping_status":"open","sticky":false,"template":"","format":"standard","meta":{"_acf_changed":false,"footnotes":""},"categories":[16],"tags":[],"class_list":["post-10520","post","type-post","status-publish","format-standard","has-post-thumbnail","hentry","category-deportes"],"acf":{"ser_id":"7VELZAVVINBHPF5MOF5OU2GHUA","ser_url":"https:\/\/cadenaser.com\/comunitat-valenciana\/2024\/11\/21\/arranca-una-copa-del-mundo-de-ciclocross-que-puede-ser-historica-para-felipe-orts-radio-benidorm\/"},"_links":{"self":[{"href":"https:\/\/serbenidorm.daliisolutions.com\/index.php\/wp-json\/wp\/v2\/posts\/10520","targetHints":{"allow":["GET"]}}],"collection":[{"href":"https:\/\/serbenidorm.daliisolutions.com\/index.php\/wp-json\/wp\/v2\/posts"}],"about":[{"href":"https:\/\/serbenidorm.daliisolutions.com\/index.php\/wp-json\/wp\/v2\/types\/post"}],"replies":[{"embeddable":true,"href":"https:\/\/serbenidorm.daliisolutions.com\/index.php\/wp-json\/wp\/v2\/comments?post=10520"}],"version-history":[{"count":0,"href":"https:\/\/serbenidorm.daliisolutions.com\/index.php\/wp-json\/wp\/v2\/posts\/10520\/revisions"}],"wp:featuredmedia":[{"embeddable":true,"href":"https:\/\/serbenidorm.daliisolutions.com\/index.php\/wp-json\/wp\/v2\/media\/10521"}],"wp:attachment":[{"href":"https:\/\/serbenidorm.daliisolutions.com\/index.php\/wp-json\/wp\/v2\/media?parent=10520"}],"wp:term":[{"taxonomy":"category","embeddable":true,"href":"https:\/\/serbenidorm.daliisolutions.com\/index.php\/wp-json\/wp\/v2\/categories?post=10520"},{"taxonomy":"post_tag","embeddable":true,"href":"https:\/\/serbenidorm.daliisolutions.com\/index.php\/wp-json\/wp\/v2\/tags?post=10520"}],"curies":[{"name":"wp","href":"https:\/\/api.w.org\/{rel}","templated":true}]}}