{"id":10522,"date":"2024-11-22T07:14:22","date_gmt":"2024-11-22T06:14:22","guid":{"rendered":"https:\/\/serbenidorm.daliisolutions.com\/index.php\/2024\/11\/22\/duelo-de-extremos-para-el-benidorm-en-tercera-rfef\/"},"modified":"2024-11-22T07:14:22","modified_gmt":"2024-11-22T06:14:22","slug":"duelo-de-extremos-para-el-benidorm-en-tercera-rfef","status":"publish","type":"post","link":"https:\/\/serbenidorm.daliisolutions.com\/index.php\/2024\/11\/22\/duelo-de-extremos-para-el-benidorm-en-tercera-rfef\/","title":{"rendered":"Duelo de extremos para el Benidorm en Tercera RFEF"},"content":{"rendered":"  <p><\/p>   <p>Benidorm<\/p>   <p>La Tercera RFEF llega este a\u00f1o a su duod\u00e9cima jornada de competici\u00f3n con un complicad\u00edsimo compromiso para los intereses del C.F. Benidorm, que visita la cancha del Atl\u00e9tico Saguntino, actual l\u00edder destacado de la tabla y, por lo tanto, un examen complicad\u00edsimo para el equipo de Miguel \u00c1ngel Mart\u00ednez, que ocupa la posici\u00f3n de colista, pero que no renuncia a poder dar la gran sorpresa de la jornada.<\/p>   <p>Todo ello, si no se produce ninguna sorpresa de \u00faltima hora, de que el equipo de nuestra ciudad regrese, al fin, al Guillermo Amor. Despu\u00e9s de haber tenido que cancelar esa vuelta la pasada semana, fuentes de la entidad han confirmado a Radio Benidorm-SER que, finalmente, ser\u00e1 en la decimotercera jornada, ante el Torrellano, un rival directo en la zona baja, cuando los benidormenses regresen a su estadio.<\/p>   <p><b>El C.F. La Nuc\u00eda, a seguir sumando<\/b><\/p>   <p>Por su parte, el C.F. La Nuc\u00eda afronta este fin de semana su primera oportunidad matem\u00e1tica de meterse en los puestos de promoci\u00f3n de ascenso. Para lograrlo, eso s\u00ed, no dependen de s\u00ed mismos ya que, adem\u00e1s de sumar los tres puntos el domingo (18:00 horas) en el Camilo Cano ante el Torrellano, deber\u00e1n confiar en diversos tropiezos de los equipos que le preceden en la clasificaci\u00f3n.<\/p>   <p>En cualquier caso, la buena noticia es que los de Berna Ballester parecen haber encontrado, al fin, el camino de la regularidad y conf\u00edan en poder sumar el que ser\u00eda su cuarto partido consecutivo sin perder.<\/p> ","protected":false},"excerpt":{"rendered":"<p>La Nuc\u00eda buscar\u00e1 en el Camilo Cano su cuarto partido consecutivo son perder<\/p>\n","protected":false},"author":0,"featured_media":10523,"comment_status":"open","ping_status":"open","sticky":false,"template":"","format":"standard","meta":{"_acf_changed":false,"footnotes":""},"categories":[16],"tags":[],"class_list":["post-10522","post","type-post","status-publish","format-standard","has-post-thumbnail","hentry","category-deportes"],"acf":{"ser_id":"MPUZDC6RZRFZNMVBEUHHTK7BTQ","ser_url":"https:\/\/cadenaser.com\/comunitat-valenciana\/2024\/11\/21\/duelo-de-extremos-para-el-benidorm-en-tercera-rfef-radio-benidorm\/"},"_links":{"self":[{"href":"https:\/\/serbenidorm.daliisolutions.com\/index.php\/wp-json\/wp\/v2\/posts\/10522","targetHints":{"allow":["GET"]}}],"collection":[{"href":"https:\/\/serbenidorm.daliisolutions.com\/index.php\/wp-json\/wp\/v2\/posts"}],"about":[{"href":"https:\/\/serbenidorm.daliisolutions.com\/index.php\/wp-json\/wp\/v2\/types\/post"}],"replies":[{"embeddable":true,"href":"https:\/\/serbenidorm.daliisolutions.com\/index.php\/wp-json\/wp\/v2\/comments?post=10522"}],"version-history":[{"count":0,"href":"https:\/\/serbenidorm.daliisolutions.com\/index.php\/wp-json\/wp\/v2\/posts\/10522\/revisions"}],"wp:featuredmedia":[{"embeddable":true,"href":"https:\/\/serbenidorm.daliisolutions.com\/index.php\/wp-json\/wp\/v2\/media\/10523"}],"wp:attachment":[{"href":"https:\/\/serbenidorm.daliisolutions.com\/index.php\/wp-json\/wp\/v2\/media?parent=10522"}],"wp:term":[{"taxonomy":"category","embeddable":true,"href":"https:\/\/serbenidorm.daliisolutions.com\/index.php\/wp-json\/wp\/v2\/categories?post=10522"},{"taxonomy":"post_tag","embeddable":true,"href":"https:\/\/serbenidorm.daliisolutions.com\/index.php\/wp-json\/wp\/v2\/tags?post=10522"}],"curies":[{"name":"wp","href":"https:\/\/api.w.org\/{rel}","templated":true}]}}